{"id":92748,"date":"2020-07-18T07:25:22","date_gmt":"2020-07-18T11:25:22","guid":{"rendered":"https:\/\/linitiative.ca\/International\/luca-tient-la-10e-reunion-de-son-conseil-au-titre-du-mandat-2018-2020\/"},"modified":"2020-07-18T07:25:22","modified_gmt":"2020-07-18T11:25:22","slug":"luca-tient-la-10e-reunion-de-son-conseil-au-titre-du-mandat-2018-2020","status":"publish","type":"post","link":"https:\/\/linitiative.ca\/International\/luca-tient-la-10e-reunion-de-son-conseil-au-titre-du-mandat-2018-2020\/","title":{"rendered":"L\u2019UCA tient la 10\u00e8 r\u00e9union de son conseil au titre du mandat 2018-2020"},"content":{"rendered":"<div readability=\"34\">\n<p>Marrakech \u2013 L\u2019Universit\u00e9 Cadi Ayyad de Marrakech (UCAM) a tenu vendredi, les travaux de la 10\u00e8 r\u00e9union de son conseil au titre du mandat 2018-2020.<\/p>\n<\/div>\n<div readability=\"128\">\n<p>A l\u2019ordre du jour de ce conseil figuraient l\u2019approbation du proc\u00e8s-verbal du 8\u00e8me conseil de l\u2019universit\u00e9 tenu les 17 janvier et 11 f\u00e9vrier derniers ainsi que le 9\u00e8me conseil extraordinaire tenu par visioconf\u00e9rence le 16 juin dernier.<\/p>\n<p>A cette occasion, le pr\u00e9sident de l\u2019UCA, Moulay Lhassan Hbid, a pr\u00e9sent\u00e9 le bilan de l\u2019ann\u00e9e universitaire pr\u00e9c\u00e9dente (juillet 2019-juillet 2020), tout en mettant l\u2019accent sur les axes strat\u00e9giques de l\u2019UCA \u00e0 savoir l\u2019efficience manag\u00e9riale, l\u2019ancrage territorial, l\u2019internationalisation et la digitalisation.<\/p>\n<p>Concernant le premier axe, cet \u00e9tablissement d\u2019enseignement sup\u00e9rieur a opt\u00e9 pour le renforcement du pilotage des \u00e9tablissements, une gestion participative pour plus d\u2019implication des instances dans la prise de d\u00e9cision, le renforcement de la capacit\u00e9 de production scientifique, \u00e0 travers le regroupement des comp\u00e9tences, l\u2019accr\u00e9ditation de 67 Laboratoires et 3 Centres, la r\u00e9partition du budget sur les structures de recherche sur la base de la productivit\u00e9; outre l\u2019augmentation du budget allou\u00e9 aux structures accr\u00e9dit\u00e9es, passant de 7MDH \u00e0 9 MDH.<\/p>\n<p>Il s\u2019agit aussi de l\u2019harmonisation des crit\u00e8res entre \u00e9tablissements pour plus d\u2019\u00e9quit\u00e9 et de transparence et l\u2019acc\u00e9l\u00e9ration dans l\u2019ex\u00e9cution des projets en cours (campus de Tamansourt, l\u2019EST d\u2019El Kela\u00e2 des Sraghna, Cit\u00e9 de l\u2019innovation de Marrakech, Centre de langue appliqu\u00e9e, centre de conf\u00e9rence de l\u2019universit\u00e9 entre autres), a-t-il expliqu\u00e9.<\/p>\n<p>S\u2019agissant de la digitalisation du syst\u00e8me d\u2019information de l\u2019UCA, M. Hbid a relev\u00e9 que cet axe se traduit par la mise en place de la plateforme UCA Campus Num\u00e9rique pour l\u2019enseignement \u00e0 distance pour les enseignants et les \u00e9tudiants sur l\u2019usage de la plateforme eCampus (planification des s\u00e9ances de cours, d\u00e9p\u00f4t des cours, d\u00e9p\u00f4ts des activit\u00e9s, etc.), l\u2019adoption d\u2019\u00a0\u00bbApog\u00e9e\u00a0\u00bb comme seule base de donn\u00e9es pour toutes les activit\u00e9s p\u00e9dagogiques et Uc@Rech comme seule base de donn\u00e9es pour toutes les activit\u00e9s de recherche scientifique.<\/p>\n<p>Il s\u2019agit aussi de digitaliser le courrier et fluidifier la circulation de l\u2019information par la g\u00e9n\u00e9ralisation de l\u2019utilisation de l\u2019application Web Bureau d\u2019Ordre, Uc@Contact, Uc@Tribunal, eFactures ainsi que l\u2019adh\u00e9sion \u00e0 des environnements num\u00e9riques (E-Concours, IMIST (e-Ressources), Coursera (Etudiants), Huawei IT Academy), le renforcement de l\u2019infrastructure et du syst\u00e8me d\u2019informations de l\u2019UCA, la refonte de l\u2019infrastructure des connexions par antenne et\/ou fibre optique et la qualification des r\u00e9seaux internes des \u00e9tablissements et g\u00e9n\u00e9ralisation du Wifi.<\/p>\n<p>Pour ce qui est de l\u2019axe internationalisation, M. Hbid a expliqu\u00e9 que les \u00e9tudiants sont les acteurs et cibles de cet axe \u00e0 travers 26 nouveaux projets de mobilit\u00e9 Erasmus+, 3 projets PRIMA et 50 projets en cours de montage dans le cadre des appels \u00e0 projets ouverts.<\/p>\n<p>L\u2019UCA a aussi consolid\u00e9 la coop\u00e9ration avec l\u2019Afrique subsaharienne et renforc\u00e9 son ouverture sur des sph\u00e8res g\u00e9ographiques non traditionnelles (particuli\u00e8rement le Br\u00e9sil, la Russie, l\u2019Inde, la Chine, l\u2019Irlande, l\u2019Autriche, l\u2019Azerba\u00efdjan, et le Vietnam) et ce, en collaboration avec les ambassades du Royaume \u00e0 l\u2019\u00e9tranger pour le d\u00e9veloppement de partenariats strat\u00e9giques.<\/p>\n<p>Dans ce contexte, il a fait savoir que l\u2019UCA a sign\u00e9 38 nouvelles conventions depuis juillet 2019, dont 12 avec l\u2019Afrique et 20 avec l\u2019Europe.<\/p>\n<p>L\u2019UCA a aussi renforc\u00e9 sa pr\u00e9sence dans la R\u00e9gion Marrakech-Safi avec la mise en place de formations adapt\u00e9es et le renforcement des relations de coop\u00e9rations avec l\u2019Universit\u00e9 Mohammed VI Polytechnique \u00e0 Benguerir, la signature de convention avec le Centre R\u00e9gional d\u2019Investissement (CRI) autour d\u2019une \u00e9tude Post-Covid 19 pour la pr\u00e9servation et la relance de l\u2019\u00e9conomie et de l\u2019investissement pour la r\u00e9gion Marrakech-Safi et ce, avec l\u2019appui de la SFI de la Banque Mondiale ainsi qu\u2019une convention avec le le Conseil de la R\u00e9gion et la commune urbaine via la mise en place de deux comit\u00e9s mixtes.<\/p>\n<p>Cette r\u00e9union du Conseil universitaire a \u00e9t\u00e9 aussi l\u2019occasion pour la pr\u00e9sentation du rapport du Conseil de gestion, le bilan des commissions permanentes de l\u2019universit\u00e9, les pr\u00e9paratifs \u00e0 la prochaine rentr\u00e9e universitaire et les r\u00e9sultats des candidatures pour la s\u00e9lection du directeur de l\u2019Ecole sup\u00e9rieure de technologie (EST) \u00e0 Safi.<\/p>\n<\/div>\n<p>Auteur: Meriem IGASS<br \/>\n<a href=\"http:\/\/www.mapmarrakech.ma\/fr\/luca-tient-la-10e-reunion-de-son-conseil-au-titre-du-mandat-2018-2020\/\">Cliquez ici pour lire l&rsquo;article depuis sa source.<\/a><\/p>\n","protected":false},"excerpt":{"rendered":"<p>Marrakech \u2013 L\u2019Universit\u00e9 Cadi Ayyad de Marrakech (UCAM) a tenu vendredi, les travaux de la 10\u00e8 r\u00e9union de son conseil au titre du mandat 2018-2020. A l\u2019ordre du jour de ce conseil figuraient l\u2019approbation du proc\u00e8s-verbal du 8\u00e8me conseil de l\u2019universit\u00e9 tenu les 17 janvier et 11 f\u00e9vrier derniers ainsi que le 9\u00e8me conseil extraordinaire [&hellip;]<\/p>\n","protected":false},"author":1788,"featured_media":0,"comment_status":"closed","ping_status":"closed","sticky":false,"template":"","format":"standard","meta":{"fifu_image_url":"","fifu_image_alt":"","footnotes":""},"categories":[54,76],"tags":[],"class_list":["post-92748","post","type-post","status-publish","format-standard","hentry","category-maroc","category-regions"],"_links":{"self":[{"href":"https:\/\/linitiative.ca\/International\/wp-json\/wp\/v2\/posts\/92748","targetHints":{"allow":["GET"]}}],"collection":[{"href":"https:\/\/linitiative.ca\/International\/wp-json\/wp\/v2\/posts"}],"about":[{"href":"https:\/\/linitiative.ca\/International\/wp-json\/wp\/v2\/types\/post"}],"author":[{"embeddable":true,"href":"https:\/\/linitiative.ca\/International\/wp-json\/wp\/v2\/users\/1788"}],"replies":[{"embeddable":true,"href":"https:\/\/linitiative.ca\/International\/wp-json\/wp\/v2\/comments?post=92748"}],"version-history":[{"count":0,"href":"https:\/\/linitiative.ca\/International\/wp-json\/wp\/v2\/posts\/92748\/revisions"}],"wp:attachment":[{"href":"https:\/\/linitiative.ca\/International\/wp-json\/wp\/v2\/media?parent=92748"}],"wp:term":[{"taxonomy":"category","embeddable":true,"href":"https:\/\/linitiative.ca\/International\/wp-json\/wp\/v2\/categories?post=92748"},{"taxonomy":"post_tag","embeddable":true,"href":"https:\/\/linitiative.ca\/International\/wp-json\/wp\/v2\/tags?post=92748"}],"curies":[{"name":"wp","href":"https:\/\/api.w.org\/{rel}","templated":true}]}}