{"id":92753,"date":"2020-07-17T16:35:50","date_gmt":"2020-07-17T20:35:50","guid":{"rendered":"https:\/\/linitiative.ca\/International\/oujda-saisie-de-530-kg-de-chira\/"},"modified":"2020-07-17T16:35:50","modified_gmt":"2020-07-17T20:35:50","slug":"oujda-saisie-de-530-kg-de-chira","status":"publish","type":"post","link":"https:\/\/linitiative.ca\/International\/oujda-saisie-de-530-kg-de-chira\/","title":{"rendered":"Oujda : Saisie de 530 kg de chira"},"content":{"rendered":"<div class=\"single-featured\"><img alt=\"\" data-src=\"http:\/\/www.mapoujda.ma\/map\/uploads\/2020\/07\/Saisie-dune-importante-quantit&#xE9;-de-chira-M750&#xD7;430-MAP-Archive.jpg\"\/><\/div>\n<div class=\"entry-content clearfix single-post-content\" readability=\"53\">\n<p class=\"c4\">Les \u00e9l\u00e9ments du service pr\u00e9fectoral e la police judiciaire d\u2019Oujda ont avort\u00e9, vendredi, une op\u00e9ration de trafic de drogues et proc\u00e9d\u00e9 \u00e0 la saisie d\u2019une quantit\u00e9 de 530 kg de chira, indique la Direction g\u00e9n\u00e9rale de la s\u00fbret\u00e9 nationale (DGSN).<\/p>\n<p class=\"c4\">Au cours de cette op\u00e9ration, un v\u00e9hicule utilitaire a \u00e9t\u00e9 saisi dans la r\u00e9gion de \u00ab\u00a0Bni Khaled\u00a0\u00bb, \u00e0 20 km de la ville d\u2019Oujda, pr\u00e9cise la DGSN dans un communiqu\u00e9, ajoutant que la fouille du v\u00e9hicule a permis la d\u00e9couverte de 21 plaquettes de chira.<\/p>\n<p class=\"c4\">Les recherches men\u00e9es par les \u00e9l\u00e9ments de la police judiciaire se poursuivent sous la supervision du parquet comp\u00e9tent, en vue d\u2019interpeller les personnes impliqu\u00e9es dans cette op\u00e9ration, \u00e9lucider les tenants et aboutissants de cette affaire et identifier ses liens \u00e9ventuels avec des r\u00e9seaux de trafic international de drogue, conclut le communiqu\u00e9.<\/p>\n<\/div>\n<p>Auteur: Soufiane ELAHMAR<br \/>\n<a href=\"http:\/\/www.mapoujda.ma\/fr\/oujda-saisie-de-530-kg-de-chira\/\">Cliquez ici pour lire l&rsquo;article depuis sa source.<\/a><\/p>\n","protected":false},"excerpt":{"rendered":"<p>Les \u00e9l\u00e9ments du service pr\u00e9fectoral e la police judiciaire d\u2019Oujda ont avort\u00e9, vendredi, une op\u00e9ration de trafic de drogues et proc\u00e9d\u00e9 \u00e0 la saisie d\u2019une quantit\u00e9 de 530 kg de chira, indique la Direction g\u00e9n\u00e9rale de la s\u00fbret\u00e9 nationale (DGSN). Au cours de cette op\u00e9ration, un v\u00e9hicule utilitaire a \u00e9t\u00e9 saisi dans la r\u00e9gion de [&hellip;]<\/p>\n","protected":false},"author":1788,"featured_media":92754,"comment_status":"closed","ping_status":"closed","sticky":false,"template":"","format":"standard","meta":{"fifu_image_url":"","fifu_image_alt":"","footnotes":""},"categories":[54,76],"tags":[],"class_list":["post-92753","post","type-post","status-publish","format-standard","has-post-thumbnail","hentry","category-maroc","category-regions"],"_links":{"self":[{"href":"https:\/\/linitiative.ca\/International\/wp-json\/wp\/v2\/posts\/92753","targetHints":{"allow":["GET"]}}],"collection":[{"href":"https:\/\/linitiative.ca\/International\/wp-json\/wp\/v2\/posts"}],"about":[{"href":"https:\/\/linitiative.ca\/International\/wp-json\/wp\/v2\/types\/post"}],"author":[{"embeddable":true,"href":"https:\/\/linitiative.ca\/International\/wp-json\/wp\/v2\/users\/1788"}],"replies":[{"embeddable":true,"href":"https:\/\/linitiative.ca\/International\/wp-json\/wp\/v2\/comments?post=92753"}],"version-history":[{"count":0,"href":"https:\/\/linitiative.ca\/International\/wp-json\/wp\/v2\/posts\/92753\/revisions"}],"wp:featuredmedia":[{"embeddable":true,"href":"https:\/\/linitiative.ca\/International\/wp-json\/"}],"wp:attachment":[{"href":"https:\/\/linitiative.ca\/International\/wp-json\/wp\/v2\/media?parent=92753"}],"wp:term":[{"taxonomy":"category","embeddable":true,"href":"https:\/\/linitiative.ca\/International\/wp-json\/wp\/v2\/categories?post=92753"},{"taxonomy":"post_tag","embeddable":true,"href":"https:\/\/linitiative.ca\/International\/wp-json\/wp\/v2\/tags?post=92753"}],"curies":[{"name":"wp","href":"https:\/\/api.w.org\/{rel}","templated":true}]}}