{"id":92755,"date":"2020-07-17T18:27:29","date_gmt":"2020-07-17T22:27:29","guid":{"rendered":"https:\/\/linitiative.ca\/International\/operation-speciale-plus-de-1000-passagers-arrivent-au-port-de-nador\/"},"modified":"2020-07-17T18:27:29","modified_gmt":"2020-07-17T22:27:29","slug":"operation-speciale-plus-de-1000-passagers-arrivent-au-port-de-nador","status":"publish","type":"post","link":"https:\/\/linitiative.ca\/International\/operation-speciale-plus-de-1000-passagers-arrivent-au-port-de-nador\/","title":{"rendered":"Op\u00e9ration sp\u00e9ciale: Plus de 1000 passagers arrivent au port de Nador"},"content":{"rendered":"<p class=\"c4\">L\u2019op\u00e9ration sp\u00e9ciale de transport de passagers en provenance des ports autoris\u00e9s a d\u00e9but\u00e9, vendredi, avec l\u2019arriv\u00e9e au port de Nador d\u2019un premier navire en provenance du port de S\u00e8te en France.<\/p>\n<p class=\"c4\">Ce premier voyage qui s\u2019est d\u00e9roul\u00e9 dans de bonnes conditions s\u2019inscrit dans le cadre du plan d\u2019action sp\u00e9cifique visant \u00e0 permettre aux citoyens marocains et aux r\u00e9sidents \u00e9trangers au Royaume, ainsi que leurs familles, d\u2019acc\u00e9der au territoire national.<\/p>\n<p class=\"c4\">Le bateau, qui a assur\u00e9 cette premi\u00e8re liaison inaugurale de l\u2019op\u00e9ration sp\u00e9ciale de transport de passagers exclusivement \u00e0 partir des ports de S\u00e8te (en France) et de G\u00eanes (en Italie), a accost\u00e9 au port de Beni Nsar en d\u00e9but d\u2019apr\u00e8s-midi, avec plus de 1.000 passagers et pr\u00e8s de 400 v\u00e9hicules \u00e0 bord.<\/p>\n<p class=\"c4\">Toutes les mesures sanitaires et de s\u00e9curit\u00e9 ont \u00e9t\u00e9 prises au niveau du port de Beni Nsar et ce, conform\u00e9ment aux conditions impos\u00e9es par les autorit\u00e9s concern\u00e9es pour accueillir les passagers en toute s\u00e9curit\u00e9.<\/p>\n<p class=\"c4\">Les diff\u00e9rentes parties concern\u00e9es ont \u00e9t\u00e9 ainsi mobilis\u00e9es pour veiller \u00e0 l\u2019application rigoureuse des mesures pr\u00e9ventives pr\u00e9conis\u00e9es (port de masque, distanciation sociale, d\u00e9sinfection\u2026), pour lutter contre la propagation de la pand\u00e9mie du Covid-19.<\/p>\n<p class=\"c4\">A rappeler que dans le cadre du plan d\u2019action sp\u00e9cifique pour permettre le retour au Royaume des citoyens marocains et des \u00e9trangers r\u00e9sidents au Maroc, le minist\u00e8re de l\u2019Equipement, du Transport, de la Logistique et de l\u2019Eau a \u00e9tabli des contacts avec les autorit\u00e9s portuaires des ports de liaison en France et en Italie, afin de coordonner l\u2019ensemble des op\u00e9rations portuaires et maritimes.<\/p>\n<p class=\"c4\">Le minist\u00e8re a \u00e9galement mobilis\u00e9 les armateurs nationaux et \u00e9trangers, ainsi que les administrations et les \u00e9tablissements partenaires, pour mettre en place un plan de flotte adapt\u00e9 aux lignes maritimes long courrier en provenance des ports de S\u00e8te et de G\u00eanes.<\/p>\n<p class=\"c4\">Dans une d\u00e9claration \u00e0 la MAP, le directeur r\u00e9gional des ports de la M\u00e9diterran\u00e9e \u00e0 l\u2019Agence nationale des ports (ANP), Mostapha Benali, a fait remarquer que ce voyage est le premier au niveau national depuis le d\u00e9clenchement de la pand\u00e9mie, notant que l\u2019Agence, en parfaite coordination avec l\u2019ensemble des autorit\u00e9s, particuli\u00e8rement celles sanitaires, a pris toutes les mesures impos\u00e9es par cette situation exceptionnelle et mis en place le dispositif n\u00e9cessaire, afin d\u2019assurer la fluidit\u00e9 dans les diff\u00e9rentes zones du port et le strict respect des r\u00e8gles sanitaires et de pr\u00e9vention.<\/p>\n<p><img class=\"wp-image-22698 aligncenter\" data-src=\"http:\/\/www.mapoujda.ma\/map\/uploads\/2020\/07\/Voitures-des-passagers-en-provenance-du-port-de-S&#xE8;te-M750&#xD7;430-MAP.jpg\" alt=\"\" width=\"576\" height=\"330\" srcset=\"http:\/\/www.mapoujda.ma\/map\/uploads\/2020\/07\/Voitures-des-passagers-en-provenance-du-port-de-S&#xE8;te-M750&#xD7;430-MAP.jpg 750w, http:\/\/www.mapoujda.ma\/map\/uploads\/2020\/07\/Voitures-des-passagers-en-provenance-du-port-de-S&#xE8;te-M750&#xD7;430-MAP-300x172.jpg 300w\" sizes=\"(max-width: 576px) 100vw, 576px\"\/><\/p>\n<p class=\"c4\">Les employ\u00e9s de l\u2019ANP, ainsi que les agents de la police, de la douane et de la sant\u00e9 ont fait preuve d\u2019une grande mobilisation et d\u2019une coordination sans faille pour acc\u00e9l\u00e9rer les proc\u00e9dures administratives au profit des passagers et r\u00e9duire au minimum le temps d\u2019attente aussi bien pour les passagers pi\u00e9tons que pour ceux qui sont rentr\u00e9s avec leurs v\u00e9hicules.<\/p>\n<p class=\"c4\">L\u2019op\u00e9ration s\u2019est d\u00e9roul\u00e9e dans de \u00ab\u00a0meilleures conditions\u00a0\u00bb, s\u2019est-il r\u00e9joui, formulant le souhait que cette mobilisation tous azimuts se poursuive lors des prochaines \u00e9tapes.<\/p>\n<p class=\"c4\">Des repr\u00e9sentants et des agents de la Fondation Mohammed V pour la solidarit\u00e9 \u00e9taient \u00e9galement \u00e0 pied d\u2019oeuvre pour contribuer \u00e0 la r\u00e9ussite de cette op\u00e9ration.<\/p>\n<p class=\"c4\">Le docteur Boughardouf Mohamed, m\u00e9decin responsable du contr\u00f4le sanitaire aux fronti\u00e8res (Port Nador), a d\u00e9clar\u00e9, quant \u00e0 lui, que de nombreuses mesures pr\u00e9ventives ont \u00e9t\u00e9 prises, \u00e0 savoir le contr\u00f4le du test PCR et du test s\u00e9rologique, ainsi que de la carte sanitaire du passager, la mesure de la temp\u00e9rature (par thermom\u00e8tre infrarouge ou cam\u00e9ra thermique) et la d\u00e9sinfection des v\u00e9hicules.<\/p>\n<p class=\"c4\">C\u00f4t\u00e9 pr\u00e9vention, a-t-il ajout\u00e9, un int\u00e9r\u00eat particulier est accord\u00e9 aux produits de propret\u00e9 et d\u2019hygi\u00e8ne, en coordination avec les diff\u00e9rents acteurs pour mener \u00e0 bien l\u2019op\u00e9ration de contr\u00f4le.<\/p>\n<p class=\"c4\">Pour sa part, le coordonnateur r\u00e9gional de la Fondation Mohammed V pour la solidarit\u00e9, Samir Benayada, a soulign\u00e9 que conform\u00e9ment aux Hautes orientations de SM le Roi Mohammed VI, la Fondation a supervis\u00e9, au port de Beni Nsar, le lancement de l\u2019op\u00e9ration Marhaba 2020.<\/p>\n<p class=\"c4\">Il a relev\u00e9, dans ce sens, que la Fondation a mobilis\u00e9 des \u00e9quipes d\u2019assistance sociale et un staff m\u00e9dical pour garantir un accueil de qualit\u00e9 aux membres de la communaut\u00e9 marocaine r\u00e9sidant \u00e0 l\u2019\u00e9tranger, surtout dans ce contexte particulier que conna\u00eet le Maroc, \u00e0 l\u2019instar des autres pays du monde, en raison de la pand\u00e9mie du Covid-19.<\/p>\n<p class=\"c4\">La Fondation Mohammed V pour la solidarit\u00e9 a pris toutes les mesures pour assurer et pr\u00e9server la s\u00e9curit\u00e9 sanitaire des membres de la communaut\u00e9 marocaine r\u00e9sidant \u00e0 l\u2019\u00e9tranger, a assur\u00e9 M. Benayada.<\/p>\n<p class=\"c4\">Des passagers approch\u00e9s par la MAP ont tous exprim\u00e9 leur soulagement et leur joie de rentrer au pays, saluant les efforts d\u00e9ploy\u00e9s par les diff\u00e9rentes parties concern\u00e9es pour leur fournir un service de qualit\u00e9 aussi bien lors du voyage qu\u2019\u00e0 l\u2019arriv\u00e9e au port.<\/p>\n<p>Auteur: Soufiane ELAHMAR<br \/>\n<a href=\"http:\/\/www.mapoujda.ma\/fr\/operation-speciale-plus-de-1000-passagers-arrivent-au-port-de-nador\/\">Cliquez ici pour lire l&rsquo;article depuis sa source.<\/a><\/p>\n","protected":false},"excerpt":{"rendered":"<p>L\u2019op\u00e9ration sp\u00e9ciale de transport de passagers en provenance des ports autoris\u00e9s a d\u00e9but\u00e9, vendredi, avec l\u2019arriv\u00e9e au port de Nador d\u2019un premier navire en provenance du port de S\u00e8te en France. Ce premier voyage qui s\u2019est d\u00e9roul\u00e9 dans de bonnes conditions s\u2019inscrit dans le cadre du plan d\u2019action sp\u00e9cifique visant \u00e0 permettre aux citoyens marocains [&hellip;]<\/p>\n","protected":false},"author":1788,"featured_media":92756,"comment_status":"closed","ping_status":"closed","sticky":false,"template":"","format":"standard","meta":{"fifu_image_url":"","fifu_image_alt":"","footnotes":""},"categories":[54,76],"tags":[],"class_list":["post-92755","post","type-post","status-publish","format-standard","has-post-thumbnail","hentry","category-maroc","category-regions"],"_links":{"self":[{"href":"https:\/\/linitiative.ca\/International\/wp-json\/wp\/v2\/posts\/92755","targetHints":{"allow":["GET"]}}],"collection":[{"href":"https:\/\/linitiative.ca\/International\/wp-json\/wp\/v2\/posts"}],"about":[{"href":"https:\/\/linitiative.ca\/International\/wp-json\/wp\/v2\/types\/post"}],"author":[{"embeddable":true,"href":"https:\/\/linitiative.ca\/International\/wp-json\/wp\/v2\/users\/1788"}],"replies":[{"embeddable":true,"href":"https:\/\/linitiative.ca\/International\/wp-json\/wp\/v2\/comments?post=92755"}],"version-history":[{"count":0,"href":"https:\/\/linitiative.ca\/International\/wp-json\/wp\/v2\/posts\/92755\/revisions"}],"wp:featuredmedia":[{"embeddable":true,"href":"https:\/\/linitiative.ca\/International\/wp-json\/"}],"wp:attachment":[{"href":"https:\/\/linitiative.ca\/International\/wp-json\/wp\/v2\/media?parent=92755"}],"wp:term":[{"taxonomy":"category","embeddable":true,"href":"https:\/\/linitiative.ca\/International\/wp-json\/wp\/v2\/categories?post=92755"},{"taxonomy":"post_tag","embeddable":true,"href":"https:\/\/linitiative.ca\/International\/wp-json\/wp\/v2\/tags?post=92755"}],"curies":[{"name":"wp","href":"https:\/\/api.w.org\/{rel}","templated":true}]}}