{"id":92773,"date":"2020-07-18T11:44:00","date_gmt":"2020-07-18T15:44:00","guid":{"rendered":"https:\/\/linitiative.ca\/International\/sidi-ali-mostaganem-proteger-la-foret-de-chouachi-un-devoir-citoyen\/"},"modified":"2020-07-18T11:44:00","modified_gmt":"2020-07-18T15:44:00","slug":"sidi-ali-mostaganem-proteger-la-foret-de-chouachi-un-devoir-citoyen","status":"publish","type":"post","link":"https:\/\/linitiative.ca\/International\/sidi-ali-mostaganem-proteger-la-foret-de-chouachi-un-devoir-citoyen\/","title":{"rendered":"SIDI ALI (MOSTAGANEM) : Prot\u00e9ger la for\u00eat  de Chouachi, un  devoir citoyen"},"content":{"rendered":"<p><br id=\"sep_para_1\" class=\"sep_para access\"\/><\/p>\n<div id=\"para_1\" class=\"para_37943972 resize\">\n<div class=\"texte access firstletter\">Une autre fois, la for\u00eat de Chouachi de Sidi Ali, un tr\u00e9sor forestier, qui remonte \u00e0 l&rsquo;\u00e8re coloniale faisant, la beaut\u00e9 du lieu ne cesse de subir chaque ann\u00e9e, en \u00e9t\u00e9, un v\u00e9ritable ravage par le feu. On d\u00e9plore, annuellement la perte de rares esp\u00e8ces d&rsquo;arbres. Quel g\u00e2chis pour ce bien ! Il est regrettable de voir une telle fortune aller\u00a0 en fum\u00e9e et les efforts de gens partir en un clin d&rsquo;\u0153il \u00e0 cause, peut \u00eatre d&rsquo;un geste d&rsquo;un imprudent sans conscience ou bien de la forte chaleur. Quelles\u00a0 que soient\u00a0 les origines des incendies, la responsabilit\u00e9 des citoyens et des autorit\u00e9s est certaine et qu&rsquo;elle doit \u00eatre assum\u00e9e car la protection de la nature est l&rsquo;affaire de tout le monde. Ladite for\u00eat est en train de se d\u00e9grader par multiples causes ; l&rsquo;\u00e9rosion du sol \u00e0 entra\u00eener la d\u00e9forestation d&rsquo;une grande partie qui doit \u00eatre rebois\u00e9e ,l&rsquo;abattage impitoyable a particip\u00e9 \u00e0 la d\u00e9t\u00e9rioration de ce milieu vital qui ,malgr\u00e9\u00a0 ce massacre continue \u00e0 contribuer ces vertus \u00e0 l&rsquo;homme et \u00e0 \u00e7a s&rsquo;ajoutent\u00a0 les incendies qui ont d\u00e9vast\u00e9 des boisements consid\u00e9rables, sans oublier de citer la pollution de ces lieux (for\u00eats) par les d\u00e9chets et les d\u00e9bris qui les envahissent et qui causent des d\u00e9t\u00e9riorations de terrains et des plantations .Effectivement\u00a0 , le constat est amer et inqui\u00e9tant et qui ne doit pas nous laisser indiff\u00e9rents devant cette situation. Il est indispensable de r\u00e9fl\u00e9chir \u00e0 mettre en place des moyens et m\u00e9thodes pour sauver nos for\u00eats des dangers qui les menacent, ainsi qu&rsquo;il est demand\u00e9 d&rsquo;organiser des campagnes de reboisements r\u00e9guliers.\u00a0\u00a0\u00a0\u00a0\u00a0\u00a0\u00a0\u00a0\u00a0\u00a0\u00a0\u00a0\u00a0<br \/>\u00a0<\/div>\n<\/div>\n<p>Auteur: Bellakehal Laid<br \/>\n<a href=\"https:\/\/www.reflexiondz.net\/SIDI-ALI-MOSTAGANEM-Proteger-la-foret-de-Chouachi-un-devoir-citoyen_a64070.html\">Cliquez ici pour lire l&rsquo;article depuis sa source.<\/a><\/p>\n","protected":false},"excerpt":{"rendered":"<p>Une autre fois, la for\u00eat de Chouachi de Sidi Ali, un tr\u00e9sor forestier, qui remonte \u00e0 l&rsquo;\u00e8re coloniale faisant, la beaut\u00e9 du lieu ne cesse de subir chaque ann\u00e9e, en \u00e9t\u00e9, un v\u00e9ritable ravage par le feu. On d\u00e9plore, annuellement la perte de rares esp\u00e8ces d&rsquo;arbres. Quel g\u00e2chis pour ce bien ! Il est regrettable [&hellip;]<\/p>\n","protected":false},"author":1740,"featured_media":0,"comment_status":"closed","ping_status":"closed","sticky":false,"template":"","format":"standard","meta":{"fifu_image_url":"","fifu_image_alt":"","footnotes":""},"categories":[53,76],"tags":[],"class_list":["post-92773","post","type-post","status-publish","format-standard","hentry","category-algerie","category-regions"],"_links":{"self":[{"href":"https:\/\/linitiative.ca\/International\/wp-json\/wp\/v2\/posts\/92773","targetHints":{"allow":["GET"]}}],"collection":[{"href":"https:\/\/linitiative.ca\/International\/wp-json\/wp\/v2\/posts"}],"about":[{"href":"https:\/\/linitiative.ca\/International\/wp-json\/wp\/v2\/types\/post"}],"author":[{"embeddable":true,"href":"https:\/\/linitiative.ca\/International\/wp-json\/wp\/v2\/users\/1740"}],"replies":[{"embeddable":true,"href":"https:\/\/linitiative.ca\/International\/wp-json\/wp\/v2\/comments?post=92773"}],"version-history":[{"count":0,"href":"https:\/\/linitiative.ca\/International\/wp-json\/wp\/v2\/posts\/92773\/revisions"}],"wp:attachment":[{"href":"https:\/\/linitiative.ca\/International\/wp-json\/wp\/v2\/media?parent=92773"}],"wp:term":[{"taxonomy":"category","embeddable":true,"href":"https:\/\/linitiative.ca\/International\/wp-json\/wp\/v2\/categories?post=92773"},{"taxonomy":"post_tag","embeddable":true,"href":"https:\/\/linitiative.ca\/International\/wp-json\/wp\/v2\/tags?post=92773"}],"curies":[{"name":"wp","href":"https:\/\/api.w.org\/{rel}","templated":true}]}}