{"id":92774,"date":"2020-07-18T11:44:00","date_gmt":"2020-07-18T15:44:00","guid":{"rendered":"https:\/\/linitiative.ca\/International\/rumeurs-et-desinformation-sur-les-reseaux-sociaux-arrestation-de-deux-personnes-a-biskra\/"},"modified":"2020-07-18T11:44:00","modified_gmt":"2020-07-18T15:44:00","slug":"rumeurs-et-desinformation-sur-les-reseaux-sociaux-arrestation-de-deux-personnes-a-biskra","status":"publish","type":"post","link":"https:\/\/linitiative.ca\/International\/rumeurs-et-desinformation-sur-les-reseaux-sociaux-arrestation-de-deux-personnes-a-biskra\/","title":{"rendered":"RUMEURS ET DESINFORMATION SUR LES RESEAUX SOCIAUX  : Arrestation de deux personnes \u00e0 Biskra"},"content":{"rendered":"<p><br id=\"sep_para_1\" class=\"sep_para access\"\/><\/p>\n<div id=\"para_1\" class=\"para_37944014 resize\">\n<div class=\"texte access firstletter\">Les services de S\u00fbret\u00e9 de wilaya de Biskra ont arr\u00eat\u00e9, dans deux affaires distinctes, deux (2) personnes pr\u00e9sum\u00e9es impliqu\u00e9es dans la \u00ab\u00a0propagation de rumeurs et d\u00e9sinformation sur les r\u00e9seaux sociaux\u00a0\u00bb\u2019, a rapport\u00e9 l\u2019APS, citant le responsable de la cellule de communication de ce corps constitu\u00e9, le commissaire Sa\u00efd Mouas. Exploitant une information relative \u00e0 la diffusion sur un r\u00e9seau social d\u2019une vid\u00e9o montrant des policiers de la wilaya de Biskra, interdisant \u00e0 des jeunes de se rassembler, \u00e0 l\u2019entr\u00e9e de la p\u00e9riode de confinement sanitaire partiel d\u00e9cr\u00e9t\u00e9 dans la r\u00e9gion, accompagn\u00e9 d\u2019un commentaire d\u00e9sobligeant \u00e0 l\u2019\u00e9gard de ce corps constitu\u00e9, une enqu\u00eate a \u00e9t\u00e9 ouverte par les \u00e9l\u00e9ments de la brigade de recherche et d\u2019investigation (BRI) a pr\u00e9cis\u00e9 la m\u00eame source. Les investigations men\u00e9es ont permis, dans un premier temps, d\u2019identifier les donn\u00e9es du compte qui a diffus\u00e9 la vid\u00e9o et la personne pr\u00e9sum\u00e9e coupable dans cette affaire, a-t-on not\u00e9, relevant que les enqu\u00eateurs ont proc\u00e9d\u00e9 \u00e0 l\u2019arrestation, par la suite, d\u2019un individu, \u00e2g\u00e9 de 25 ans. Par ailleurs, les policiers de la daira de Tolga ont appr\u00e9hend\u00e9 une personne, \u00e2g\u00e9e de 47 ans, impliqu\u00e9e dans une affaire d\u2019\u00a0\u00bboutrage \u00e0 corps constitu\u00e9\u00a0\u00bb et \u00ab\u00a0publication et diffusion d\u2019informations et de vid\u00e9os tendancieuses susceptibles de porter atteinte \u00e0 l\u2019ordre public et \u00e0 l\u2019int\u00e9r\u00eat national par l\u2019usage d\u2019un r\u00e9seau social\u00a0\u00bb. Selon la m\u00eame source, des policiers ont pist\u00e9 des publications et vid\u00e9os post\u00e9es sur un r\u00e9seau social portant atteinte \u00e0 un corps constitu\u00e9 et sont parvenus \u00e0 identifier le diffuseur des ces informations avant de proc\u00e9der \u00e0 son arrestation. Les deux mis en cause ont \u00e9t\u00e9 pr\u00e9sent\u00e9s devant le tribunal, dans le cadre d\u2019une comparution directe, a-t-on not\u00e9 soulignant que le premier inculp\u00e9 a \u00e9t\u00e9 \u00e9crou\u00e9 et le deuxi\u00e8me mis sous contr\u00f4le judiciaire.\u00a0\u00a0<\/div>\n<\/div>\n<p>Auteur: Ismain<br \/>\n<a href=\"https:\/\/www.reflexiondz.net\/RUMEURS-ET-DESINFORMATION-SUR-LES-RESEAUX-SOCIAUX-Arrestation-de-deux-personnes-a-Biskra_a64078.html\">Cliquez ici pour lire l&rsquo;article depuis sa source.<\/a><\/p>\n","protected":false},"excerpt":{"rendered":"<p>Les services de S\u00fbret\u00e9 de wilaya de Biskra ont arr\u00eat\u00e9, dans deux affaires distinctes, deux (2) personnes pr\u00e9sum\u00e9es impliqu\u00e9es dans la \u00ab\u00a0propagation de rumeurs et d\u00e9sinformation sur les r\u00e9seaux sociaux\u00a0\u00bb\u2019, a rapport\u00e9 l\u2019APS, citant le responsable de la cellule de communication de ce corps constitu\u00e9, le commissaire Sa\u00efd Mouas. Exploitant une information relative \u00e0 la [&hellip;]<\/p>\n","protected":false},"author":1740,"featured_media":0,"comment_status":"closed","ping_status":"closed","sticky":false,"template":"","format":"standard","meta":{"fifu_image_url":"","fifu_image_alt":"","footnotes":""},"categories":[53,76],"tags":[],"class_list":["post-92774","post","type-post","status-publish","format-standard","hentry","category-algerie","category-regions"],"_links":{"self":[{"href":"https:\/\/linitiative.ca\/International\/wp-json\/wp\/v2\/posts\/92774","targetHints":{"allow":["GET"]}}],"collection":[{"href":"https:\/\/linitiative.ca\/International\/wp-json\/wp\/v2\/posts"}],"about":[{"href":"https:\/\/linitiative.ca\/International\/wp-json\/wp\/v2\/types\/post"}],"author":[{"embeddable":true,"href":"https:\/\/linitiative.ca\/International\/wp-json\/wp\/v2\/users\/1740"}],"replies":[{"embeddable":true,"href":"https:\/\/linitiative.ca\/International\/wp-json\/wp\/v2\/comments?post=92774"}],"version-history":[{"count":0,"href":"https:\/\/linitiative.ca\/International\/wp-json\/wp\/v2\/posts\/92774\/revisions"}],"wp:attachment":[{"href":"https:\/\/linitiative.ca\/International\/wp-json\/wp\/v2\/media?parent=92774"}],"wp:term":[{"taxonomy":"category","embeddable":true,"href":"https:\/\/linitiative.ca\/International\/wp-json\/wp\/v2\/categories?post=92774"},{"taxonomy":"post_tag","embeddable":true,"href":"https:\/\/linitiative.ca\/International\/wp-json\/wp\/v2\/tags?post=92774"}],"curies":[{"name":"wp","href":"https:\/\/api.w.org\/{rel}","templated":true}]}}