{"id":92788,"date":"2020-07-18T06:50:08","date_gmt":"2020-07-18T10:50:08","guid":{"rendered":"https:\/\/linitiative.ca\/International\/coronavirus-97-des-marocains-disposent-de-masques-de-protection-hcp\/"},"modified":"2020-07-18T06:50:08","modified_gmt":"2020-07-18T10:50:08","slug":"coronavirus-97-des-marocains-disposent-de-masques-de-protection-hcp","status":"publish","type":"post","link":"https:\/\/linitiative.ca\/International\/coronavirus-97-des-marocains-disposent-de-masques-de-protection-hcp\/","title":{"rendered":"Coronavirus: 97 % des Marocains disposent de masques de protection (HCP)"},"content":{"rendered":"<p><strong>La proportion des m\u00e9nages marocains disposant de bavettes et de masques de protection contre la pand\u00e9mie du nouveau coronavirus (covid-19) s\u2019est am\u00e9lior\u00e9e de 73% \u00e0 97% entre avril et juin, selon le Haut-Commissariat au Plan (HCP).<\/strong><\/p>\n<div class=\"c10\"\/>\n<p>Par milieu, cette proportion est pass\u00e9e de 81% \u00e0 99% en urbain et de 57% \u00e0 93% dans le monde rural, pr\u00e9cise le HCP qui vient de publier le 2\u00e8me panel sur l\u2019impact du covid-19 sur la situation \u00e9conomique, sociale et psychologique des m\u00e9nages.<\/p>\n<p>Ce panel fait \u00e9galement savoir que la proportion de ceux qui en disposent en quantit\u00e9 suffisante s\u2019est \u00e9lev\u00e9e de 33% \u00e0 80%.<\/p>\n<p><strong>Lire aussi |<\/strong><a class=\"\" href=\"https:\/\/www.challenge.ma\/la-confiance-des-menages-atteint-son-niveau-le-plus-bas-depuis-2008-hcp-148097\/\"><strong>La confiance des m\u00e9nages atteint son niveau le plus bas depuis 2008 (HCP)<\/strong><\/a><\/p>\n<p>En outre, le HCP indique que la proportion des m\u00e9nages disposant de produits d\u00e9sinfectants est situ\u00e9e \u00e0 68% (76% en milieu urbain et 50% en milieu rural), tandis qu\u2019en juin, une bonne moiti\u00e9 des m\u00e9nages (53%) avaient les produits d\u00e9sinfectants en quantit\u00e9s suffisantes contre 40% deux mois avant.<\/p>\n<p>La proportion des m\u00e9nages ne disposant pas de produits d\u00e9sinfectants \u00e9tait de 32% en juin (47% parmi les m\u00e9nages ruraux, 37% chez ceux occupant un logement sommaire, 46% parmi les 40% les plus d\u00e9favoris\u00e9s, 43% chez les m\u00e9nages dirig\u00e9s par un exploitant agricole et 40% parmi ceux dont le chef est un ouvrier ou man\u0153uvre non qualifi\u00e9), rel\u00e8ve la m\u00eame source.<\/p>\n<p>Par ailleurs, ce document fait \u00e9tat d\u2019une unanimit\u00e9 des m\u00e9nages (95,1%) \u00e0 continuer \u00e0 adopter les gestes barri\u00e8res pour se prot\u00e9ger contre le covid-19 durant la p\u00e9riode de d\u00e9confnement.<\/p>\n<p>Ainsi, les pratiques prophylactiques consistent \u00e0 se laver les mains avec du savon pour 87% des m\u00e9nages, porter des masques ou bavettes (78%), \u00e9viter les poign\u00e9es de main et les salutations physiques (47%), garder une distance de s\u00e9curit\u00e9 avec les autres personnes (31%), d\u00e9sinfecter r\u00e9guli\u00e8rement les surfaces et les objets susceptibles d\u2019\u00eatre infect\u00e9s (27%) et \u00e9viter les points de vente (25%).<\/p>\n<p>D\u2019autres pr\u00e9cautions seront \u00e9galement adopt\u00e9es, parmi elles, limiter les sorties du domicile pour 20% des m\u00e9nages et \u00e9viter de toucher les objets et surfaces dans les lieux publics (13%).<\/p>\n<p><strong>Lire aussi |<\/strong><a class=\"\" href=\"https:\/\/www.challenge.ma\/hcp-79-des-menages-marocains-respectent-le-confinement-140803\/\"><strong>HCP : 79% des m\u00e9nages marocains respectent le confinement<\/strong><\/a><\/p>\n<p>En revanche, 4,9% des m\u00e9nages, ou 414.000, d\u00e9clarent qu\u2019ils n\u2019adopteront aucune mesure pr\u00e9ventive, soit 7,1% en milieu rural et 4% en milieu urbain. Pr\u00e8s de la moiti\u00e9 d\u2019entre eux (48%) appartient aux 40% des m\u00e9nages les plus d\u00e9favoris\u00e9s, 20% \u00e0 ceux dirig\u00e9s par une personne inactive, 17,2% par un ouvrier et 15% par un exploitant agricole.<\/p>\n<p>Avec MAP<\/p>\n<div class=\"vw-sticky-sidebar-wrapper vw-sticky-sidebar widget_text awac-wrapper widget_text awac widget custom_html-4 textwidget custom-html-widget\">\n<p class=\"has-background c12\"><span class=\"widget-title c11\">Tribune et D\u00e9bats<\/span><\/p>\n<p>La tribune qui vous parle d\u2019une actu, d\u2019un sujet qui fait d\u00e9bat, les traitent et les analysent. \u00c9conomistes et autres experts, patrons d\u2019entreprises, d\u00e9cideurs, acteurs de la soci\u00e9t\u00e9 civile, s\u2019y prononcent et contribuent \u00e0 sa grande richesse. Vous avez votre opinion, convergente ou diff\u00e9rente. Exprimez-la et mesurez-vous ainsi \u00e0 nos tribuns et d\u00e9batteurs.<\/p>\n<p>Envoyez vos analyses \u00e0 : <a href=\"\/cdn-cgi\/l\/email-protection#385b57564c595b4c785b505954545d565f5d165559\"><span class=\"__cf_email__\" data-cfemail=\"e685898892878592a6858e878a8a83888183c88b87\">[email\u00a0protected]<\/span><\/a>, en pr\u00e9cisant votre nom, votre pr\u00e9nom et votre m\u00e9tier.<\/p>\n<\/div>\n<p>Auteur: Hajar DARI<br \/>\n<a href=\"https:\/\/www.challenge.ma\/coronavirus-97-des-marocains-disposent-de-masques-de-protection-hcp-149782\/\">Cliquez ici pour lire l&rsquo;article depuis sa source.<\/a><\/p>\n","protected":false},"excerpt":{"rendered":"<p>La proportion des m\u00e9nages marocains disposant de bavettes et de masques de protection contre la pand\u00e9mie du nouveau coronavirus (covid-19) s\u2019est am\u00e9lior\u00e9e de 73% \u00e0 97% entre avril et juin, selon le Haut-Commissariat au Plan (HCP). Par milieu, cette proportion est pass\u00e9e de 81% \u00e0 99% en urbain et de 57% \u00e0 93% dans le [&hellip;]<\/p>\n","protected":false},"author":1787,"featured_media":0,"comment_status":"closed","ping_status":"closed","sticky":false,"template":"","format":"standard","meta":{"fifu_image_url":"","fifu_image_alt":"","footnotes":""},"categories":[78,54],"tags":[],"class_list":["post-92788","post","type-post","status-publish","format-standard","hentry","category-economie","category-maroc"],"_links":{"self":[{"href":"https:\/\/linitiative.ca\/International\/wp-json\/wp\/v2\/posts\/92788","targetHints":{"allow":["GET"]}}],"collection":[{"href":"https:\/\/linitiative.ca\/International\/wp-json\/wp\/v2\/posts"}],"about":[{"href":"https:\/\/linitiative.ca\/International\/wp-json\/wp\/v2\/types\/post"}],"author":[{"embeddable":true,"href":"https:\/\/linitiative.ca\/International\/wp-json\/wp\/v2\/users\/1787"}],"replies":[{"embeddable":true,"href":"https:\/\/linitiative.ca\/International\/wp-json\/wp\/v2\/comments?post=92788"}],"version-history":[{"count":0,"href":"https:\/\/linitiative.ca\/International\/wp-json\/wp\/v2\/posts\/92788\/revisions"}],"wp:attachment":[{"href":"https:\/\/linitiative.ca\/International\/wp-json\/wp\/v2\/media?parent=92788"}],"wp:term":[{"taxonomy":"category","embeddable":true,"href":"https:\/\/linitiative.ca\/International\/wp-json\/wp\/v2\/categories?post=92788"},{"taxonomy":"post_tag","embeddable":true,"href":"https:\/\/linitiative.ca\/International\/wp-json\/wp\/v2\/tags?post=92788"}],"curies":[{"name":"wp","href":"https:\/\/api.w.org\/{rel}","templated":true}]}}