{"id":92824,"date":"2020-07-19T10:00:47","date_gmt":"2020-07-19T14:00:47","guid":{"rendered":"https:\/\/linitiative.ca\/International\/abdelouahed-souhail-il-faut-faire-preuve-de-courage-politique\/"},"modified":"2020-07-19T10:00:47","modified_gmt":"2020-07-19T14:00:47","slug":"abdelouahed-souhail-il-faut-faire-preuve-de-courage-politique","status":"publish","type":"post","link":"https:\/\/linitiative.ca\/International\/abdelouahed-souhail-il-faut-faire-preuve-de-courage-politique\/","title":{"rendered":"Abdelouahed Souha\u00efl: \u00abIl faut faire preuve de courage politique\u00bb"},"content":{"rendered":"<p class=\"has-text-color has-vivid-red-color c2\"><strong>Crise de la Samir<\/strong><\/p>\n<p class=\"has-text-color c3\"><strong>La probl\u00e9matique de la souverainet\u00e9 \u00e9nerg\u00e9tique doit \u00eatre plac\u00e9e au c\u0153ur des politiques publiques voire des strat\u00e9gies du d\u00e9veloppement du pays, ont soulign\u00e9 les participants au webinaire organis\u00e9 vendredi 17 juillet 2020 par le Front national pour la sauvegarde de la raffinerie marocaine du p\u00e9trole autour du th\u00e8me \u00abL\u2019autonomie \u00e9nerg\u00e9tique du Maroc dans le contexte du projet de transfert des actifs de la soci\u00e9t\u00e9 La Samir \u00e0 l\u2019Etat\u00bb. Ont pris part \u00e0 cette rencontre on ligne Abdelouahed Souha\u00efl, membre du Bureau politique du Parti du progr\u00e8s et du socialisme (PPS) et Mehdi Mezouari, membre du Bureau politique de l\u2019Union socialiste des forces populaires (USFP).<\/strong><\/p>\n<p>La mod\u00e9ration a \u00e9t\u00e9 assur\u00e9e par Mohammed Benmoussa, vice-pr\u00e9sident du Front, qui a tenu \u00e0 rappeler que cette rencontre s\u2019inscrit dans le cadre de deux propositions de lois relatives au transfert des actifs de la Samir \u00e0 l\u2019Etat et la r\u00e9gulation des tarifs des hydrocarbures, et qui ont eu un soutien affirm\u00e9 de la majorit\u00e9 des forces politiques du pays, hormis quelques partis politiques tout en notant que la gestion de ce dossier est plus ou moins\u00a0 synonyme d\u2019un \u00e9chec collectif qui remonte d\u2019ailleurs au lendemain de sa privatisation.<\/p>\n<p>Il va sans dire que la d\u00e9cision de la construction de la raffinerie en 1959 par un gouvernement visionnaire, celui d\u2019Abdallah Ibrahim, fut un \u00e9v\u00e9nement de haute port\u00e9e politique et \u00e9conomique, visant \u00e0 mettre le Maroc \u00e0 l\u2019abri de la domination du cartel p\u00e9trolier, a indiqu\u00e9 Abdelouahed Souha\u00efl. En fait, a-t-il ajout\u00e9, ce joyau national, b\u00e2ti dans un contexte difficile,\u00a0 sous l\u2019impulsion de l\u2019\u00c9tat avec des partenaires de hauts niveaux, dot\u00e9 d\u2019un mangement extraordinaire, t\u00e9moigne de la perspicacit\u00e9 des d\u00e9cideurs qui n\u2019ont cess\u00e9 d\u2019\u0153uvrer pour le d\u00e9veloppement de la capacit\u00e9 de production de cette unit\u00e9 industrielle atteignant 5 millions de tonnes par an. Outre les aspects \u00e9conomiques, la pr\u00e9sence dans la Samir dans le tissu industriel rel\u00e8ve des consid\u00e9rations strat\u00e9giques et s\u00e9curitaires du pays, a ajout\u00e9 le responsable du PPS.<\/p>\n<p class=\"has-text-color has-vivid-red-color\"><strong>Le CIRDI a une religion!<\/strong><\/p>\n<p>Malheureusement, a-t-il insist\u00e9, \u00able Maroc est priv\u00e9 aujourd\u2019hui d\u2019un outil important qu\u2019il l\u2019a d\u2019ailleurs\u00a0 pay\u00e9 cher et qu\u2019on a l\u2019impression qu\u2019au fil du temps, surtout avec les tracasseries juridiques,\u00a0 la prise de conscience pour solutionner le probl\u00e8me s\u2019est amoindrie\u00bb, a-t-il laiss\u00e9 entendre. \u00abLa raison requiert qu\u2019on n\u2019a plus le droit de perdre le temps ou encore rel\u00e9guer ce dossier au second plan, a-t-il martel\u00e9, avant de d\u00e9plorer le fait que les d\u00e9cideurs ont\u00a0 \u00ablaiss\u00e9 pourrir ce dossier\u00bb. En termes plus clairs, \u00able temps politique dans ce pays ne donne pas toute l\u2019attention n\u00e9cessaire a des probl\u00e9matiques aussi complexe et grave comme celle de la Samir\u00bb, a-t-il not\u00e9 en substance. Cela \u00e9tant, \u00abil est du devoir de l\u2019\u00c9tat de prendre les choses en main en s\u2019attelant \u00e0 trouver les formules n\u00e9cessaires pour faire aboutir ce dossier et ce en fonction des techniques et des choix qui se pr\u00e9sentent\u00bb, a-t-il avanc\u00e9.<\/p>\n<p>Il faut dire, selon l\u2019ancien ministre, que les sc\u00e9narii de sortie de la crise ne manquent pas, appelant ainsi l\u2019Ex\u00e9cutif \u00e0 faire preuve de volont\u00e9 politique. A titre indicatif, le conf\u00e9rencier donne l\u2019exemple du Fonds Hassan II qui peut contribuer que ce soit dans le cadre d\u2019un partenariat public-priv\u00e9 ou via un partenariat public-public ou encore dans le cadre d\u2019un tour de table avec les cr\u00e9anciers\u00a0 concern\u00e9s en vue mettre en place un plan d\u2019action sp\u00e9cifique. Pour ce faire, \u00abil faut juste que l\u2019\u00c9tat se dote du courage n\u00e9cessaire et clarifie sa position par rapport \u00e0 l\u2019industrie du raffinage p\u00e9trolier, a-t-il d\u00e9clar\u00e9, en notant dans ce sens que \u00able gouvernement actuel et ceux qui l\u2019ont pr\u00e9c\u00e9d\u00e9 n\u2019ont pas \u00e9t\u00e9 au niveau pour r\u00e9gler ce dossier extr\u00eamement important\u00bb.<\/p>\n<p>Grosso modo,\u00a0 pour lui, \u00abla crise de la Samir qui est synonyme de la catastrophe de Jerada m\u00e9rite et doit m\u00e9riter davantage\u00a0 un courage politique accompagn\u00e9 des actions concr\u00e8tes et une communication transparentes et claires\u00a0 \u00e0 l\u2019\u00e9gard des d\u00e9put\u00e9s de la nation et les acteurs \u00e9conomiques\u00bb, a-t-il appel\u00e9. Abondant dans le m\u00eame ordre d\u2019id\u00e9es, l\u2019ancien ministre de l\u2019Emploi a indiqu\u00e9 que la crise de la Samir\u00a0 traduit incontestablement un v\u00e9ritable d\u00e9ficit de gouvernance d\u00e9mocratique tout en exprimant son inqui\u00e9tude quant au sort de l\u2019affaire opposant le Maroc au\u00a0 fonds d\u2019investissement Carlyle, port\u00e9e devant le Centre international pour le r\u00e8glement des diff\u00e9rends relatifs aux investissements (CIRDI). \u00abCe type d\u2019arbitrage a une religion bien pr\u00e9cise, celle de d\u00e9fendre les int\u00e9r\u00eats priv\u00e9s et juge les dossiers en termes de forme au lieu d\u2019aller \u00e0 l\u2019essence des choses\u00bb, a-t-il fait remarquer.<\/p>\n<p class=\"c4\"><strong>Khalid Darfaf<\/strong><\/p>\n<p>Auteur: M&rsquo;hammed rahal<br \/>\n<a href=\"http:\/\/albayane.press.ma\/abdelouahed-souhail-il-faut-faire-preuve-de-courage-politique.html\">Cliquez ici pour lire l&rsquo;article depuis sa source.<\/a><\/p>\n","protected":false},"excerpt":{"rendered":"<p>Crise de la Samir La probl\u00e9matique de la souverainet\u00e9 \u00e9nerg\u00e9tique doit \u00eatre plac\u00e9e au c\u0153ur des politiques publiques voire des strat\u00e9gies du d\u00e9veloppement du pays, ont soulign\u00e9 les participants au webinaire organis\u00e9 vendredi 17 juillet 2020 par le Front national pour la sauvegarde de la raffinerie marocaine du p\u00e9trole autour du th\u00e8me \u00abL\u2019autonomie \u00e9nerg\u00e9tique du [&hellip;]<\/p>\n","protected":false},"author":1760,"featured_media":0,"comment_status":"closed","ping_status":"closed","sticky":false,"template":"","format":"standard","meta":{"fifu_image_url":"","fifu_image_alt":"","footnotes":""},"categories":[73,54],"tags":[],"class_list":["post-92824","post","type-post","status-publish","format-standard","hentry","category-actualite","category-maroc"],"_links":{"self":[{"href":"https:\/\/linitiative.ca\/International\/wp-json\/wp\/v2\/posts\/92824","targetHints":{"allow":["GET"]}}],"collection":[{"href":"https:\/\/linitiative.ca\/International\/wp-json\/wp\/v2\/posts"}],"about":[{"href":"https:\/\/linitiative.ca\/International\/wp-json\/wp\/v2\/types\/post"}],"author":[{"embeddable":true,"href":"https:\/\/linitiative.ca\/International\/wp-json\/wp\/v2\/users\/1760"}],"replies":[{"embeddable":true,"href":"https:\/\/linitiative.ca\/International\/wp-json\/wp\/v2\/comments?post=92824"}],"version-history":[{"count":0,"href":"https:\/\/linitiative.ca\/International\/wp-json\/wp\/v2\/posts\/92824\/revisions"}],"wp:attachment":[{"href":"https:\/\/linitiative.ca\/International\/wp-json\/wp\/v2\/media?parent=92824"}],"wp:term":[{"taxonomy":"category","embeddable":true,"href":"https:\/\/linitiative.ca\/International\/wp-json\/wp\/v2\/categories?post=92824"},{"taxonomy":"post_tag","embeddable":true,"href":"https:\/\/linitiative.ca\/International\/wp-json\/wp\/v2\/tags?post=92824"}],"curies":[{"name":"wp","href":"https:\/\/api.w.org\/{rel}","templated":true}]}}