{"id":92825,"date":"2020-07-19T10:04:48","date_gmt":"2020-07-19T14:04:48","guid":{"rendered":"https:\/\/linitiative.ca\/International\/tramway-gestion-chaotique-de-laffluence-des-usagers\/"},"modified":"2020-07-19T10:04:48","modified_gmt":"2020-07-19T14:04:48","slug":"tramway-gestion-chaotique-de-laffluence-des-usagers","status":"publish","type":"post","link":"https:\/\/linitiative.ca\/International\/tramway-gestion-chaotique-de-laffluence-des-usagers\/","title":{"rendered":"Tramway: gestion chaotique de l\u2019affluence des usagers"},"content":{"rendered":"<p class=\"c2\"><strong>Karim Ben Amar<\/strong><\/p>\n<p class=\"has-text-color has-vivid-cyan-blue-color\"><strong>Depuis la lev\u00e9e du confinement obligatoire, marocains et r\u00e9sidents reprennent peu \u00e0 peu leur mode de vie respectif. Apr\u00e8s plus de trois mois de t\u00e9l\u00e9travail, voil\u00e0 que la soci\u00e9t\u00e9 active regagne petit \u00e0 petit le lieu de travail d\u00e9sert\u00e9 pour cause de pand\u00e9mie mondiale. Alors que les mesures barri\u00e8res sont plus que jamais d\u2019actualit\u00e9, l\u2019on peut apercevoir, durant les heures de pointe sur les grandes art\u00e8res de la capitale \u00e9conomique du royaume, d\u2019impressionnantes foules qui s\u2019amassent sur les stations de Tramway,\u00a0 bravant ainsi tous les dangers. Avec ou sans bavette, les usagers s\u2019exposent \u00e0 un risque r\u00e9el de contamination.<\/strong><\/p>\n<p>La lev\u00e9e du confinement a \u00e9t\u00e9 accueillie comme un r\u00e9el soulagement de la part des marocains et des r\u00e9sidents. Depuis le jeudi 25 juin \u00e0 minuit, nous sommes autoris\u00e9s \u00e0 reprendre une vie normale, \u00e0 \u00eatre libre de nos mouvements et d\u00e9placements, du moins pour les habitants de la zone 1.<\/p>\n<p>Se d\u00e9placer sur le lieu de travail, marcher ou courir au bord de mer, aller faire des courses en dehors du quartier, tous cela est d\u00e9sormais possible. Mais force est de constater que la discipline des marocains et r\u00e9sidents laisse le plus souvent \u00e0 d\u00e9sirer. Pour s\u2019en apercevoir, il suffit de se diriger vers la station de tramway la plus proche pour constater la triste r\u00e9alit\u00e9.<\/p>\n<p>Fin d\u2019apr\u00e8s-midi \u00a0jeudi 16 juillet. Au c\u0153ur du tr\u00e8s fr\u00e9quent\u00e9 boulevard Abdelmoumen, la station de tramway ne d\u00e9semplit jamais. Des dizaines de personnes se bousculent \u00e0 l\u2019arriv\u00e9e du transport en commun, ignorant le b\u00e9aba des mesures de s\u00e9curit\u00e9 sanitaire.<\/p>\n<p>\u00c0 cet effet, une jeune femme a d\u00e9clar\u00e9 \u00e0 l\u2019\u00e9quipe d\u2019Al Bayane que \u00abdepuis la lev\u00e9e du confinement obligatoire, les stations de tramway du centre-ville sont bond\u00e9es de monde, et surtout durant les heures de pointe\u00bb. Et d\u2019ajouter \u00abparfois, les stations sont tellement fr\u00e9quent\u00e9es que je pr\u00e9f\u00e8re prendre un taxi bien que cela revienne plus cher\u00bb.<\/p>\n<p>\u00abLes stations de tramway connaissent une grande affluence durant les heures de pointe mais aussi pendant le week-end. \u00c0 ce rythme-l\u00e0, et avec cette rigueur qui laisse \u00e0 d\u00e9sirer la Covid-19 n\u2019est pas de l\u2019histoire ancienne\u00bb, conclut-elle.<\/p>\n<p>Le tramway peut donc repr\u00e9senter une bombe \u00e0 retardement. Le monde entier s\u2019accorde \u00e0 dire qu\u2019il faut imp\u00e9rativement tout mettre en \u0153uvre afin d\u2019\u00e9viter une seconde vague qui peut s\u2019av\u00e9rer destructrice pour notre bien-\u00eatre mais aussi pour notre \u00e9conomie, \u00e0 l\u2019instar de l\u2019\u00e9conomie mondiale.<\/p>\n<p>Le plus \u00e9tonnant, c\u2019est que le tramway casablancais est g\u00e9r\u00e9 par la soci\u00e9t\u00e9 RATP (gestionnaire du m\u00e9tro parisien). Cette soci\u00e9t\u00e9 embauche des communicants chevronn\u00e9s, mais au Maroc, il saute aux yeux que cette soci\u00e9t\u00e9 ne se donne pas autant de mal qu\u2019en France. Quelques affiches accroch\u00e9es ici et l\u00e0 dans la station de tramway et le tour est jou\u00e9.<\/p>\n<p>Pour g\u00e9rer l\u2019immense affluence quotidienne, un seul agent par station. Le pire c\u2019est que ce dernier n\u2019est pas en poste pour veiller aux respects des mesures sanitaires, mais plut\u00f4t pour s\u2019assurer que personne ne fraude\u2026<\/p>\n<p>Auteur: M&rsquo;hammed rahal<br \/>\n<a href=\"http:\/\/albayane.press.ma\/tramway-gestion-chaotique-de-laffluence-des-usagers.html\">Cliquez ici pour lire l&rsquo;article depuis sa source.<\/a><\/p>\n","protected":false},"excerpt":{"rendered":"<p>Karim Ben Amar Depuis la lev\u00e9e du confinement obligatoire, marocains et r\u00e9sidents reprennent peu \u00e0 peu leur mode de vie respectif. Apr\u00e8s plus de trois mois de t\u00e9l\u00e9travail, voil\u00e0 que la soci\u00e9t\u00e9 active regagne petit \u00e0 petit le lieu de travail d\u00e9sert\u00e9 pour cause de pand\u00e9mie mondiale. Alors que les mesures barri\u00e8res sont plus que [&hellip;]<\/p>\n","protected":false},"author":1760,"featured_media":0,"comment_status":"closed","ping_status":"closed","sticky":false,"template":"","format":"standard","meta":{"fifu_image_url":"","fifu_image_alt":"","footnotes":""},"categories":[73,54],"tags":[],"class_list":["post-92825","post","type-post","status-publish","format-standard","hentry","category-actualite","category-maroc"],"_links":{"self":[{"href":"https:\/\/linitiative.ca\/International\/wp-json\/wp\/v2\/posts\/92825","targetHints":{"allow":["GET"]}}],"collection":[{"href":"https:\/\/linitiative.ca\/International\/wp-json\/wp\/v2\/posts"}],"about":[{"href":"https:\/\/linitiative.ca\/International\/wp-json\/wp\/v2\/types\/post"}],"author":[{"embeddable":true,"href":"https:\/\/linitiative.ca\/International\/wp-json\/wp\/v2\/users\/1760"}],"replies":[{"embeddable":true,"href":"https:\/\/linitiative.ca\/International\/wp-json\/wp\/v2\/comments?post=92825"}],"version-history":[{"count":0,"href":"https:\/\/linitiative.ca\/International\/wp-json\/wp\/v2\/posts\/92825\/revisions"}],"wp:attachment":[{"href":"https:\/\/linitiative.ca\/International\/wp-json\/wp\/v2\/media?parent=92825"}],"wp:term":[{"taxonomy":"category","embeddable":true,"href":"https:\/\/linitiative.ca\/International\/wp-json\/wp\/v2\/categories?post=92825"},{"taxonomy":"post_tag","embeddable":true,"href":"https:\/\/linitiative.ca\/International\/wp-json\/wp\/v2\/tags?post=92825"}],"curies":[{"name":"wp","href":"https:\/\/api.w.org\/{rel}","templated":true}]}}