{"id":92834,"date":"2020-07-18T15:26:20","date_gmt":"2020-07-18T19:26:20","guid":{"rendered":"https:\/\/linitiative.ca\/International\/des-stickers-pour-inciter-a-la-vigilance-face-a-la-covid-19\/"},"modified":"2020-07-18T15:26:20","modified_gmt":"2020-07-18T19:26:20","slug":"des-stickers-pour-inciter-a-la-vigilance-face-a-la-covid-19","status":"publish","type":"post","link":"https:\/\/linitiative.ca\/International\/des-stickers-pour-inciter-a-la-vigilance-face-a-la-covid-19\/","title":{"rendered":"Des stickers pour inciter \u00e0 la vigilance face \u00e0 la Covid-19"},"content":{"rendered":"<div readability=\"39\">\n<p>Marrakech \u2013 Des jeunes acteurs associatifs \u00e0 Marrakech se sont mobilis\u00e9s dans le cadre d\u2019une nouvelle campagne de sensibilisation, lanc\u00e9e samedi, afin d\u2019inciter les habitants de la cit\u00e9 ocre \u00e0 redoubler de vigilance et \u00e0 rester attach\u00e9s au respect scrupuleux des principales mesures pr\u00e9ventives et sanitaires en vigueur, en particulier le port du masque et la distanciation sociale, pour enrayer la propagation de la Covid-19.<\/p>\n<\/div>\n<div readability=\"170\">\n<p>A l\u2019instar d\u2019autres militants associatifs dans diff\u00e9rentes villes du Royaume, unis sous le label \u00ab\u00a0Morocco l\u2019Ghedd\u00a0\u00bb, en collaboration avec l\u2019Association \u00ab\u00a0Marocains Pluriels\u00a0\u00bb, les jeunes acteurs associatifs de \u00ab\u00a0Kech\u2019Jeunesse\u00a0\u00bb et de \u00ab\u00a0Marock\u2019jeunes\u00a0\u00bb \u00e0 Marrakech, ont repris donc leur b\u00e2ton de p\u00e8lerin, dans le cadre de cette nouvelle action humanitaire, pour sillonner les principales places et art\u00e8res de la cit\u00e9 ocre en vue d\u2019apposer sur les pare-brises des taxis, des automobilistes, les vitrines des caf\u00e9s, des restaurants, les devantures des \u00e9piceries, des grands magasins\u2026etc, des stickers incitant au respect des consignes de pr\u00e9caution et de pr\u00e9vention du nouveau coronavirus.<\/p>\n<p>Ces stickers, qu\u2019ils ont eux-m\u00eames cr\u00e9\u00e9s et confectionn\u00e9s, sont ainsi les nouveaux outils de communication que ces jeunes ont choisi de mettre en avant pour leur nouvelle campagne de sensibilisation au respect du port du masque et de la distanciation physique.<\/p>\n<p>Ces actions constituent \u00e9galement l\u2019occasion pour ces jeunes d\u2019engager des discussions, v\u00e9hiculer des messages de sensibilisation et d\u2019apporter des explications \u00e0 l\u2019ensemble de la population.<\/p>\n<p>Selon les initiateurs de cette action humanitaire, \u00ab\u00a0la distanciation physique, le lavage syst\u00e9matique des mains et le port du masque sont actuellement les seules armes pour \u00e9viter la contamination\u00a0\u00bb. \u00ab\u00a0Or h\u00e9las, nos concitoyens d\u00e9laissent trop souvent le respect des gestes barri\u00e8res\u00a0\u00bb, font-ils constater.<\/p>\n<p>A travers cette nouvelle initiative, des jeunes acteurs associatifs dans diff\u00e9rentes villes du Royaume, agissant dans le cadre du collectif des associations \u00ab\u00a0Morocco l\u2019Ghedd\u00a0\u00bb, avec la collaboration de \u00ab\u00a0Marocains Pluriels\u00a0\u00bb, \u00ab\u00a0font \u00e0 nouveau le pari de l\u2019appel \u00e0 la raison, au civisme et au souci de pr\u00e9server la vie de nos anciens et des personnes les plus fragiles\u2026\u00a0\u00bb.<\/p>\n<p>Dans une d\u00e9claration \u00e0 la MAP, le pr\u00e9sident de l\u2019Association \u00ab\u00a0Kech\u2019Jeunesse\u00a0\u00bb, Mohamed Aamissi, a indiqu\u00e9 que cette action vient s\u2019ajouter aux diff\u00e9rentes initiatives auxquelles a adh\u00e9r\u00e9 l\u2019association, rappelant dans ce sens que cette jeune organisation avait \u00e9galement pris part \u00e0 l\u2019op\u00e9ration \u00ab\u00a01 Masque+1 M\u00e8tre= La Vie\u00a0\u00bb men\u00e9e dans diff\u00e9rentes villes du Royaume, \u00e0 l\u2019initiative \u00e9galement du collectif \u00ab\u00a0Morocco l\u2019Ghedd\u00a0\u00bb.<\/p>\n<p>Il a, dans le m\u00eame sillage, not\u00e9 que l\u2019association a organis\u00e9 des op\u00e9rations de distribution de paniers de denr\u00e9es alimentaires et de repas durant la p\u00e9riode de confinement sanitaire et envisage de lancer une nouvelle action de distribution de masques, dans les prochains jours, ainsi qu\u2019une autre action sociale \u00e0 l\u2019occasion de l\u2019Aid Al Adha.<\/p>\n<p>Conscients de l\u2019importance capitale de la sensibilisation quant au respect des mesures pr\u00e9ventives en cette p\u00e9riode cruciale de post-confinement sanitaire pour \u00e9viter le risque de contamination, les membres de l\u2019association ont d\u00e9cid\u00e9 de s\u2019engager dans cette nouvelle action en vue de renforcer la prise de conscience chez les citoyens et, partant, de les inciter \u00e0 se conformer scrupuleusement aux consignes d\u00e9cr\u00e9t\u00e9es par les autorit\u00e9s comp\u00e9tentes, a-t-il expliqu\u00e9.<\/p>\n<p>Dans une d\u00e9claration similaire, le pr\u00e9sident de l\u2019Association \u00ab\u00a0Marocains Pluriels\u00a0\u00bb, Ahmed Ghayet a indiqu\u00e9 qu\u2019avec le d\u00e9but de l\u2019\u00e9t\u00e9 et de la canicule, l\u2019envie de retrouver une vie normale est tr\u00e8s forte, notamment chez les jeunes qui viennent de sortir d\u2019une p\u00e9riode de confinement de 3 mois, v\u00e9cu pour certains comme un enfermement.<\/p>\n<p>\u00ab\u00a0Or, force est de reconna\u00eetre que le virus est toujours l\u00e0 et que nous, citoyens, avons fortement rel\u00e2ch\u00e9 notre vigilance\u00a0\u00bb, a-t-il d\u00e9plor\u00e9.<\/p>\n<p>Relevant que les cas de contamination \u00e0 travers le monde repartent \u00e0 la hausse dans nombre de pays, dont certains ont \u00e9t\u00e9 contraints \u00e0 adopter le port obligatoire du masque de protection, M. Ghayet a regrett\u00e9 que \u00ab\u00a0chez nous, l\u2019on constate que de moins en moins de citoyens le portent\u00a0\u00bb.<\/p>\n<p>\u00ab\u00a0Toutes les observations le prouvent : la distanciation physique, le lavage syst\u00e9matique des mains, et le port du masque de protection sont actuellement les seules armes en notre possession pour \u00e9viter la contamination\u00a0\u00bb, a-t-il soutenu, tout en se f\u00e9licitant de l\u2019engagement de ces jeunes militants associatifs \u00ab\u00a0qui prennent l\u2019initiative de sensibiliser nos concitoyens, notamment les jeunes\u00a0\u00bb.<\/p>\n<p>\u00ab\u00a0Le message passe d\u2019autant mieux quand il est port\u00e9 par la jeunesse. Ils sont sur le terrain et trouvent les bons mots, les bons arguments\u00a0\u00bb, a-t-il conclu.<\/p>\n<p>A rappeler que depuis le 15 juin dernier, des jeunes unis sous le label \u00ab\u00a0Morocco l\u2019Ghedd\u00a0\u00bb, en collaboration avec l\u2019association \u00ab\u00a0Marocains Pluriels\u00a0\u00bb, ont initi\u00e9 une op\u00e9ration baptis\u00e9e \u00ab\u00a01 masque + 1 m\u00e8tre = la vie\u00a0\u00bb sur les r\u00e9seaux sociaux, et qui a consist\u00e9 en la publication de centaines de petites vid\u00e9os o\u00f9 de jeunes de tout le Royaume r\u00e9p\u00e9taient ce slogan.<\/p>\n<p>Parrain\u00e9e par la gloire du football national et africain Mustapha Hadji, cette action -accompagn\u00e9e par nombre de personnalit\u00e9s telles La Fouine, Maxime Karoutchi, Leila Ghandi, Abdelmajid Bekkas, Rhani Krija, le Professeur Jaafar Heikel\u2026- a permis de mobiliser des centaines de jeunes et des centaines de vid\u00e9os, selfies et messages sur le Web.<\/p>\n<p>Parall\u00e8lement, ces jeunes organisaient des \u00ab\u00a0d\u00e9ambulations\u00a0\u00bb dans leurs villes -v\u00eatus de t-shirt sigl\u00e9s du slogan \u00ab\u00a01 masque+1 m\u00e8tre = la vie\u00a0\u00bb, rappelle-t-on.<\/p>\n<\/div>\n<p>Auteur: Meriem IGASS<br \/>\n<a href=\"http:\/\/www.mapmarrakech.ma\/fr\/des-stickers-pour-inciter-a-la-vigilance-continue-face-a-la-covid-19\/\">Cliquez ici pour lire l&rsquo;article depuis sa source.<\/a><\/p>\n","protected":false},"excerpt":{"rendered":"<p>Marrakech \u2013 Des jeunes acteurs associatifs \u00e0 Marrakech se sont mobilis\u00e9s dans le cadre d\u2019une nouvelle campagne de sensibilisation, lanc\u00e9e samedi, afin d\u2019inciter les habitants de la cit\u00e9 ocre \u00e0 redoubler de vigilance et \u00e0 rester attach\u00e9s au respect scrupuleux des principales mesures pr\u00e9ventives et sanitaires en vigueur, en particulier le port du masque et [&hellip;]<\/p>\n","protected":false},"author":1788,"featured_media":0,"comment_status":"closed","ping_status":"closed","sticky":false,"template":"","format":"standard","meta":{"fifu_image_url":"","fifu_image_alt":"","footnotes":""},"categories":[54,76],"tags":[],"class_list":["post-92834","post","type-post","status-publish","format-standard","hentry","category-maroc","category-regions"],"_links":{"self":[{"href":"https:\/\/linitiative.ca\/International\/wp-json\/wp\/v2\/posts\/92834","targetHints":{"allow":["GET"]}}],"collection":[{"href":"https:\/\/linitiative.ca\/International\/wp-json\/wp\/v2\/posts"}],"about":[{"href":"https:\/\/linitiative.ca\/International\/wp-json\/wp\/v2\/types\/post"}],"author":[{"embeddable":true,"href":"https:\/\/linitiative.ca\/International\/wp-json\/wp\/v2\/users\/1788"}],"replies":[{"embeddable":true,"href":"https:\/\/linitiative.ca\/International\/wp-json\/wp\/v2\/comments?post=92834"}],"version-history":[{"count":0,"href":"https:\/\/linitiative.ca\/International\/wp-json\/wp\/v2\/posts\/92834\/revisions"}],"wp:attachment":[{"href":"https:\/\/linitiative.ca\/International\/wp-json\/wp\/v2\/media?parent=92834"}],"wp:term":[{"taxonomy":"category","embeddable":true,"href":"https:\/\/linitiative.ca\/International\/wp-json\/wp\/v2\/categories?post=92834"},{"taxonomy":"post_tag","embeddable":true,"href":"https:\/\/linitiative.ca\/International\/wp-json\/wp\/v2\/tags?post=92834"}],"curies":[{"name":"wp","href":"https:\/\/api.w.org\/{rel}","templated":true}]}}