{"id":92835,"date":"2020-07-19T08:14:41","date_gmt":"2020-07-19T12:14:41","guid":{"rendered":"https:\/\/linitiative.ca\/International\/des-jeunes-en-action-pour-sensibiliser-au-respect-des-gestes-barrieres\/"},"modified":"2020-07-19T08:14:41","modified_gmt":"2020-07-19T12:14:41","slug":"des-jeunes-en-action-pour-sensibiliser-au-respect-des-gestes-barrieres","status":"publish","type":"post","link":"https:\/\/linitiative.ca\/International\/des-jeunes-en-action-pour-sensibiliser-au-respect-des-gestes-barrieres\/","title":{"rendered":"Des jeunes en action pour sensibiliser au respect des gestes barri\u00e8res"},"content":{"rendered":"<div readability=\"39\">\n<p>Essaouira \u2013 Les membres des associations \u00ab\u00a0Moga\u2019Jeunes\u00a0\u00bb et \u00ab\u00a0Moga Workout\u00a0\u00bb, ont lanc\u00e9, samedi \u00e0 Essaouira, \u00e0 l\u2019instar de leurs coll\u00e8gues s\u2019activant dans d\u2019autres associations r\u00e9unies sous le label \u00ab\u00a0Morocco L\u2019Ghedd\u00a0\u00bb, une nouvelle op\u00e9ration de sensibilisation au respect des gestes barri\u00e8res et des mesures de pr\u00e9vention pour la lutte contre la propagation de la Covid-19.<\/p>\n<\/div>\n<div readability=\"178\">\n<p>Initi\u00e9e en collaboration avec l\u2019Association \u00ab\u00a0Marocains Pluriels\u00a0\u00bb, cette campagne de conscientisation et de communication se veut un nouvel appel \u00e0 l\u2019adresse de la population afin de faire montre d\u2019une vigilance extr\u00eame et une invitation \u00e0 saisir l\u2019importance du message de la pr\u00e9vention du nouveau coronavirus, face au rel\u00e2chement observ\u00e9 r\u00e9cemment chez certains citoyens, notamment parmi les jeunes, qui commencent \u00e0 prendre \u00e0 la l\u00e9g\u00e8re le caract\u00e8re crucial de se conformer \u00e0 ces mesures pr\u00e9ventives qui sont susceptibles de les pr\u00e9munir et de prot\u00e9ger leur entourage contre toute contamination par ce virus mortel.<\/p>\n<p>Ainsi, ces jeunes acteurs associatifs souiris ont sillonn\u00e9 de nombreuses rues et quartiers de la Cit\u00e9 des Aliz\u00e9s afin d\u2019apposer des stickers, cr\u00e9\u00e9s et confectionn\u00e9s par eux-m\u00eames, sur les devantures des \u00e9piceries et des commerces, les portes des mosqu\u00e9es, les pare-brises des taxis et des automobilistes et les vitrines des caf\u00e9s et des restaurants, leur but principal \u00e9tant d\u2019inciter \u00e0 \u00ab\u00a0Passer le message de la pr\u00e9vention et non pas le virus\u00a0\u00bb.<\/p>\n<p>Cette nouvelle initiative, qui t\u00e9moigne de l\u2019engagement citoyen de la jeunesse d\u2019Essaouira, a \u00e9t\u00e9 \u00e9galement l\u2019occasion pour ces militants associatifs en herbe d\u2019engager des discussions avec de nombreux citoyens en vue de mieux les sensibiliser et de leur expliquer l\u2019importance de ces gestes barri\u00e8res, si simples mais combien essentiels \u00e0 l\u2019heure actuelle, pour pr\u00e9server leur s\u00e9curit\u00e9 sanitaire ainsi que celle de leurs familles et proches, notamment les personnes \u00e2g\u00e9es et vuln\u00e9rables.<\/p>\n<p>Ce nouveau geste de civisme vient aussi consolider le grand travail r\u00e9ussi r\u00e9alis\u00e9 dans le cadre de la pr\u00e9c\u00e9dente op\u00e9ration baptis\u00e9e \u00ab\u00a01 Masque+1 M\u00e8tre= La Vie\u00a0\u00bb, lanc\u00e9e en juin dernier dans plusieurs villes du Royaume, en appui aux efforts inlassables et soutenus consentis par les autorit\u00e9s publiques afin de contenir le risque de propagation de cette pand\u00e9mie.<\/p>\n<p>Dans une d\u00e9claration \u00e0 la MAP \u00e0 cette occasion, le pr\u00e9sident de l\u2019association \u00ab\u00a0Moga\u2019Jeunes\u00a0\u00bb, Otmane Mazzine, a indiqu\u00e9 que cette action, port\u00e9e par les associations et organisations membres du Collectif \u00ab\u00a0Morocco L\u2019Ghedd\u00a0\u00bb en collaboration avec l\u2019association \u00ab\u00a0Marocains Pluriels\u00a0\u00bb, vise \u00e0 attirer l\u2019attention de la population sur l\u2019imp\u00e9ratif, voire l\u2019obligation, de se conformer strictement aux mesures pr\u00e9ventives d\u00e9cr\u00e9t\u00e9es par les autorit\u00e9s sanitaires pour se prot\u00e9ger de la Covid-19, surtout en cette p\u00e9riode transitoire si d\u00e9licate.<\/p>\n<p>M. Mazzine a, \u00e0 cet \u00e9gard, d\u00e9plor\u00e9 le rel\u00e2chement et la d\u00e9sinvolture constat\u00e9s, ces derniers jours, dans le respect de ces mesures sanitaires, tout en appelant les habitants d\u2019Essaouira ainsi que l\u2019ensemble des Marocains \u00e0 redoubler de vigilance et \u00e0 faire preuve d\u2019un haut degr\u00e9 de responsabilit\u00e9 en ces circonstances exceptionnelles.<\/p>\n<p>Il a ainsi invit\u00e9 tout citoyen \u00e0 respecter scrupuleusement les mesures de pr\u00e9vention pr\u00e9conis\u00e9es par les autorit\u00e9s (port du masque, respect de la distanciation physique et lavage r\u00e9gulier des mains\u2026) afin de lutter contre la propagation du nouveau coronavirus et de pr\u00e9server la s\u00e9curit\u00e9 sanitaire de tout un chacun.<\/p>\n<p>\u00ab\u00a0La vigilance, la prudence et le sens du devoir et de la responsabilit\u00e9 doivent \u00eatre toujours de mise en cette phase transitoire post-confinement afin d\u2019aller de l\u2019avant sur la voie de l\u2019\u00e9radication de cette pand\u00e9mie et du retour au cours de la vie normale d\u2019avant Covid-19\u00a0\u00bb, a-t-il soutenu.<\/p>\n<p>De son c\u00f4t\u00e9, le pr\u00e9sident de l\u2019association \u00ab\u00a0Moga Workout\u00a0\u00bb, Otman Benyassin, a soulign\u00e9 l\u2019importance de telles initiatives en vue de sensibiliser et de convaincre le plus grand nombre de citoyens de l\u2019importance cruciale du port du masque et du respect de la distanciation physique, des gestes barri\u00e8res tr\u00e8s simples qui peuvent \u00ab\u00a0sauver des vies\u00a0\u00bb.<\/p>\n<p>M. Benyassin a aussi insist\u00e9 sur la n\u00e9cessit\u00e9 de capitaliser les acquis, de renforcer les efforts collectifs et de redoubler de prudence pour \u00ab\u00a0mener ensemble cette bataille acharn\u00e9e contre la Covid-19 et contribuer, in fine, \u00e0 la protection et \u00e0 la pr\u00e9servation de notre sant\u00e9 collective\u00a0\u00bb.<\/p>\n<p>Relevant que la situation induite par cette pand\u00e9mie reste impr\u00e9visible, il a mis en avant l\u2019importance du r\u00f4le \u00e0 jouer par les associations et les acteurs de la soci\u00e9t\u00e9 civile aupr\u00e8s de la population pour contribuer aux actions de sensibilisation men\u00e9es \u00e0 l\u2019\u00e9chelle locale et nationale en vue d\u2019enrayer cette infection virale.<\/p>\n<p>\u00ab\u00a0Depuis le d\u00e9clenchement de la pand\u00e9mie, les autorit\u00e9s comp\u00e9tentes, tous corps confondus, ne m\u00e9nagent aucun effort pour assurer la s\u00e9curit\u00e9 sanitaire des Marocains qui doivent, eux aussi, faire preuve d\u2019un grand civisme et d\u2019une attitude exemplaire pour pr\u00e9server la sant\u00e9 et la vie de nous tous et ce, en se conformant aux consignes et directives en vigueur en cette conjoncture si particuli\u00e8re\u00a0\u00bb, a-t-il dit.<\/p>\n<p>\u00ab\u00a0Ce sont les associations des jeunes, celles qui sont sur le terrain, qui ont pris le cr\u00e9neau de la sensibilisation aux gestes barri\u00e8res \u00e0 bras le corps\u00a0\u00bb, a affirm\u00e9, pour sa part, le pr\u00e9sident de l\u2019Association \u00ab\u00a0Marocains Pluriels\u00a0\u00bb, Ahmed Ghayet.<\/p>\n<p>\u00ab\u00a0Aujourd\u2019hui, c\u2019est par les jeunes que passe le message, bien plus que par les adultes\u00a0\u00bb, a-t-il estim\u00e9 dans une d\u00e9claration similaire, se f\u00e9licitant de l\u2019adh\u00e9sion de plusieurs \u00ab\u00a0stars\u00a0\u00bb \u00e0 ce genre d\u2019initiatives.<\/p>\n<p>\u00ab\u00a0Elles se sont engag\u00e9es \u00e0 nos c\u00f4t\u00e9s, en apportant leur popularit\u00e9, leur charisme et leurs voix aux causes que ces jeunes d\u00e9fendaient comme Moustapha Hadji, La Fouine, Leila Ghandi, Nourdine Lakhmari, Latefa Ahrrare, Abdelmajid Bekkas\u00a0\u00bb, a-t-il soutenu. \u00ab\u00a0Dans notre pays, c\u2019est plut\u00f4t nouveau et c\u2019est un tr\u00e8s bon signe !\u00a0\u00bb, a-t-il soutenu.<\/p>\n<p>\u00ab\u00a0De plus en plus l\u2019action associative des jeunes colle au terrain, aux r\u00e9alit\u00e9s, aux besoins concrets et surtout se pratique en termes de participation et de partenariat\u00a0\u00bb, s\u2019est r\u00e9joui M. Ghayet en conclusion.<\/p>\n<\/div>\n<p>Auteur: Meriem IGASS<br \/>\n<a href=\"http:\/\/www.mapmarrakech.ma\/fr\/des-jeunes-en-action-pour-sensibiliser-au-respect-des-gestes-barrieres\/\">Cliquez ici pour lire l&rsquo;article depuis sa source.<\/a><\/p>\n","protected":false},"excerpt":{"rendered":"<p>Essaouira \u2013 Les membres des associations \u00ab\u00a0Moga\u2019Jeunes\u00a0\u00bb et \u00ab\u00a0Moga Workout\u00a0\u00bb, ont lanc\u00e9, samedi \u00e0 Essaouira, \u00e0 l\u2019instar de leurs coll\u00e8gues s\u2019activant dans d\u2019autres associations r\u00e9unies sous le label \u00ab\u00a0Morocco L\u2019Ghedd\u00a0\u00bb, une nouvelle op\u00e9ration de sensibilisation au respect des gestes barri\u00e8res et des mesures de pr\u00e9vention pour la lutte contre la propagation de la Covid-19. Initi\u00e9e [&hellip;]<\/p>\n","protected":false},"author":1788,"featured_media":0,"comment_status":"closed","ping_status":"closed","sticky":false,"template":"","format":"standard","meta":{"fifu_image_url":"","fifu_image_alt":"","footnotes":""},"categories":[54,76],"tags":[],"class_list":["post-92835","post","type-post","status-publish","format-standard","hentry","category-maroc","category-regions"],"_links":{"self":[{"href":"https:\/\/linitiative.ca\/International\/wp-json\/wp\/v2\/posts\/92835","targetHints":{"allow":["GET"]}}],"collection":[{"href":"https:\/\/linitiative.ca\/International\/wp-json\/wp\/v2\/posts"}],"about":[{"href":"https:\/\/linitiative.ca\/International\/wp-json\/wp\/v2\/types\/post"}],"author":[{"embeddable":true,"href":"https:\/\/linitiative.ca\/International\/wp-json\/wp\/v2\/users\/1788"}],"replies":[{"embeddable":true,"href":"https:\/\/linitiative.ca\/International\/wp-json\/wp\/v2\/comments?post=92835"}],"version-history":[{"count":0,"href":"https:\/\/linitiative.ca\/International\/wp-json\/wp\/v2\/posts\/92835\/revisions"}],"wp:attachment":[{"href":"https:\/\/linitiative.ca\/International\/wp-json\/wp\/v2\/media?parent=92835"}],"wp:term":[{"taxonomy":"category","embeddable":true,"href":"https:\/\/linitiative.ca\/International\/wp-json\/wp\/v2\/categories?post=92835"},{"taxonomy":"post_tag","embeddable":true,"href":"https:\/\/linitiative.ca\/International\/wp-json\/wp\/v2\/tags?post=92835"}],"curies":[{"name":"wp","href":"https:\/\/api.w.org\/{rel}","templated":true}]}}