{"id":92863,"date":"2020-07-19T11:56:17","date_gmt":"2020-07-19T15:56:17","guid":{"rendered":"https:\/\/linitiative.ca\/International\/107605-football-aborder-la-can-2022-avec-l-objectif-de-preserver-notre-titre\/"},"modified":"2020-07-19T11:56:17","modified_gmt":"2020-07-19T15:56:17","slug":"107605-football-aborder-la-can-2022-avec-l-objectif-de-preserver-notre-titre","status":"publish","type":"post","link":"https:\/\/linitiative.ca\/International\/107605-football-aborder-la-can-2022-avec-l-objectif-de-preserver-notre-titre\/","title":{"rendered":"Football: \u00ab\u00a0Aborder la CAN-2022 avec l&rsquo;objectif de pr\u00e9server notre titre\u00a0\u00bb"},"content":{"rendered":"<div readability=\"36\">\n<p><strong>ALGER- Le s\u00e9lectionneur de l&rsquo;\u00e9quipe nationale de football, Djamel Belmadi, a d&rsquo;ores et d\u00e9j\u00e0 annonc\u00e9 la couleur en d\u00e9voilant son ambition d&rsquo;aborder la prochaine Coupe d&rsquo;Afrique des nations CAN-2022 au Cameroun pour l&#8217;emporter et d\u00e9fendre un titre reconquis en 2019.<\/strong><\/p>\n<\/div>\n<div readability=\"97.949387755102\">\n<p>\u00ab\u00a0Notre objectif pour la CAN-2022 est tr\u00e8s clair : d\u00e9fendre cr\u00e2nement notre titre. Le report de cette phase finale (pr\u00e9vue initialement en 2021 mais renvoy\u00e9e \u00e0 2022 en raison de la pand\u00e9mie de nouveau coronavirus Covid-19, ndlr), sera une occasion pour nous de voir \u00e0 l&rsquo;oeuvre plusieurs joueurs capables de renforcer la s\u00e9lection\u00a0\u00bb, a-t-il indiqu\u00e9 dimanche dans un entretien accord\u00e9 au site officiel de la F\u00e9d\u00e9ration alg\u00e9rienne (FAF).<\/p>\n<p>Belmadi s&rsquo;exprimait \u00e0 l&rsquo;occasion du premier anniversaire de l&rsquo;exploit r\u00e9alis\u00e9 par l&rsquo;Alg\u00e9rie lors de la CAN-2019 disput\u00e9e en Egypte. Les \u00ab\u00a0Verts\u00a0\u00bb avaient conclu par la plus belle des mani\u00e8res un parcours sans faute, en battant en finale le S\u00e9n\u00e9gal de Sadio Man\u00e9 (1-0), au stade international du Caire.<\/p>\n<blockquote readability=\"11\">\n<p><em><strong>\u00ab\u00a0C&rsquo;est tout \u00e0 fait logique de voir de nouveaux joueurs int\u00e9grer les rangs de l&rsquo;\u00e9quipe nationale \u00e0 l&rsquo;avenir. J&rsquo;ai une liste de jeunes \u00e9l\u00e9ments qui pourront nous rejoindre. Les champions d&rsquo;Afrique 2019 ne vont certainement par laisser l&rsquo;occasion \u00e0 d&rsquo;autres, mais il y aura probablement du nouveau, d&rsquo;autant que l&rsquo;ann\u00e9e 2022 co\u00efncide \u00e9galement avec la Coupe du monde\u00a0\u00bb, a-t-il ajout\u00e9.<\/strong><\/em><\/p>\n<\/blockquote>\n<p>Invit\u00e9 \u00e0 revenir sur l&rsquo;\u00e9pop\u00e9e des Alg\u00e9riens en Egypte, Belmadi s&rsquo;est rappel\u00e9 de la difficult\u00e9 qu&rsquo;il a eue au d\u00e9but pour \u00e9tablir la liste des 23 joueurs retenus pour la phase finale.<\/p>\n<p>\u00ab\u00a0Ce n&rsquo;\u00e9tait pas une mince affaire. Le choix des joueurs \u00e9tait difficile, comme la d\u00e9cision d&rsquo;\u00e9carter Yassine Benzia. Nous \u00e9tions dans l&rsquo;obligation de penser \u00e0 toutes les \u00e9ventualit\u00e9s. Le deuxi\u00e8me probl\u00e8me que nous avons rencontr\u00e9 est celui de trouver l&rsquo;\u00e9quilibre entre les joueurs qui manquaient de fra\u00eecheur physique et les autres\u00a0\u00bb, a-t-il soulign\u00e9.<\/p>\n<p><strong>\u00ab\u00a0La C\u00f4te d&rsquo;Ivoire, adversaire le plus difficile\u00a0\u00bb<\/strong><\/p>\n<p>Interrog\u00e9 sur le tournoi, domin\u00e9 de bout en bout par les co\u00e9quipiers du capitaine Riyad Mahrez, Belmadi a estim\u00e9 que le match face \u00e0 la C\u00f4te d&rsquo;Ivoire, comptant pour les quarts de finale, \u00e0 Suez (1-1, aux t.a.b : 4-3) \u00e9tait le plus difficile.<\/p>\n<blockquote readability=\"13\">\n<p><em><strong>\u00ab\u00a0L&rsquo;opposition face aux Ivoiriens \u00e9tait l&rsquo;un des rendez-vous les plus difficiles de la comp\u00e9tition. Les sentiments des uns et des autres se sont m\u00e9lang\u00e9s entre stress, col\u00e8re, et au final une joie indescriptible. Lors de ce match, Bounedjah a rat\u00e9 un penalty qui nous a emp\u00each\u00e9s de sceller la rencontre dans le temps r\u00e9glementaire. Durant la prolongation, nous avons continu\u00e9 \u00e0 presser l&rsquo;adversaire. Ce dernier \u00e9tait contraint de reculer, c&rsquo;est \u00e0 ce moment-l\u00e0 que je me suis dit que cette \u00e9quipe est forte pour avoir bouscul\u00e9 un grand d&rsquo;Afrique comme la C\u00f4te d&rsquo;Ivoire\u00a0\u00bb.<\/strong><\/em><\/p>\n<\/blockquote>\n<hr\/>\n<h3 class=\"itemTitle\">Lire aussi:\u00a0<a href=\"http:\/\/www.aps.dz\/sport\/106801-football-la-can-2021-reportee-a-2022\" target=\"_blank\" rel=\"noopener noreferrer\">Football: la CAN-2021 report\u00e9e \u00e0 2022<\/a><\/h3>\n<hr\/>\n<blockquote readability=\"9\">\n<p><strong><em>Avant de poursuivre : \u00ab\u00a0Apr\u00e8s la fin de la rencontre, j&rsquo;ai clairement signifi\u00e9 aux joueurs qu&rsquo;il fallait passer par ce genre d&rsquo;\u00e9preuve difficile pour esp\u00e9rer remporter le sacre. Depuis le d\u00e9but du tournoi jusqu&rsquo;\u00e0 la finale, chaque match avait sa propre histoire\u00a0\u00bb.<\/em><\/strong><\/p>\n<\/blockquote>\n<p>Enfin, Belmadi a mis en exergue son excellente relation avec ses joueurs qui, selon ses propos, m\u00e9ritent toutes les louanges.<\/p>\n<p>\u00ab\u00a0Notre relation avec les joueurs fait partie de la nature de notre travail. Ce sont eux qui font l&rsquo;\u00e9v\u00e8nement sur la pelouse, le staff technique n&rsquo;a qu&rsquo;\u00e0 instaurer une philosophie de jeu. Nous essayons de les aider et les orienter, mais c&rsquo;est aux joueurs que revient la t\u00e2che d&rsquo;appliquer la rude mission sur le terrain. Je suis quelqu&rsquo;un qui veut \u00eatre proche des joueurs qui sont les champions car ils ont combattu pour r\u00e9aliser tout avec l&rsquo;\u00e9quipe nationale\u00a0\u00bb, a-t-il conclu.<\/p>\n<\/div>\n<p>Auteur:<br \/>\n<a href=\"http:\/\/www.aps.dz\/sport\/107605-football-aborder-la-can-2022-avec-l-objectif-de-preserver-notre-titre?utm_source=feedburner&#038;utm_medium=feed&#038;utm_campaign=Feed%3A+aps-sport+%28APS+-+SPORT%29\">Cliquez ici pour lire l&rsquo;article depuis sa source.<\/a><\/p>\n","protected":false},"excerpt":{"rendered":"<p>ALGER- Le s\u00e9lectionneur de l&rsquo;\u00e9quipe nationale de football, Djamel Belmadi, a d&rsquo;ores et d\u00e9j\u00e0 annonc\u00e9 la couleur en d\u00e9voilant son ambition d&rsquo;aborder la prochaine Coupe d&rsquo;Afrique des nations CAN-2022 au Cameroun pour l&#8217;emporter et d\u00e9fendre un titre reconquis en 2019. \u00ab\u00a0Notre objectif pour la CAN-2022 est tr\u00e8s clair : d\u00e9fendre cr\u00e2nement notre titre. Le report [&hellip;]<\/p>\n","protected":false},"author":1790,"featured_media":0,"comment_status":"closed","ping_status":"closed","sticky":false,"template":"","format":"standard","meta":{"fifu_image_url":"","fifu_image_alt":"","footnotes":""},"categories":[53,75],"tags":[],"class_list":["post-92863","post","type-post","status-publish","format-standard","hentry","category-algerie","category-sport"],"_links":{"self":[{"href":"https:\/\/linitiative.ca\/International\/wp-json\/wp\/v2\/posts\/92863","targetHints":{"allow":["GET"]}}],"collection":[{"href":"https:\/\/linitiative.ca\/International\/wp-json\/wp\/v2\/posts"}],"about":[{"href":"https:\/\/linitiative.ca\/International\/wp-json\/wp\/v2\/types\/post"}],"author":[{"embeddable":true,"href":"https:\/\/linitiative.ca\/International\/wp-json\/wp\/v2\/users\/1790"}],"replies":[{"embeddable":true,"href":"https:\/\/linitiative.ca\/International\/wp-json\/wp\/v2\/comments?post=92863"}],"version-history":[{"count":0,"href":"https:\/\/linitiative.ca\/International\/wp-json\/wp\/v2\/posts\/92863\/revisions"}],"wp:attachment":[{"href":"https:\/\/linitiative.ca\/International\/wp-json\/wp\/v2\/media?parent=92863"}],"wp:term":[{"taxonomy":"category","embeddable":true,"href":"https:\/\/linitiative.ca\/International\/wp-json\/wp\/v2\/categories?post=92863"},{"taxonomy":"post_tag","embeddable":true,"href":"https:\/\/linitiative.ca\/International\/wp-json\/wp\/v2\/tags?post=92863"}],"curies":[{"name":"wp","href":"https:\/\/api.w.org\/{rel}","templated":true}]}}