{"id":92868,"date":"2020-07-19T11:52:00","date_gmt":"2020-07-19T15:52:00","guid":{"rendered":"https:\/\/linitiative.ca\/International\/le-consulat-dalgerie-a-new-york-suspend-ses-services\/"},"modified":"2020-07-19T11:52:00","modified_gmt":"2020-07-19T15:52:00","slug":"le-consulat-dalgerie-a-new-york-suspend-ses-services","status":"publish","type":"post","link":"https:\/\/linitiative.ca\/International\/le-consulat-dalgerie-a-new-york-suspend-ses-services\/","title":{"rendered":"Le consulat d\u2019Alg\u00e9rie \u00e0 New York suspend ses services"},"content":{"rendered":"<p><br id=\"sep_para_1\" class=\"sep_para access\"\/><\/p>\n<div id=\"para_1\" class=\"para_37950760 resize\">\n<div class=\"texte access firstletter\">Le consulat g\u00e9n\u00e9ral d\u2019Alg\u00e9rie \u00e0 New York a annonc\u00e9 la suspension temporaire de ses services jusqu\u2019\u00e0 nouvel ordre. Dans un communiqu\u00e9 publi\u00e9 sur leur site internet, le consulat g\u00e9n\u00e9ral d\u2019Alg\u00e9rie a inform\u00e9, suite aux directives des autorit\u00e9s de sant\u00e9 publique de New York, de la suspension temporaire de tous les services en personne et l\u2019annulation des rendez-vous pr\u00e9vus jusqu\u2019\u00e0 nouvel ordre. \u00ab Conform\u00e9ment aux directives des autorit\u00e9s de sant\u00e9 publique de la ville de New York concernant les conseils aux voyageurs en provenance d\u2019autres Etats touch\u00e9s par le \u00ab COVID-19\u2033, le consulat g\u00e9n\u00e9ral d\u2019Alg\u00e9rie \u00e0 New York souhaite informer ses concitoyens r\u00e9sidant dans sa circonscription consulaire (44), d\u00e9clare que, par mesure de pr\u00e9caution, tous les services en personne ont \u00e9t\u00e9 temporairement suspendus. Les services postaux resteront. \u00bb Lit-on dans le m\u00eame communiqu\u00e9. Cependant, dans une annotation, la m\u00eame source a pr\u00e9cis\u00e9 que \u00ab les rendez-vous sont temporairement suspendus et tous ceux pr\u00e9vus sont annul\u00e9s jusqu\u2019\u00e0 nouvel ordre \u00bb.<\/div>\n<\/div>\n<p>Auteur: R\u00e9flexion<br \/>\n<a href=\"https:\/\/www.reflexiondz.net\/Le-consulat-d-Algerie-a-New-York-suspend-ses-services_a64109.html\">Cliquez ici pour lire l&rsquo;article depuis sa source.<\/a><\/p>\n","protected":false},"excerpt":{"rendered":"<p>Le consulat g\u00e9n\u00e9ral d\u2019Alg\u00e9rie \u00e0 New York a annonc\u00e9 la suspension temporaire de ses services jusqu\u2019\u00e0 nouvel ordre. Dans un communiqu\u00e9 publi\u00e9 sur leur site internet, le consulat g\u00e9n\u00e9ral d\u2019Alg\u00e9rie a inform\u00e9, suite aux directives des autorit\u00e9s de sant\u00e9 publique de New York, de la suspension temporaire de tous les services en personne et l\u2019annulation [&hellip;]<\/p>\n","protected":false},"author":1740,"featured_media":0,"comment_status":"closed","ping_status":"closed","sticky":false,"template":"","format":"standard","meta":{"fifu_image_url":"","fifu_image_alt":"","footnotes":""},"categories":[53,76],"tags":[],"class_list":["post-92868","post","type-post","status-publish","format-standard","hentry","category-algerie","category-regions"],"_links":{"self":[{"href":"https:\/\/linitiative.ca\/International\/wp-json\/wp\/v2\/posts\/92868","targetHints":{"allow":["GET"]}}],"collection":[{"href":"https:\/\/linitiative.ca\/International\/wp-json\/wp\/v2\/posts"}],"about":[{"href":"https:\/\/linitiative.ca\/International\/wp-json\/wp\/v2\/types\/post"}],"author":[{"embeddable":true,"href":"https:\/\/linitiative.ca\/International\/wp-json\/wp\/v2\/users\/1740"}],"replies":[{"embeddable":true,"href":"https:\/\/linitiative.ca\/International\/wp-json\/wp\/v2\/comments?post=92868"}],"version-history":[{"count":0,"href":"https:\/\/linitiative.ca\/International\/wp-json\/wp\/v2\/posts\/92868\/revisions"}],"wp:attachment":[{"href":"https:\/\/linitiative.ca\/International\/wp-json\/wp\/v2\/media?parent=92868"}],"wp:term":[{"taxonomy":"category","embeddable":true,"href":"https:\/\/linitiative.ca\/International\/wp-json\/wp\/v2\/categories?post=92868"},{"taxonomy":"post_tag","embeddable":true,"href":"https:\/\/linitiative.ca\/International\/wp-json\/wp\/v2\/tags?post=92868"}],"curies":[{"name":"wp","href":"https:\/\/api.w.org\/{rel}","templated":true}]}}