{"id":92869,"date":"2020-07-19T11:52:00","date_gmt":"2020-07-19T15:52:00","guid":{"rendered":"https:\/\/linitiative.ca\/International\/vers-le-rapatriement-des-algeriens-bloques-en-tunisie-le-22-juillet\/"},"modified":"2020-07-19T11:52:00","modified_gmt":"2020-07-19T15:52:00","slug":"vers-le-rapatriement-des-algeriens-bloques-en-tunisie-le-22-juillet","status":"publish","type":"post","link":"https:\/\/linitiative.ca\/International\/vers-le-rapatriement-des-algeriens-bloques-en-tunisie-le-22-juillet\/","title":{"rendered":"Vers le rapatriement des Alg\u00e9riens bloqu\u00e9s en Tunisie le 22 juillet"},"content":{"rendered":"<p><br id=\"sep_para_1\" class=\"sep_para access\"\/><\/p>\n<div id=\"para_1\" class=\"para_37950761 resize\">\n<div class=\"texte access firstletter\">L\u2019ambassade de la R\u00e9publique tunisienne en Alg\u00e9rie a annonc\u00e9 ce dimanche 19 juillet 2020, sur sa page Facebook, que l\u2019op\u00e9ration de rapatriement des Tunisiens et des Alg\u00e9riens r\u00e9sidant en Tunisie d\u00e9butera le 22 juillet 2020, \u00e0 sept heures du matin, par le poste frontalier d\u2019Oum Tboul (El Tarf). La repr\u00e9sentation diplomatique tunisienne a pr\u00e9cis\u00e9 que ceux qui souhaitent s\u2019inscrire dans cette op\u00e9ration de rapatriement doivent faire une r\u00e9servation d\u2019h\u00f4tel et envoyer une copie de la r\u00e9servation, des passeports et de la carte de r\u00e9sident \u00e9tranger en Tunisie \u00e0 l\u2019adresse mail suivante : ambtnijlaa2020@gmail.com. Il est \u00e0 noter que l\u2019un des parents est dispens\u00e9 du confinement obligatoire \u00e0 domicile avec l\u2019obligation de s\u2019auto-confiner s\u2019il accompagne ses enfants de moins de 12 ans, pr\u00e9cise le m\u00eame communiqu\u00e9.<\/div>\n<\/div>\n<p>Auteur: R\u00e9flexion<br \/>\n<a href=\"https:\/\/www.reflexiondz.net\/Vers-le-rapatriement-des-Algeriens-bloques-en-Tunisie-le-22-juillet_a64110.html\">Cliquez ici pour lire l&rsquo;article depuis sa source.<\/a><\/p>\n","protected":false},"excerpt":{"rendered":"<p>L\u2019ambassade de la R\u00e9publique tunisienne en Alg\u00e9rie a annonc\u00e9 ce dimanche 19 juillet 2020, sur sa page Facebook, que l\u2019op\u00e9ration de rapatriement des Tunisiens et des Alg\u00e9riens r\u00e9sidant en Tunisie d\u00e9butera le 22 juillet 2020, \u00e0 sept heures du matin, par le poste frontalier d\u2019Oum Tboul (El Tarf). La repr\u00e9sentation diplomatique tunisienne a pr\u00e9cis\u00e9 que [&hellip;]<\/p>\n","protected":false},"author":1740,"featured_media":0,"comment_status":"closed","ping_status":"closed","sticky":false,"template":"","format":"standard","meta":{"fifu_image_url":"","fifu_image_alt":"","footnotes":""},"categories":[53,76],"tags":[],"class_list":["post-92869","post","type-post","status-publish","format-standard","hentry","category-algerie","category-regions"],"_links":{"self":[{"href":"https:\/\/linitiative.ca\/International\/wp-json\/wp\/v2\/posts\/92869","targetHints":{"allow":["GET"]}}],"collection":[{"href":"https:\/\/linitiative.ca\/International\/wp-json\/wp\/v2\/posts"}],"about":[{"href":"https:\/\/linitiative.ca\/International\/wp-json\/wp\/v2\/types\/post"}],"author":[{"embeddable":true,"href":"https:\/\/linitiative.ca\/International\/wp-json\/wp\/v2\/users\/1740"}],"replies":[{"embeddable":true,"href":"https:\/\/linitiative.ca\/International\/wp-json\/wp\/v2\/comments?post=92869"}],"version-history":[{"count":0,"href":"https:\/\/linitiative.ca\/International\/wp-json\/wp\/v2\/posts\/92869\/revisions"}],"wp:attachment":[{"href":"https:\/\/linitiative.ca\/International\/wp-json\/wp\/v2\/media?parent=92869"}],"wp:term":[{"taxonomy":"category","embeddable":true,"href":"https:\/\/linitiative.ca\/International\/wp-json\/wp\/v2\/categories?post=92869"},{"taxonomy":"post_tag","embeddable":true,"href":"https:\/\/linitiative.ca\/International\/wp-json\/wp\/v2\/tags?post=92869"}],"curies":[{"name":"wp","href":"https:\/\/api.w.org\/{rel}","templated":true}]}}