{"id":92880,"date":"2020-07-19T12:18:00","date_gmt":"2020-07-19T16:18:00","guid":{"rendered":"https:\/\/linitiative.ca\/International\/bizerte-61-le-temoignage-dun-des-heros-de-la-guerre-le-general-kateb\/"},"modified":"2020-07-19T12:18:00","modified_gmt":"2020-07-19T16:18:00","slug":"bizerte-61-le-temoignage-dun-des-heros-de-la-guerre-le-general-kateb","status":"publish","type":"post","link":"https:\/\/linitiative.ca\/International\/bizerte-61-le-temoignage-dun-des-heros-de-la-guerre-le-general-kateb\/","title":{"rendered":"Bizerte 61: le t\u00e9moignage d&rsquo;un des h\u00e9ros de la guerre, le g\u00e9n\u00e9ral Kateb"},"content":{"rendered":"<p>On comm\u00e9more ce dimanche 19 juillet, la derni\u00e8re confrontation militaire entre la Tunisie et la France qui remonte \u00e0 59 ans, alors que notre pays \u00e9tait ind\u00e9pendant depuis depuis 5 ans.<\/p>\n<p>Les travaux men\u00e9s par la France sur la base a\u00e9ronavale de Sidi Ahmed en avaient \u00e9t\u00e9 l&rsquo;\u00e9l\u00e9ment d\u00e9clencheur. Ils ont \u00e9t\u00e9 per\u00e7us par la Tunisie comme une manifestation de la volont\u00e9 de la France de s&rsquo;installer \u00e0 Bizerte. Les combats qui se d\u00e9roul\u00e9s du 19 au 23 juillet se termineront par un v\u00e9ritable carnage pour le camp tunisien. On a parl\u00e9 de milliers de victimes.\u00a0<\/p>\n<p>Frais \u00e9moulu de l&rsquo;\u00e9cole interarmes de Saint Cyr, <a href=\"https:\/\/www.leaders.com.tn\/article\/14539-il-y-a-53-ans-la-guerre-de-bizerte-le-temoignage-du-general-elkateb\" target=\"_blank\" rel=\"noopener noreferrer\">le jeune lieutenant Sa\u00efd Elkateb<\/a> (1), 25 ans d\u00e9barque avec sa compagnie (85 hommes) \u00e0 la station ferroviaire de Sidi Ahmed \u00e0 proximit\u00e9 de la\u00a0 base a\u00e9rienne. Il est surpris d\u2019y trouver un chantier o\u00f9 des \u00abch\u00f4meurs\u00bb\u00a0 s\u2019appr\u00eatent \u00e0 creuser des tranch\u00e9es \u00e0 la limite des barbel\u00e9s fran\u00e7ais \u00absans aucune id\u00e9e de man\u0153uvre\u00bb. Le commandant Kortas, chef de la garnison de Bizerte qui vient lui rendre visite, se garde de lui pr\u00e9ciser l\u2019objet de sa mission. T\u00e9moignage :<\/p>\n<p><strong>(1) Le g\u00e9n\u00e9ral Sa\u00efd Elkateb est d\u00e9c\u00e9d\u00e9 le 28.7.17. Il avait 82 ans.<\/strong><\/p>\n<p>Auteur:<br \/>\n<a href=\"https:\/\/www.leaders.com.tn\/article\/30293-bizerte-61-le-temoignage-d-un-des-heros-de-la-guerre-le-general-kateb\">Cliquez ici pour lire l&rsquo;article depuis sa source.<\/a><\/p>\n","protected":false},"excerpt":{"rendered":"<p>On comm\u00e9more ce dimanche 19 juillet, la derni\u00e8re confrontation militaire entre la Tunisie et la France qui remonte \u00e0 59 ans, alors que notre pays \u00e9tait ind\u00e9pendant depuis depuis 5 ans. Les travaux men\u00e9s par la France sur la base a\u00e9ronavale de Sidi Ahmed en avaient \u00e9t\u00e9 l&rsquo;\u00e9l\u00e9ment d\u00e9clencheur. Ils ont \u00e9t\u00e9 per\u00e7us par la [&hellip;]<\/p>\n","protected":false},"author":1772,"featured_media":0,"comment_status":"closed","ping_status":"closed","sticky":false,"template":"","format":"standard","meta":{"fifu_image_url":"","fifu_image_alt":"","footnotes":""},"categories":[73,55],"tags":[],"class_list":["post-92880","post","type-post","status-publish","format-standard","hentry","category-actualite","category-tunisie"],"_links":{"self":[{"href":"https:\/\/linitiative.ca\/International\/wp-json\/wp\/v2\/posts\/92880","targetHints":{"allow":["GET"]}}],"collection":[{"href":"https:\/\/linitiative.ca\/International\/wp-json\/wp\/v2\/posts"}],"about":[{"href":"https:\/\/linitiative.ca\/International\/wp-json\/wp\/v2\/types\/post"}],"author":[{"embeddable":true,"href":"https:\/\/linitiative.ca\/International\/wp-json\/wp\/v2\/users\/1772"}],"replies":[{"embeddable":true,"href":"https:\/\/linitiative.ca\/International\/wp-json\/wp\/v2\/comments?post=92880"}],"version-history":[{"count":0,"href":"https:\/\/linitiative.ca\/International\/wp-json\/wp\/v2\/posts\/92880\/revisions"}],"wp:attachment":[{"href":"https:\/\/linitiative.ca\/International\/wp-json\/wp\/v2\/media?parent=92880"}],"wp:term":[{"taxonomy":"category","embeddable":true,"href":"https:\/\/linitiative.ca\/International\/wp-json\/wp\/v2\/categories?post=92880"},{"taxonomy":"post_tag","embeddable":true,"href":"https:\/\/linitiative.ca\/International\/wp-json\/wp\/v2\/tags?post=92880"}],"curies":[{"name":"wp","href":"https:\/\/api.w.org\/{rel}","templated":true}]}}