{"id":92881,"date":"2020-07-19T13:50:00","date_gmt":"2020-07-19T17:50:00","guid":{"rendered":"https:\/\/linitiative.ca\/International\/lancien-ambassadeur-de-chine-a-tunis-wang-wenbin-nomme-porte-parole-au-ministere-des-affaires-etrangeres\/"},"modified":"2020-07-19T13:50:00","modified_gmt":"2020-07-19T17:50:00","slug":"lancien-ambassadeur-de-chine-a-tunis-wang-wenbin-nomme-porte-parole-au-ministere-des-affaires-etrangeres","status":"publish","type":"post","link":"https:\/\/linitiative.ca\/International\/lancien-ambassadeur-de-chine-a-tunis-wang-wenbin-nomme-porte-parole-au-ministere-des-affaires-etrangeres\/","title":{"rendered":"L&rsquo;ancien ambassadeur de Chine \u00e0 Tunis, Wang Wenbin, nomm\u00e9 porte-parole au minist\u00e8re des Affaires \u00e9trang\u00e8res"},"content":{"rendered":"<p><img loading=\"lazy\" decoding=\"async\" src=\"\/uploads\/FCK_files\/wan.jpg\" width=\"250\" vspace=\"5\" align=\"right\" hspace=\"5\" height=\"204\" alt=\"\"\/>Belle promotion de l\u2019ancien ambassadeur de Chine, Wang Wenbin. A peine rappel\u00e9 \u00e0 P\u00e9kin, apr\u00e8s avoir pass\u00e9 seulement deux ans en poste, il vient d\u2019\u00eatre nomm\u00e9 porte-parole au minist\u00e8re des Affaires \u00e9trang\u00e8res, avec rang de directeur g\u00e9n\u00e9ral adjoint au D\u00e9partement de l&rsquo;information. Parfaitement francophone, il fait partie des trois diplomates chinois de haut rang assumant cette fonction, encore des plus d\u00e9licates au moment o\u00f9, suite \u00e0 la pand\u00e9mie du Covid-19, la Chine d\u00e9ploie une diplomatie publique tr\u00e8s intensive.<\/p>\n<p>Accr\u00e9dit\u00e9 \u00e0 Tunis le 24 mai 2018, l\u2019ambassadeur Wang Wenbin avait apport\u00e9 une contribution substantielle au renforcement des relations bilat\u00e9rales, \u00e9tablissant des liens \u00e9troits avec toutes les parties significatives, tant des officiels que des op\u00e9rateurs \u00e9conomiques, op\u00e9rateurs \u00e9conomiques, acteurs de la soci\u00e9t\u00e9 civile et m\u00e9dias.\u00a0Au terme de sa mission, il \u00e9tait re\u00e7u le 3 juin en visite d\u2019adieu par le pr\u00e9sident de la R\u00e9publique, Kais Sa\u00efed. En consid\u00e9ration \u00e0 ses efforts, le chef de l&rsquo;Etat lui a remis \u00e0 cette occasion le collier de Grand Officier dans l\u2019Ordre de la R\u00e9publique, une rare distinction accord\u00e9e \u00e0 un ambassadeur qui aura effectu\u00e9 une p\u00e9riode aussi courte en Tunisie.<\/p>\n<p>M. Wang Wenbin, n\u00e9 en avril 1971 dans l&rsquo;Anhui, titulaire d\u2019une licence et diplomate de carri\u00e8re, avait rejoint le minist\u00e8re des Affaires \u00e9trang\u00e8res en 1933. D\u00e8s 1994, il sera affect\u00e9 en poste successivement au S\u00e9n\u00e9gal, Cameroun et Maurice, avant d\u2019\u00eatre nomm\u00e9 ambassadeur \u00e0 Tunis.<br \/>\u00a0<\/p>\n<p>Auteur:<br \/>\n<a href=\"https:\/\/www.leaders.com.tn\/article\/30282-l-ancien-ambassadeur-de-chine-a-tunis-wang-wenbin-nomme-porte-parole-au-ministere-des-affaires-etrangeres\">Cliquez ici pour lire l&rsquo;article depuis sa source.<\/a><\/p>\n","protected":false},"excerpt":{"rendered":"<p>Belle promotion de l\u2019ancien ambassadeur de Chine, Wang Wenbin. A peine rappel\u00e9 \u00e0 P\u00e9kin, apr\u00e8s avoir pass\u00e9 seulement deux ans en poste, il vient d\u2019\u00eatre nomm\u00e9 porte-parole au minist\u00e8re des Affaires \u00e9trang\u00e8res, avec rang de directeur g\u00e9n\u00e9ral adjoint au D\u00e9partement de l&rsquo;information. Parfaitement francophone, il fait partie des trois diplomates chinois de haut rang assumant [&hellip;]<\/p>\n","protected":false},"author":1772,"featured_media":92882,"comment_status":"closed","ping_status":"closed","sticky":false,"template":"","format":"standard","meta":{"fifu_image_url":"","fifu_image_alt":"","footnotes":""},"categories":[73,55],"tags":[],"class_list":["post-92881","post","type-post","status-publish","format-standard","has-post-thumbnail","hentry","category-actualite","category-tunisie"],"_links":{"self":[{"href":"https:\/\/linitiative.ca\/International\/wp-json\/wp\/v2\/posts\/92881","targetHints":{"allow":["GET"]}}],"collection":[{"href":"https:\/\/linitiative.ca\/International\/wp-json\/wp\/v2\/posts"}],"about":[{"href":"https:\/\/linitiative.ca\/International\/wp-json\/wp\/v2\/types\/post"}],"author":[{"embeddable":true,"href":"https:\/\/linitiative.ca\/International\/wp-json\/wp\/v2\/users\/1772"}],"replies":[{"embeddable":true,"href":"https:\/\/linitiative.ca\/International\/wp-json\/wp\/v2\/comments?post=92881"}],"version-history":[{"count":0,"href":"https:\/\/linitiative.ca\/International\/wp-json\/wp\/v2\/posts\/92881\/revisions"}],"wp:featuredmedia":[{"embeddable":true,"href":"https:\/\/linitiative.ca\/International\/wp-json\/"}],"wp:attachment":[{"href":"https:\/\/linitiative.ca\/International\/wp-json\/wp\/v2\/media?parent=92881"}],"wp:term":[{"taxonomy":"category","embeddable":true,"href":"https:\/\/linitiative.ca\/International\/wp-json\/wp\/v2\/categories?post=92881"},{"taxonomy":"post_tag","embeddable":true,"href":"https:\/\/linitiative.ca\/International\/wp-json\/wp\/v2\/tags?post=92881"}],"curies":[{"name":"wp","href":"https:\/\/api.w.org\/{rel}","templated":true}]}}