{"id":92891,"date":"2020-07-19T14:34:07","date_gmt":"2020-07-19T18:34:07","guid":{"rendered":"https:\/\/linitiative.ca\/International\/coronavirus-fatima-la-marocaine-qui-fait-la-une-de-la-presse-britannique\/"},"modified":"2020-07-19T14:34:07","modified_gmt":"2020-07-19T18:34:07","slug":"coronavirus-fatima-la-marocaine-qui-fait-la-une-de-la-presse-britannique","status":"publish","type":"post","link":"https:\/\/linitiative.ca\/International\/coronavirus-fatima-la-marocaine-qui-fait-la-une-de-la-presse-britannique\/","title":{"rendered":"Coronavirus : Fatima, la Marocaine qui fait la Une de la presse britannique"},"content":{"rendered":"<p><strong>Cette Marocaine de 35 ans, originaire de Mohamm\u00e9dia, fait ce dimanche 19 juillet la Une de la presse britannique. Fatima est la patiente infect\u00e9e par le coronavirus qui \u00ab\u00a0<em>a souffert le plus longtemps au Royaume-Uni<\/em>\u00ab\u00a0.<\/strong><\/p>\n<div class=\"c10\"\/>\n<p>Pour Fatima Bridle, c\u2019est un r\u00eave de vivre encore apr\u00e8s sa gu\u00e9rison du nouveau coronavirus. \u00ab\u00a0<em>Je tiens \u00e0 remercier chacun des m\u00e9decins et infirmi\u00e8res qui m\u2019ont donn\u00e9 la chance d\u2019une nouvelle vie. Je suis heureuse d\u2019\u00eatre ici. C\u2019est comme un r\u00eave<\/em>.\u00a0\u00bb a t-elle d\u00e9clar\u00e9 \u00e0 la presse. En mars dernier, apr\u00e8s un s\u00e9jour d\u2019un mois, cette marocaine de 35 ans, mari\u00e9e \u00e0 un britannique, rentrait du Maroc en compagnie de son mari. Quelques jours apr\u00e8s leur retour au Royaume-Uni, ils tombent malades.<\/p>\n<p><strong>Lire aussi|<\/strong><a href=\"https:\/\/www.challenge.ma\/deconfinement-le-maroc-passera-a-la-troisieme-des-aujourdhui-a-minuit-149854\/\"><strong>D\u00e9confinement : le Maroc passera \u00e0 la troisi\u00e8me d\u00e8s aujourd\u2019hui \u00e0 minuit<\/strong><\/a><\/p>\n<p>Si son mari s\u2019en est tir\u00e9 au bout de quelques jours, tel n\u2019a pas \u00e9t\u00e9 le cas pour l\u2019originaire de Mohamm\u00e9dia. Fatima est finalement hospitalis\u00e9e pendant 130 jours incroyables dont 105 sous assistance de ventilateurs et 40 jours dans le coma. Pour la presse britannique qui en a fait sa Une ce dimanche 19 juillet, elle est la \u00ab\u00a0<em>patiente atteinte de coronavirus ayant souffert le plus longtemps\u00a0<\/em>\u00bb. Actuellement, la marocaine est en convalescence avec n\u00e9anmoins des cons\u00e9quences et des s\u00e9quelles sur l\u2019un de ses poumons. Si pour Tracy, son mari, \u00ab\u00a0<em>il s\u2019agit d\u2019un miracle m\u00e9dical<\/em>\u00ab\u00a0, pour les m\u00e9decins, \u00ab\u00a0<em>Fatima est tout simplement une miracul\u00e9e qui revient de loin<\/em>\u00ab\u00a0.<\/p>\n<p><strong>Lire aussi|<\/strong><a href=\"https:\/\/www.challenge.ma\/situation-economique-au-maroc-ce-qui-preoccupe-la-banque-mondiale-149846\/\"><strong>Situation \u00e9conomique au Maroc : ce qui pr\u00e9occupe la Banque mondiale<\/strong><\/a><\/p>\n<div class=\"vw-sticky-sidebar-wrapper vw-sticky-sidebar widget_text awac-wrapper widget_text awac widget custom_html-4 textwidget custom-html-widget\">\n<p class=\"has-background c12\"><span class=\"widget-title c11\">Tribune et D\u00e9bats<\/span><\/p>\n<p>La tribune qui vous parle d\u2019une actu, d\u2019un sujet qui fait d\u00e9bat, les traitent et les analysent. \u00c9conomistes et autres experts, patrons d\u2019entreprises, d\u00e9cideurs, acteurs de la soci\u00e9t\u00e9 civile, s\u2019y prononcent et contribuent \u00e0 sa grande richesse. Vous avez votre opinion, convergente ou diff\u00e9rente. Exprimez-la et mesurez-vous ainsi \u00e0 nos tribuns et d\u00e9batteurs.<\/p>\n<p>Envoyez vos analyses \u00e0 : <a href=\"\/cdn-cgi\/l\/email-protection#dcbfb3b2a8bdbfa89cbfb4bdb0b0b9b2bbb9f2b1bd\"><span class=\"__cf_email__\" data-cfemail=\"e0838f8e94818394a08388818c8c858e8785ce8d81\">[email\u00a0protected]<\/span><\/a>, en pr\u00e9cisant votre nom, votre pr\u00e9nom et votre m\u00e9tier.<\/p>\n<\/div>\n<p>Auteur: Adama Sylla<br \/>\n<a href=\"https:\/\/www.challenge.ma\/coronavirus-fatima-la-marocaine-qui-fait-la-une-de-la-presse-britannique-149861\/\">Cliquez ici pour lire l&rsquo;article depuis sa source.<\/a><\/p>\n","protected":false},"excerpt":{"rendered":"<p>Cette Marocaine de 35 ans, originaire de Mohamm\u00e9dia, fait ce dimanche 19 juillet la Une de la presse britannique. Fatima est la patiente infect\u00e9e par le coronavirus qui \u00ab\u00a0a souffert le plus longtemps au Royaume-Uni\u00ab\u00a0. Pour Fatima Bridle, c\u2019est un r\u00eave de vivre encore apr\u00e8s sa gu\u00e9rison du nouveau coronavirus. \u00ab\u00a0Je tiens \u00e0 remercier chacun [&hellip;]<\/p>\n","protected":false},"author":1787,"featured_media":0,"comment_status":"closed","ping_status":"closed","sticky":false,"template":"","format":"standard","meta":{"fifu_image_url":"","fifu_image_alt":"","footnotes":""},"categories":[78,54],"tags":[],"class_list":["post-92891","post","type-post","status-publish","format-standard","hentry","category-economie","category-maroc"],"_links":{"self":[{"href":"https:\/\/linitiative.ca\/International\/wp-json\/wp\/v2\/posts\/92891","targetHints":{"allow":["GET"]}}],"collection":[{"href":"https:\/\/linitiative.ca\/International\/wp-json\/wp\/v2\/posts"}],"about":[{"href":"https:\/\/linitiative.ca\/International\/wp-json\/wp\/v2\/types\/post"}],"author":[{"embeddable":true,"href":"https:\/\/linitiative.ca\/International\/wp-json\/wp\/v2\/users\/1787"}],"replies":[{"embeddable":true,"href":"https:\/\/linitiative.ca\/International\/wp-json\/wp\/v2\/comments?post=92891"}],"version-history":[{"count":0,"href":"https:\/\/linitiative.ca\/International\/wp-json\/wp\/v2\/posts\/92891\/revisions"}],"wp:attachment":[{"href":"https:\/\/linitiative.ca\/International\/wp-json\/wp\/v2\/media?parent=92891"}],"wp:term":[{"taxonomy":"category","embeddable":true,"href":"https:\/\/linitiative.ca\/International\/wp-json\/wp\/v2\/categories?post=92891"},{"taxonomy":"post_tag","embeddable":true,"href":"https:\/\/linitiative.ca\/International\/wp-json\/wp\/v2\/tags?post=92891"}],"curies":[{"name":"wp","href":"https:\/\/api.w.org\/{rel}","templated":true}]}}