{"id":92893,"date":"2020-07-19T06:17:26","date_gmt":"2020-07-19T10:17:26","guid":{"rendered":"https:\/\/linitiative.ca\/International\/tunisie-ennahdha-condamne-les-violations-commises-par-abir-moussi-au-parlement\/"},"modified":"2020-07-19T06:17:26","modified_gmt":"2020-07-19T10:17:26","slug":"tunisie-ennahdha-condamne-les-violations-commises-par-abir-moussi-au-parlement","status":"publish","type":"post","link":"https:\/\/linitiative.ca\/International\/tunisie-ennahdha-condamne-les-violations-commises-par-abir-moussi-au-parlement\/","title":{"rendered":"Tunisie: Ennahdha condamne les violations commises par Abir Moussi au Parlement"},"content":{"rendered":"<div class=\"post-cont-in left relative\">\n<p>Le bloc du mouvement <a href=\"https:\/\/www.tunisienumerique.com\/tunisie-actualite\/ennahdha\/\" title=\"Ennahdha\" target=\"_top\" class=\"auto-link\" rel=\"noopener noreferrer\">Ennahdha<\/a> a condamn\u00e9 les violations d\u00e9lib\u00e9r\u00e9es de la pr\u00e9sidente du bloc Parti Destourien Libre (PDL) <a href=\"https:\/\/www.tunisienumerique.com\/tunisie-actualite\/abir-moussi\/\" title=\"Abir Moussi\" target=\"_top\" class=\"auto-link\" rel=\"noopener noreferrer\">Abir Moussi<\/a> et des d\u00e9put\u00e9s \u00e0 l\u2019Assembl\u00e9e des repr\u00e9sentants du peuple (ARP), y compris le bureau du chef de cabinet, malgr\u00e9 la menace qu\u2019elle repr\u00e9sente pour la s\u00e9curit\u00e9 de l\u2019ARP et de ses employ\u00e9s et le danger pour ses installations et documents mena\u00e7ant d\u2019endommagement, de vol et de pillage.<\/p>\n<div class=\"code-block code-block-1 c3\"><ins class=\"adsbygoogle c2\" data-ad-layout=\"in-article\" data-ad-format=\"fluid\" data-ad-client=\"ca-pub-2102118777505746\" data-ad-slot=\"7301775417\"\/> <\/div>\n<p>Dans un communiqu\u00e9, publi\u00e9 samedi soir, Ennahdha a exprim\u00e9 sa pleine solidarit\u00e9 avec tous les employ\u00e9s de l\u2019Assembl\u00e9e du peuple, pr\u00e9sident, cadres, agents, chef de cabinet et d\u00e9put\u00e9s qui ont \u00e9t\u00e9 soumis \u00e0 une campagne d\u2019insultes et de tentatives d\u2019agression verbale et mat\u00e9rielle.<\/p>\n<p>Le bloc parlementaire Ennahdha a affirm\u00e9 que ce que Abir Moussi et ceux qui l\u2019accompagnent ont commis contre l\u2019Assembl\u00e9e du peuple, ses employ\u00e9s, ses agents et ses d\u00e9put\u00e9s est un crime grave au regard de la loi.<\/p>\n<p>Le bloc a \u00e9galement soulign\u00e9 qu\u2019il d\u00e9fendait le droit des d\u00e9put\u00e9s du bloc de traquer les agresseurs et de les tenir responsables de ce qu\u2019ils ont commis contre le Parlement et ses d\u00e9put\u00e9s.<\/p>\n<p>Les d\u00e9put\u00e9s Nahdhaoui ont appel\u00e9 les autorit\u00e9s concern\u00e9es \u00e0 ne pas h\u00e9siter \u00e0 mettre en \u0153uvre la loi, \u00e0 imposer sa supr\u00e9matie et \u00e0 mettre fin aux crimes portant atteinte \u00e0 la s\u00e9curit\u00e9 nationale de la Tunisie, \u00e0 la\u00a0 \u00e0 la s\u00fbret\u00e9 de ses institutions et de ses employ\u00e9s, agents et d\u00e9put\u00e9s.<\/p>\n<div class=\"swp_social_panel swp_horizontal_panel swp_flat_fresh swp_default_full_color swp_individual_full_color swp_other_full_color scale-100 scale-\" data-min-width=\"1100\" data-float-color=\"#ffffff\" data-float=\"bottom\" data-float-mobile=\"bottom\" data-transition=\"slide\">\n<div class=\"nc_tweetContainer swp_share_button total_shares total_sharesalt\"><span class=\"swp_count\">88 <span class=\"swp_label\">Partages<\/span><\/span><\/div>\n<\/div>\n<p><strong>Que se passe-t-il en Tunisie?<\/strong><br \/>Nous expliquons sur notre <a href=\"https:\/\/www.youtube.com\/channel\/UCRzypVq0B_yBad5eGrwBx0Q?sub_confirmation=1\" target=\"_blank\" rel=\"noopener noreferrer\">cha\u00eene YouTube<\/a> . <a href=\"https:\/\/www.youtube.com\/channel\/UCRzypVq0B_yBad5eGrwBx0Q?sub_confirmation=1\" target=\"_blank\" rel=\"noopener noreferrer\">Abonnez-vous!<\/a><\/p>\n<div class=\"mvp-org-wrap mvp-org-logo\" itemprop=\"publisher\" itemscope=\"\" itemtype=\"https:\/\/schema.org\/Organization\"><img decoding=\"async\" src=\"https:\/\/www.tunisienumerique.com\/wp-content\/uploads\/2017\/02\/logo_tunisie_numerique.png\"\/><\/div>\n<div class=\"mvp-related-posts left relative\">\n<h4 class=\"post-header\"><span class=\"post-header\">Lire aussi<\/span><\/h4>\n<\/div>\n<div id=\"article-ad\"><ins class=\"adsbygoogle c4\" data-ad-client=\"ca-pub-2102118777505746\" data-ad-slot=\"6513972734\" data-ad-format=\"auto\" data-full-width-responsive=\"true\"\/> <\/div>\n<\/div>\n<div id=\"post-sidebar-wrap\"><ins class=\"adsbygoogle c4\" data-ad-client=\"ca-pub-2102118777505746\" data-ad-slot=\"6168283410\" data-ad-format=\"auto\" data-full-width-responsive=\"true\"\/> <\/div>\n<p>Auteur: Mourad S<br \/>\n<a href=\"https:\/\/www.tunisienumerique.com\/tunisie-ennahdha-condamne-les-violations-commises-par-abir-moussi-au-parlement\/\">Cliquez ici pour lire l&rsquo;article depuis sa source.<\/a><\/p>\n","protected":false},"excerpt":{"rendered":"<p>Le bloc du mouvement Ennahdha a condamn\u00e9 les violations d\u00e9lib\u00e9r\u00e9es de la pr\u00e9sidente du bloc Parti Destourien Libre (PDL) Abir Moussi et des d\u00e9put\u00e9s \u00e0 l\u2019Assembl\u00e9e des repr\u00e9sentants du peuple (ARP), y compris le bureau du chef de cabinet, malgr\u00e9 la menace qu\u2019elle repr\u00e9sente pour la s\u00e9curit\u00e9 de l\u2019ARP et de ses employ\u00e9s et le [&hellip;]<\/p>\n","protected":false},"author":1789,"featured_media":92894,"comment_status":"closed","ping_status":"closed","sticky":false,"template":"","format":"standard","meta":{"fifu_image_url":"","fifu_image_alt":"","footnotes":""},"categories":[73,55],"tags":[],"class_list":["post-92893","post","type-post","status-publish","format-standard","has-post-thumbnail","hentry","category-actualite","category-tunisie"],"_links":{"self":[{"href":"https:\/\/linitiative.ca\/International\/wp-json\/wp\/v2\/posts\/92893","targetHints":{"allow":["GET"]}}],"collection":[{"href":"https:\/\/linitiative.ca\/International\/wp-json\/wp\/v2\/posts"}],"about":[{"href":"https:\/\/linitiative.ca\/International\/wp-json\/wp\/v2\/types\/post"}],"author":[{"embeddable":true,"href":"https:\/\/linitiative.ca\/International\/wp-json\/wp\/v2\/users\/1789"}],"replies":[{"embeddable":true,"href":"https:\/\/linitiative.ca\/International\/wp-json\/wp\/v2\/comments?post=92893"}],"version-history":[{"count":0,"href":"https:\/\/linitiative.ca\/International\/wp-json\/wp\/v2\/posts\/92893\/revisions"}],"wp:featuredmedia":[{"embeddable":true,"href":"https:\/\/linitiative.ca\/International\/wp-json\/"}],"wp:attachment":[{"href":"https:\/\/linitiative.ca\/International\/wp-json\/wp\/v2\/media?parent=92893"}],"wp:term":[{"taxonomy":"category","embeddable":true,"href":"https:\/\/linitiative.ca\/International\/wp-json\/wp\/v2\/categories?post=92893"},{"taxonomy":"post_tag","embeddable":true,"href":"https:\/\/linitiative.ca\/International\/wp-json\/wp\/v2\/tags?post=92893"}],"curies":[{"name":"wp","href":"https:\/\/api.w.org\/{rel}","templated":true}]}}