{"id":92901,"date":"2020-07-19T06:52:58","date_gmt":"2020-07-19T10:52:58","guid":{"rendered":"https:\/\/linitiative.ca\/International\/tunisie-issam-chebbi-demande-a-elyes-fakhfekh-de-deleguer-ses-pouvoirs-a-lun-de-ses-ministres\/"},"modified":"2020-07-19T06:52:58","modified_gmt":"2020-07-19T10:52:58","slug":"tunisie-issam-chebbi-demande-a-elyes-fakhfekh-de-deleguer-ses-pouvoirs-a-lun-de-ses-ministres","status":"publish","type":"post","link":"https:\/\/linitiative.ca\/International\/tunisie-issam-chebbi-demande-a-elyes-fakhfekh-de-deleguer-ses-pouvoirs-a-lun-de-ses-ministres\/","title":{"rendered":"Tunisie: Issam Chebbi demande \u00e0 Ely\u00e8s Fakhfekh de d\u00e9l\u00e9guer ses pouvoirs \u00e0 l\u2019un de ses ministres"},"content":{"rendered":"<div class=\"post-cont-in left relative\">\n<p>Le Secr\u00e9taire g\u00e9n\u00e9ral du parti Al Joumhouri, Issam Chebbi a estim\u00e9 qu\u2019apr\u00e8s la publication du rapport de l\u2019Instance de contr\u00f4le, il ne restait plus au chef du gouvernement, Ely\u00e8s Fakhfekh que de d\u00e9l\u00e9guer ses pouvoirs \u00e0 l\u2019un de ses ministres et de se consacrer \u00e0 sa d\u00e9fense face aux accusations qui le concernent.<\/p>\n<div class=\"code-block code-block-1 c3\"><ins class=\"adsbygoogle c2\" data-ad-layout=\"in-article\" data-ad-format=\"fluid\" data-ad-client=\"ca-pub-2102118777505746\" data-ad-slot=\"7301775417\"\/> <\/div>\n<p>Issam Chebbi a soulign\u00e9, dans un post sur sa page Facebook, que ce sont les r\u00e8gles de la d\u00e9mocratie qu\u2019il faut instaurer en Tunisie malgr\u00e9 toutes les difficult\u00e9s.<\/p>\n<p>Il a ajout\u00e9, dans le m\u00eame contexte: \u201cAu moins la Tunisie aura profit\u00e9 de quelque chose de cette crise, qui a failli la d\u00e9stabiliser\u201d.<\/p>\n<div class=\"swp_social_panel swp_horizontal_panel swp_flat_fresh swp_default_full_color swp_individual_full_color swp_other_full_color scale-100 scale-\" data-min-width=\"1100\" data-float-color=\"#ffffff\" data-float=\"bottom\" data-float-mobile=\"bottom\" data-transition=\"slide\">\n<div class=\"nc_tweetContainer swp_share_button total_shares total_sharesalt\"><span class=\"swp_count\">505 <span class=\"swp_label\">Partages<\/span><\/span><\/div>\n<\/div>\n<p><strong>Que se passe-t-il en Tunisie?<\/strong><br \/>Nous expliquons sur notre <a href=\"https:\/\/www.youtube.com\/channel\/UCRzypVq0B_yBad5eGrwBx0Q?sub_confirmation=1\" target=\"_blank\" rel=\"noopener noreferrer\">cha\u00eene YouTube<\/a> . <a href=\"https:\/\/www.youtube.com\/channel\/UCRzypVq0B_yBad5eGrwBx0Q?sub_confirmation=1\" target=\"_blank\" rel=\"noopener noreferrer\">Abonnez-vous!<\/a><\/p>\n<div class=\"mvp-org-wrap mvp-org-logo\" itemprop=\"publisher\" itemscope=\"\" itemtype=\"https:\/\/schema.org\/Organization\"><img decoding=\"async\" src=\"https:\/\/www.tunisienumerique.com\/wp-content\/uploads\/2017\/02\/logo_tunisie_numerique.png\"\/><\/div>\n<div class=\"mvp-related-posts left relative\">\n<h4 class=\"post-header\"><span class=\"post-header\">Lire aussi<\/span><\/h4>\n<\/div>\n<div id=\"article-ad\"><ins class=\"adsbygoogle c4\" data-ad-client=\"ca-pub-2102118777505746\" data-ad-slot=\"6513972734\" data-ad-format=\"auto\" data-full-width-responsive=\"true\"\/> <\/div>\n<\/div>\n<div id=\"post-sidebar-wrap\"><ins class=\"adsbygoogle c4\" data-ad-client=\"ca-pub-2102118777505746\" data-ad-slot=\"6168283410\" data-ad-format=\"auto\" data-full-width-responsive=\"true\"\/> <\/div>\n<p>Auteur: Mourad S<br \/>\n<a href=\"https:\/\/www.tunisienumerique.com\/tunisie-issam-chebbi-demande-a-elyes-fakhfekh-de-deleguer-ses-pouvoirs-a-lun-de-ses-ministres\/\">Cliquez ici pour lire l&rsquo;article depuis sa source.<\/a><\/p>\n","protected":false},"excerpt":{"rendered":"<p>Le Secr\u00e9taire g\u00e9n\u00e9ral du parti Al Joumhouri, Issam Chebbi a estim\u00e9 qu\u2019apr\u00e8s la publication du rapport de l\u2019Instance de contr\u00f4le, il ne restait plus au chef du gouvernement, Ely\u00e8s Fakhfekh que de d\u00e9l\u00e9guer ses pouvoirs \u00e0 l\u2019un de ses ministres et de se consacrer \u00e0 sa d\u00e9fense face aux accusations qui le concernent. Issam Chebbi [&hellip;]<\/p>\n","protected":false},"author":1789,"featured_media":92902,"comment_status":"closed","ping_status":"closed","sticky":false,"template":"","format":"standard","meta":{"fifu_image_url":"","fifu_image_alt":"","footnotes":""},"categories":[73,55],"tags":[],"class_list":["post-92901","post","type-post","status-publish","format-standard","has-post-thumbnail","hentry","category-actualite","category-tunisie"],"_links":{"self":[{"href":"https:\/\/linitiative.ca\/International\/wp-json\/wp\/v2\/posts\/92901","targetHints":{"allow":["GET"]}}],"collection":[{"href":"https:\/\/linitiative.ca\/International\/wp-json\/wp\/v2\/posts"}],"about":[{"href":"https:\/\/linitiative.ca\/International\/wp-json\/wp\/v2\/types\/post"}],"author":[{"embeddable":true,"href":"https:\/\/linitiative.ca\/International\/wp-json\/wp\/v2\/users\/1789"}],"replies":[{"embeddable":true,"href":"https:\/\/linitiative.ca\/International\/wp-json\/wp\/v2\/comments?post=92901"}],"version-history":[{"count":0,"href":"https:\/\/linitiative.ca\/International\/wp-json\/wp\/v2\/posts\/92901\/revisions"}],"wp:featuredmedia":[{"embeddable":true,"href":"https:\/\/linitiative.ca\/International\/wp-json\/"}],"wp:attachment":[{"href":"https:\/\/linitiative.ca\/International\/wp-json\/wp\/v2\/media?parent=92901"}],"wp:term":[{"taxonomy":"category","embeddable":true,"href":"https:\/\/linitiative.ca\/International\/wp-json\/wp\/v2\/categories?post=92901"},{"taxonomy":"post_tag","embeddable":true,"href":"https:\/\/linitiative.ca\/International\/wp-json\/wp\/v2\/tags?post=92901"}],"curies":[{"name":"wp","href":"https:\/\/api.w.org\/{rel}","templated":true}]}}