{"id":92921,"date":"2020-07-20T10:00:33","date_gmt":"2020-07-20T14:00:33","guid":{"rendered":"https:\/\/linitiative.ca\/International\/jamal-boutayeb-ledition-du-livre-denfant-a-besoin-dauteurs-qui-ne-prennent-pas-les-textes-a-la-legere\/"},"modified":"2020-07-20T10:00:33","modified_gmt":"2020-07-20T14:00:33","slug":"jamal-boutayeb-ledition-du-livre-denfant-a-besoin-dauteurs-qui-ne-prennent-pas-les-textes-a-la-legere","status":"publish","type":"post","link":"https:\/\/linitiative.ca\/International\/jamal-boutayeb-ledition-du-livre-denfant-a-besoin-dauteurs-qui-ne-prennent-pas-les-textes-a-la-legere\/","title":{"rendered":"Jamal Boutayeb : \u00abL\u2019\u00e9dition du livre d\u2019enfant a besoin d\u2019auteurs  qui ne prennent pas les textes \u00e0 la l\u00e9g\u00e8re\u00bb"},"content":{"rendered":"<p><img decoding=\"async\" class=\"post_layout_5_img\" src=\"http:\/\/aujourdhui.ma\/wp-content\/uploads\/2020\/07\/Jamal-Boutayeb-livre-Mon-dessin-dans-la-corbeille.jpg\" alt=\"Jamal Boutayeb : &#xAB;L&#x2019;&#xE9;dition du livre d&#x2019;enfant a besoin d&#x2019;auteurs qui ne prennent pas les textes &#xE0; la l&#xE9;g&#xE8;re&#xBB;\"\/><\/p>\n<p><span class=\"c5\"><strong>Entretien avec Jamal Boutayeb, auteur de litt\u00e9rature de jeunesse<\/strong><\/span><span id=\"more-351124\"\/><\/p>\n<p><span class=\"c6\">L\u2019auteur marocain Jamal Boutayeb vient de consacrer aux enfants son nouveau livre \u00abMon dessin dans la corbeille\u00bb. Une \u0153uvre qui aborde la relation d\u2019une \u00e9l\u00e8ve \u00e0 son enseignante nou\u00e9e gr\u00e2ce \u00e0 un dessin que la jeune a soumis pour \u00e9valuation. Un dessin qui a fini, avec la magie de la corbeille, par garnir l\u2019\u00e9cole. Cet entretien est \u00e9galement l\u2019occasion pour l\u2019auteur de livrer ses regards sur la litt\u00e9rature de jeunesse, notamment celle francophone.<\/span><\/p>\n<p><strong><span class=\"c7\">ALM :<\/span> Votre livre porte un message d\u2019espoir. Comment inciter les enseignants \u00e0 donner cette lueur \u00e0 leurs \u00e9l\u00e8ves ?<\/strong><\/p>\n<p><span class=\"c7\"><strong>Jamal Boutayeb :<\/strong><\/span> Tout d\u2019abord, j\u2019aimerais bien pr\u00e9ciser que ma nouvelle publication se veut de corriger nos fausses perceptions de la cr\u00e9ativit\u00e9 des enfants ainsi que nos crit\u00e8res d\u2019\u00e9valuation pour juger leurs comportements et cr\u00e9ations. Ainsi, elle vise \u00e0 revoir certaines valeurs socio-\u00e9ducatives que nous avons d\u00e9laiss\u00e9es dans nos comportements avec les petites et apprentis. Mon \u0153uvre r\u00e9v\u00e8le \u00e9galement les valeurs \u00e0 offrir pour motiver les enfants et cr\u00e9er l\u2019esprit de comp\u00e9titivit\u00e9 pour contribuer \u00e0 la bonne composition de leur personnalit\u00e9. A travers cette histoire, les enseignants peuvent conna\u00eetre les sujets auxquels nous ne pr\u00eatons pas \u00e9ventuellement attention alors qu\u2019ils sont susceptibles d\u2019impacter la composition psychologique de l\u2019enfant bien qu\u2019ils soient minimes ou futiles \u00e0 nos yeux. Le tout en sachant que l\u2019enfant n\u2019a pas toujours besoin de l\u2019amiti\u00e9 des adultes parce qu\u2019il a son propre univers et parvient \u00e0 cr\u00e9er des amis \u00e0 partir des objets, photos, imaginations et jeux. C\u2019est ce qui a fait, dans mon histoire, que la fille se lie d\u2019amiti\u00e9 avec une corbeille qui s\u2019est int\u00e9ress\u00e9e \u00e0 son dessin.<\/p>\n<p><strong>Au-del\u00e0 de votre publication, il y a un d\u00e9sint\u00e9r\u00eat pour l\u2019\u00e9dition de la litt\u00e9rature de jeunesse. Pourquoi \u00e0 votre avis ?<\/strong><\/p>\n<p>A vrai dire, il est difficile de dire qu\u2019il y a un d\u00e9sint\u00e9r\u00eat dans ce sens parce qu\u2019il existe plusieurs \u00e9tablissements et maisons d\u2019\u00e9dition int\u00e9ress\u00e9es par ce sujet. Par contre, la production du livre pour enfant, qu\u2019il soit imprim\u00e9, \u00e9lectronique, un livre-jeu ou une publication de divertissement, est co\u00fbteuse. Cela impacte le pouvoir d\u2019achat du lecteur. Ce qui fait que l\u2019int\u00e9r\u00eat de certains livres soit limit\u00e9 aux librairies et \u00e9coles, etc. Pour r\u00e9pondre \u00e0 votre question, l\u2019\u00e9dition du livre d\u2019enfant a besoin d\u2019un soutien r\u00e9el et d\u2019experts en la mati\u00e8re. Elle a \u00e9galement besoin de r\u00e9els auteurs qui ne prennent pas la production de textes \u00e0 la l\u00e9g\u00e8re ou sans importance pour concevoir des \u00e9crits qui ne sont pas conformes \u00e0 cette tranche d\u2019\u00e2ge.<\/p>\n<p><strong>Qu\u2019en est-il de la litt\u00e9rature francophone de jeunesse ? Pourquoi se fait-elle rarissime au Maroc ?<\/strong><\/p>\n<p>L\u2019\u00e9criture pour enfant en langue fran\u00e7aise existe au Maroc. Ses auteurs sont \u00e9galement connus. Cependant, les auteurs arabophones sont plus nombreux. Peut-\u00eatre que le nombre r\u00e9duit des auteurs francophones est \u00e0 attribuer aux parents ou enseignants ou encore enfants qui pr\u00e9f\u00e8rent lire les textes \u00e9crits en fran\u00e7ais ou publi\u00e9s par des maisons d\u2019\u00e9dition \u00e9trang\u00e8res pour les raisons pr\u00e9cit\u00e9es \u00e9ventuellement. A savoir la production de livres en diff\u00e9rents formes et formats avec des composantes esth\u00e9tiques rendues possibles par des moyens financiers importants dont ne dispose pas l\u2019\u00e9diteur marocain ou arabe qui publie des textes pour enfant dans une langue autre que l\u2019arabe.<\/p>\n<p><strong>Quel regard portez-vous sur la qualit\u00e9 de la litt\u00e9rature de jeunesse au Maroc ?<\/strong><\/p>\n<p>Je pense qu\u2019il y a un \u00e9veil r\u00e9el au Maroc concernant cette litt\u00e9rature. Y contribuent la multiplicit\u00e9 des auteurs qui \u00e9crivent pour les diff\u00e9rentes g\u00e9n\u00e9rations, la cr\u00e9ation par le minist\u00e8re de la culture, de la jeunesse et des sports, depuis 2018, du Prix du Maroc pour le livre de jeunesse, le lancement de la revue \u00abIqraa\u00bb (Lis) sp\u00e9cialis\u00e9e en litt\u00e9rature de jeunesse outre le Salon du livre de jeunesse \u00e0 Casablanca organis\u00e9 par la direction r\u00e9gionale de la culture \u00e0 Casablanca-Settat, la rencontre nationale de l\u2019enfant et la jeunesse \u00e0 F\u00e8s ainsi que d\u2019autres manifestations culturelles d\u00e9di\u00e9es \u00e0 cette litt\u00e9rature. D\u2019autres \u00e9l\u00e9ments contribueront \u00e0 l\u2019\u00e9volution de ces \u00e9crits tout en y portant un int\u00e9r\u00eat.<\/p>\n<p><strong>Auriez-vous d\u2019autres projets pour l\u2019\u00e9dition destin\u00e9e aux enfants ?<\/strong><\/p>\n<p>Apr\u00e8s \u00abHour prend un th\u00e9 avec la lune\u00bb, \u00abMon dessin dans la corbeille\u00bb, \u00abClairi\u00e8re\u00bb, d\u2019autres s\u2019ajouteront \u00e0 ma bibliographie. Ces nouvelles \u0153uvres seront produites soit dans le cadre de textes philosophiques pour enfants \u00e0 l\u2019instar de \u00abThal\u00e8s et la servante Yara\u00bb et \u00abLes philosophes n\u2019offrent pas de cadeaux\u00bb ou dans le cadre de pi\u00e8ces de th\u00e9\u00e2tre pour enfant. En outre, des romans et nouvelles mettront l\u2019accent sur la d\u00e9veloppement personnel de l\u2019enfant et sa capacit\u00e9 personnelle \u00e0 construire sa personnalit\u00e9 en toute ind\u00e9pendance.<\/p>\n<p>Auteur: Salima Guisser<br \/>\n<a href=\"https:\/\/aujourdhui.ma\/culture\/livre\/jamal-boutayeb-ledition-du-livre-denfant-a-besoin-dauteurs-qui-ne-prennent-pas-les-textes-a-la-legere\">Cliquez ici pour lire l&rsquo;article depuis sa source.<\/a><\/p>\n","protected":false},"excerpt":{"rendered":"<p>Entretien avec Jamal Boutayeb, auteur de litt\u00e9rature de jeunesse L\u2019auteur marocain Jamal Boutayeb vient de consacrer aux enfants son nouveau livre \u00abMon dessin dans la corbeille\u00bb. Une \u0153uvre qui aborde la relation d\u2019une \u00e9l\u00e8ve \u00e0 son enseignante nou\u00e9e gr\u00e2ce \u00e0 un dessin que la jeune a soumis pour \u00e9valuation. Un dessin qui a fini, avec [&hellip;]<\/p>\n","protected":false},"author":1759,"featured_media":92922,"comment_status":"closed","ping_status":"closed","sticky":false,"template":"","format":"standard","meta":{"fifu_image_url":"","fifu_image_alt":"","footnotes":""},"categories":[73,54],"tags":[],"class_list":["post-92921","post","type-post","status-publish","format-standard","has-post-thumbnail","hentry","category-actualite","category-maroc"],"_links":{"self":[{"href":"https:\/\/linitiative.ca\/International\/wp-json\/wp\/v2\/posts\/92921","targetHints":{"allow":["GET"]}}],"collection":[{"href":"https:\/\/linitiative.ca\/International\/wp-json\/wp\/v2\/posts"}],"about":[{"href":"https:\/\/linitiative.ca\/International\/wp-json\/wp\/v2\/types\/post"}],"author":[{"embeddable":true,"href":"https:\/\/linitiative.ca\/International\/wp-json\/wp\/v2\/users\/1759"}],"replies":[{"embeddable":true,"href":"https:\/\/linitiative.ca\/International\/wp-json\/wp\/v2\/comments?post=92921"}],"version-history":[{"count":0,"href":"https:\/\/linitiative.ca\/International\/wp-json\/wp\/v2\/posts\/92921\/revisions"}],"wp:featuredmedia":[{"embeddable":true,"href":"https:\/\/linitiative.ca\/International\/wp-json\/"}],"wp:attachment":[{"href":"https:\/\/linitiative.ca\/International\/wp-json\/wp\/v2\/media?parent=92921"}],"wp:term":[{"taxonomy":"category","embeddable":true,"href":"https:\/\/linitiative.ca\/International\/wp-json\/wp\/v2\/categories?post=92921"},{"taxonomy":"post_tag","embeddable":true,"href":"https:\/\/linitiative.ca\/International\/wp-json\/wp\/v2\/tags?post=92921"}],"curies":[{"name":"wp","href":"https:\/\/api.w.org\/{rel}","templated":true}]}}