{"id":92925,"date":"2020-07-20T10:50:24","date_gmt":"2020-07-20T14:50:24","guid":{"rendered":"https:\/\/linitiative.ca\/International\/larache-mise-sur-leclairage-public-solaire\/"},"modified":"2020-07-20T10:50:24","modified_gmt":"2020-07-20T14:50:24","slug":"larache-mise-sur-leclairage-public-solaire","status":"publish","type":"post","link":"https:\/\/linitiative.ca\/International\/larache-mise-sur-leclairage-public-solaire\/","title":{"rendered":"Larache mise sur l\u2019\u00e9clairage public solaire"},"content":{"rendered":"<p><img decoding=\"async\" class=\"post_layout_5_img\" src=\"http:\/\/aujourdhui.ma\/wp-content\/uploads\/2020\/07\/Larache-e\u0301clairage-public-solaire.jpg\" alt=\"Larache mise sur l&#x2019;&#xE9;clairage public solaire\"\/><\/p>\n<p><span class=\"c6\"><strong><span class=\"c5\">Le premier d\u00e9ploiement des 51 lampadaires solaires a n\u00e9cessit\u00e9 un co\u00fbt de 1,3 million de dirhams<\/span><\/strong><\/span><span id=\"more-351106\"\/><\/p>\n<p><span class=\"c7\">Le choix de la saison d\u2019\u00e9t\u00e9 pour la mise en service de cette premi\u00e8re tranche de cette op\u00e9ration d\u2019\u00e9clairage solaire n\u2019est pas d\u00fb au hasard. Elle permet en effet de contribuer \u00e0 la relance des activit\u00e9s touristiques dans la r\u00e9gion.<\/span><\/p>\n<p>Larache vient de se lancer dans un nouveau syst\u00e8me d\u2019\u00e9clairage public photovolta\u00efque autonome en faveur, en premier lieu, des zones sous-\u00e9quip\u00e9es ou loin du r\u00e9seau \u00e9lectrique. A cet effet, la premi\u00e8re tranche de ce projet vient d\u2019entrer en service, \u00e0 moins d\u2019une dizaine de kilom\u00e8tres du centre-ville. D\u2019une enveloppe budg\u00e9taire de pr\u00e8s de 1,3 million de dirhams, cette premi\u00e8re tranche a consist\u00e9 en la mise en place de 51 lampadaires solaires autonomes au niveau d\u2019un tron\u00e7on routier menant vers la plage de Rass R\u2019mel par la porte nord du c\u00e9l\u00e8bre site arch\u00e9ologique Lixus, situ\u00e9e plus pr\u00e9cis\u00e9ment \u00e0 sept kilom\u00e8tres de Larache. Ce premier d\u00e9ploiement de ce genre du mat\u00e9riel d\u2019\u00e9clairage propre permet \u00e0 la ville d\u2019\u00eatre responsable et respectueuse de l\u2019environnement gr\u00e2ce \u00e0 une consid\u00e9rable baisse des \u00e9missions de carbone sur la voie publique.<\/p>\n<p>Leur installation est moins compliqu\u00e9e et peu co\u00fbteuse par rapport \u00e0 ceux n\u00e9cessitant un raccordement au r\u00e9seau \u00e9lectrique classique.<br \/>Il se distingue par son utilisation du mat\u00e9riel dernier cri en termes de technologie et d\u2019innovation dans le domaine d\u2019\u00e9clairage des espaces publics. \u00abC\u2019est une exp\u00e9rience pilote dans l\u2019\u00e9clairage public propre et autonome \u00e0 prendre en exemple. Il permet de faire des \u00e9conomies d\u2019\u00e9nergie, laquelle p\u00e8se g\u00e9n\u00e9ralement sur les budgets de la commune\u00bb, selon les initiateurs de cette op\u00e9ration d\u2019\u00e9claire solaire. Ce projet pr\u00e9voit de s\u2019\u00e9tendre \u00e0 d\u2019autres zones de la ville, dont l\u2019emplacement n\u2019est pas encore fix\u00e9.<\/p>\n<p>Le choix de la saison d\u2019\u00e9t\u00e9 pour la mise en service de cette premi\u00e8re tranche de cette op\u00e9ration d\u2019\u00e9clairage solaire n\u2019est pas d\u00fb au hasard. Elle permet en effet de contribuer \u00e0 la relance des activit\u00e9s touristiques dans la r\u00e9gion. Surtout que ce premier d\u00e9ploiement des 51 lampadaires solaires permet d\u2019\u00e9clairer, en plus de la route c\u00f4ti\u00e8re donnant sur la plage Rass R\u2019mel, l\u2019acc\u00e8s \u00e0 la ville antique de Lixus, situ\u00e9e sur la rive droite de l\u2019oued Loukkos et consid\u00e9r\u00e9e et comme une des cit\u00e9s les plus anciennes d\u2019Afrique du Nord. D\u2019une enveloppe budg\u00e9taire globale de 15 millions de dirhams, ce site avait b\u00e9n\u00e9fici\u00e9 d\u2019un important projet d\u2019entretien et de r\u00e9habilitation des structures arch\u00e9ologiques, qui se sont d\u00e9velopp\u00e9es depuis sa cr\u00e9ation par les Ph\u00e9niciens au XII\u00e8me si\u00e8cle avant J-C.<\/p>\n<p>Gr\u00e2ce \u00e0 son importance historique et arch\u00e9ologique mettant en relief ses vestiges encore pr\u00e9sents de l\u2019usine de salaison, du th\u00e9\u00e2tre avec ses gradins\u2026, ce site continue de prendre le pas sur d\u2019autres zones historiques et touristiques les plus pris\u00e9es des touristes dans la r\u00e9gion du Nord.<\/p>\n<p>Auteur: Najat Fa\u00efssal<br \/>\n<a href=\"https:\/\/aujourdhui.ma\/economie\/larache-mise-sur-leclairage-public-solaire\">Cliquez ici pour lire l&rsquo;article depuis sa source.<\/a><\/p>\n","protected":false},"excerpt":{"rendered":"<p>Le premier d\u00e9ploiement des 51 lampadaires solaires a n\u00e9cessit\u00e9 un co\u00fbt de 1,3 million de dirhams Le choix de la saison d\u2019\u00e9t\u00e9 pour la mise en service de cette premi\u00e8re tranche de cette op\u00e9ration d\u2019\u00e9clairage solaire n\u2019est pas d\u00fb au hasard. Elle permet en effet de contribuer \u00e0 la relance des activit\u00e9s touristiques dans la [&hellip;]<\/p>\n","protected":false},"author":1759,"featured_media":92926,"comment_status":"closed","ping_status":"closed","sticky":false,"template":"","format":"standard","meta":{"fifu_image_url":"","fifu_image_alt":"","footnotes":""},"categories":[73,54],"tags":[],"class_list":["post-92925","post","type-post","status-publish","format-standard","has-post-thumbnail","hentry","category-actualite","category-maroc"],"_links":{"self":[{"href":"https:\/\/linitiative.ca\/International\/wp-json\/wp\/v2\/posts\/92925","targetHints":{"allow":["GET"]}}],"collection":[{"href":"https:\/\/linitiative.ca\/International\/wp-json\/wp\/v2\/posts"}],"about":[{"href":"https:\/\/linitiative.ca\/International\/wp-json\/wp\/v2\/types\/post"}],"author":[{"embeddable":true,"href":"https:\/\/linitiative.ca\/International\/wp-json\/wp\/v2\/users\/1759"}],"replies":[{"embeddable":true,"href":"https:\/\/linitiative.ca\/International\/wp-json\/wp\/v2\/comments?post=92925"}],"version-history":[{"count":0,"href":"https:\/\/linitiative.ca\/International\/wp-json\/wp\/v2\/posts\/92925\/revisions"}],"wp:featuredmedia":[{"embeddable":true,"href":"https:\/\/linitiative.ca\/International\/wp-json\/"}],"wp:attachment":[{"href":"https:\/\/linitiative.ca\/International\/wp-json\/wp\/v2\/media?parent=92925"}],"wp:term":[{"taxonomy":"category","embeddable":true,"href":"https:\/\/linitiative.ca\/International\/wp-json\/wp\/v2\/categories?post=92925"},{"taxonomy":"post_tag","embeddable":true,"href":"https:\/\/linitiative.ca\/International\/wp-json\/wp\/v2\/tags?post=92925"}],"curies":[{"name":"wp","href":"https:\/\/api.w.org\/{rel}","templated":true}]}}