{"id":92927,"date":"2020-07-20T10:51:42","date_gmt":"2020-07-20T14:51:42","guid":{"rendered":"https:\/\/linitiative.ca\/International\/quand-hassan-hajjaj-sinspire-du-musicien-de-jazz-fusion-ralph-macdonald\/"},"modified":"2020-07-20T10:51:42","modified_gmt":"2020-07-20T14:51:42","slug":"quand-hassan-hajjaj-sinspire-du-musicien-de-jazz-fusion-ralph-macdonald","status":"publish","type":"post","link":"https:\/\/linitiative.ca\/International\/quand-hassan-hajjaj-sinspire-du-musicien-de-jazz-fusion-ralph-macdonald\/","title":{"rendered":"Quand Hassan Hajjaj s\u2019inspire du musicien  de jazz-fusion Ralph MacDonald"},"content":{"rendered":"<p><img decoding=\"async\" class=\"post_layout_5_img\" src=\"http:\/\/aujourdhui.ma\/wp-content\/uploads\/2016\/07\/Hassan-Hajjaj.jpg\" alt=\"Quand Hassan Hajjaj s&#x2019;inspire du musicien de jazz-fusion Ralph MacDonald\"\/><\/p>\n<p><strong>Il revient avec sa nouvelle exposition \u00abLe Chemin\u00bb pr\u00e9vue au centre d\u2019art Arnolfini en Angleterre<\/strong><br \/><span id=\"more-351114\"\/><\/p>\n<p>Apr\u00e8s avoir expos\u00e9 au New Art Exchange (NAE) en avril 2019, le pionnier du pop art au Maroc, Hassan Hajjaj, s\u2019appr\u00eate \u00e0 d\u00e9voiler son nouveau travail intitul\u00e9 \u00abThe Path\u00bb ou \u00abLe Chemin\u00bb, pr\u00e9vu au centre d\u2019art Arnolfini, \u00e0 Bristol en Angleterre. Il faut dire que ce talentueux artiste maroco-britannique pr\u00e9sente une exposition in\u00e9dite offrant un m\u00e9lange exub\u00e9rant de couleurs, de motifs, de logos de marque appropri\u00e9s et d\u2019objets trouv\u00e9s. \u00ab \u00abLe Chemin\u00bb est une exploration opportune de la culture mondiale \u00e0 travers sous le regard d\u2019un photographe Maroco-britannique acclam\u00e9\u00bb, indiquent les organisateurs sur la plateforme de Arnolfini. Et d\u2019ajouter que \u00abcette exposition de photographie et de vid\u00e9o confronte la double identit\u00e9 de Hajjaj, faisant r\u00e9f\u00e9rence \u00e0 son voyage personnel depuis son lieu de naissance \u00e0 Larache, au Maroc, \u00e0 Londres et au-del\u00e0, et \u00e0 son exp\u00e9rience de travail dans le monde entier\u00bb.<\/p>\n<p>En effet, l\u2019exposition est dirig\u00e9e par le c\u00e9l\u00e8bre conservateur et \u00e9crivain Ekow Eshun. Elle s\u2019inspire de l\u2019album \u00abThe Path\u00bb du musicien de jazz-fusion Ralph MacDonald. Elle incorpore trois s\u00e9ries photographiques majeures, \u00e0 savoir la \u00abDakka Marrakchia\u00bb. Celle-ci donne \u00e0 voir des femmes pos\u00e9es comme des mannequins dans les rues et les toits de Marrakech v\u00eatues d\u2019abayas \u00e0 motif camouflage et de voiles de visage imprim\u00e9s Louis Vuitton, les portraits offrant une r\u00e9futation d\u00e9lib\u00e9r\u00e9e des st\u00e9r\u00e9otypes de l\u2019islam. Dans la s\u00e9rie \u00abMy Rockstars\u00bb, Hajjaj se concentre sur les personnalit\u00e9s britanniques, telles que le musicien de jazz Kamaal Williams. Enfin, sa derni\u00e8re s\u00e9rie donne \u00e0 voir une petite s\u00e9lection d\u2019images reproduites de Between. Elle repr\u00e9sente l\u2019accent mis par Hajjaj sur le paysage, le lieu et la sensibilit\u00e9, plut\u00f4t que sur le portrait.<\/p>\n<p>Hassan Hajjaj n\u2019est plus \u00e0 pr\u00e9senter. Install\u00e9 \u00e0 Londres, il est une r\u00e9f\u00e9rence et un ambassadeur du pop art \u00ab\u00e0 la marocaine\u00bb qu\u2019il a contribu\u00e9 \u00e0 promouvoir \u00e0 l\u2019\u00e9tranger. Son travail artistique r\u00e9alis\u00e9 \u00e0 l\u2019international a rendu le pop art plus populaire au Maroc. Ses cr\u00e9ations sont originales et ne laissent personne indiff\u00e9rent. Gr\u00e2ce \u00e0 son talent il a r\u00e9ussi \u00e0 s\u2019imposer au niveau international avec son univers haut en couleur o\u00f9 il use d\u2019objets puis\u00e9s du Maroc.<\/p>\n<p><a href=\"https:\/\/aujourdhui.ma\/wp-content\/uploads\/2020\/07\/L%E2%80%99exposition-est-pr%C3%A9vue-du-jeudi-30-juillet-2020-au-dimanche.jpg\"><img loading=\"lazy\" decoding=\"async\" class=\" wp-image-351131\" src=\"http:\/\/aujourdhui.ma\/wp-content\/uploads\/2020\/07\/L\u2019exposition-est-pr\u00e9vue-du-jeudi-30-juillet-2020-au-dimanche-300x153.jpg\" alt=\"\" width=\"580\" height=\"296\" srcset=\"\/\/aujourdhui.ma\/wp-content\/uploads\/2020\/07\/L&#x2019;exposition-est-pr&#xE9;vue-du-jeudi-30-juillet-2020-au-dimanche-300x153.jpg 300w, \/\/aujourdhui.ma\/wp-content\/uploads\/2020\/07\/L&#x2019;exposition-est-pr&#xE9;vue-du-jeudi-30-juillet-2020-au-dimanche-274x140.jpg 274w, \/\/aujourdhui.ma\/wp-content\/uploads\/2020\/07\/L&#x2019;exposition-est-pr&#xE9;vue-du-jeudi-30-juillet-2020-au-dimanche.jpg 746w, \/\/aujourdhui.ma\/wp-content\/uploads\/2020\/07\/L&#x2019;exposition-est-pr&#xE9;vue-du-jeudi-30-juillet-2020-au-dimanche-165x84.jpg 165w, \/\/aujourdhui.ma\/wp-content\/uploads\/2020\/07\/L&#x2019;exposition-est-pr&#xE9;vue-du-jeudi-30-juillet-2020-au-dimanche-702x358.jpg 702w\" sizes=\"auto, (max-width: 580px) 100vw, 580px\"\/><\/a><strong>\u00a0 \u00a0 \u00a0 \u00a0 \u00a0 \u00a0 \u00a0 \u00a0 \u00a0 \u00a0 \u00a0 \u00a0 L\u2019exposition est pr\u00e9vue du jeudi 30 juillet 2020 au dimanche<\/strong><br \/><strong>\u00a0 \u00a0 \u00a0 \u00a0 \u00a0 \u00a0 \u00a0 \u00a0 \u00a0 \u00a0 \u00a0 \u00a0 \u00a0 \u00a0 \u00a0 \u00a0 \u00a0 \u00a0 \u00a0 \u00a0 \u00a0 \u00a0 \u00a0 \u00a0 \u00a0 \u00a0 \u00a0 \u00a0 \u00a0 \u00a01er novembre 2020<\/strong><\/p>\n<p>Auteur: Siham Jadraoui<br \/>\n<a href=\"https:\/\/aujourdhui.ma\/culture\/quand-hassan-hajjaj-sinspire-du-musicien-de-jazz-fusion-ralph-macdonald\">Cliquez ici pour lire l&rsquo;article depuis sa source.<\/a><\/p>\n","protected":false},"excerpt":{"rendered":"<p>Il revient avec sa nouvelle exposition \u00abLe Chemin\u00bb pr\u00e9vue au centre d\u2019art Arnolfini en Angleterre Apr\u00e8s avoir expos\u00e9 au New Art Exchange (NAE) en avril 2019, le pionnier du pop art au Maroc, Hassan Hajjaj, s\u2019appr\u00eate \u00e0 d\u00e9voiler son nouveau travail intitul\u00e9 \u00abThe Path\u00bb ou \u00abLe Chemin\u00bb, pr\u00e9vu au centre d\u2019art Arnolfini, \u00e0 Bristol en [&hellip;]<\/p>\n","protected":false},"author":1759,"featured_media":92928,"comment_status":"closed","ping_status":"closed","sticky":false,"template":"","format":"standard","meta":{"fifu_image_url":"","fifu_image_alt":"","footnotes":""},"categories":[73,54],"tags":[],"class_list":["post-92927","post","type-post","status-publish","format-standard","has-post-thumbnail","hentry","category-actualite","category-maroc"],"_links":{"self":[{"href":"https:\/\/linitiative.ca\/International\/wp-json\/wp\/v2\/posts\/92927","targetHints":{"allow":["GET"]}}],"collection":[{"href":"https:\/\/linitiative.ca\/International\/wp-json\/wp\/v2\/posts"}],"about":[{"href":"https:\/\/linitiative.ca\/International\/wp-json\/wp\/v2\/types\/post"}],"author":[{"embeddable":true,"href":"https:\/\/linitiative.ca\/International\/wp-json\/wp\/v2\/users\/1759"}],"replies":[{"embeddable":true,"href":"https:\/\/linitiative.ca\/International\/wp-json\/wp\/v2\/comments?post=92927"}],"version-history":[{"count":0,"href":"https:\/\/linitiative.ca\/International\/wp-json\/wp\/v2\/posts\/92927\/revisions"}],"wp:featuredmedia":[{"embeddable":true,"href":"https:\/\/linitiative.ca\/International\/wp-json\/"}],"wp:attachment":[{"href":"https:\/\/linitiative.ca\/International\/wp-json\/wp\/v2\/media?parent=92927"}],"wp:term":[{"taxonomy":"category","embeddable":true,"href":"https:\/\/linitiative.ca\/International\/wp-json\/wp\/v2\/categories?post=92927"},{"taxonomy":"post_tag","embeddable":true,"href":"https:\/\/linitiative.ca\/International\/wp-json\/wp\/v2\/tags?post=92927"}],"curies":[{"name":"wp","href":"https:\/\/api.w.org\/{rel}","templated":true}]}}