{"id":92929,"date":"2020-07-20T10:59:20","date_gmt":"2020-07-20T14:59:20","guid":{"rendered":"https:\/\/linitiative.ca\/International\/vols-domestiques-la-ram-augmente-le-nombre-de-frequences\/"},"modified":"2020-07-20T10:59:20","modified_gmt":"2020-07-20T14:59:20","slug":"vols-domestiques-la-ram-augmente-le-nombre-de-frequences","status":"publish","type":"post","link":"https:\/\/linitiative.ca\/International\/vols-domestiques-la-ram-augmente-le-nombre-de-frequences\/","title":{"rendered":"Vols domestiques :  la RAM augmente le nombre de fr\u00e9quences"},"content":{"rendered":"<p><img decoding=\"async\" class=\"post_layout_5_img\" src=\"http:\/\/aujourdhui.ma\/wp-content\/uploads\/2019\/06\/RAM-Royal-air-Maroc.jpg\" alt=\"Vols domestiques : la RAM augmente le nombre de fr&#xE9;quences\"\/><\/p>\n<p><span class=\"c5\"><strong>Royal Air Maroc (RAM) annonce l\u2019augmentation, d\u00e9s ce lundi, des fr\u00e9quences sur ses vols domestiques.<\/strong><\/span> <span id=\"more-351151\"\/><\/p>\n<p>Ainsi, neuf fr\u00e9quences sont pr\u00e9vues par semaine sur la ligne Casablanca-Dakhla au lieu de sept et une fr\u00e9quence par jour sur la ligne Casablanca-Agadir, au lieu de quatre fr\u00e9quences par semaine, indique la Compagnie nationale dans un communiqu\u00e9. La RAM augmentera \u00e9galement ses fr\u00e9quences sur la ligne Casablanca-Oujda qui passe de trois \u00e0 cinq fr\u00e9quences par semaine. Le programme de vols domestiques comprend d\u00e9sormais douze liaisons r\u00e9guli\u00e8res op\u00e9r\u00e9es \u00e0 raison de 45 fr\u00e9quences par semaine.<\/p>\n<p>Ainsi, huit lignes reliant Casablanca \u00e0 d\u2019autres villes du Royaume ont \u00e9t\u00e9 programm\u00e9es. Il s\u2019agit des lignes Casablanca-Dakhla (9 fr\u00e9quences par semaine), Casablanca-Laayoune (7 fr\u00e9quences par semaine), Casablanca-Oujda (5 fr\u00e9quences par semaine), Casablanca-Agadir (7 fr\u00e9quences par semaine), Casablanca-Errachidia (2 fr\u00e9quences par semaine), Casablanca-Ouarzazate (3 fr\u00e9quences par semaine), Casablanca-T\u00e9touan (2 fr\u00e9quences par semaine) et Casablanca-El Hoceima (2 fr\u00e9quences par semaine).Aussi, quatre lignes reliant des villes entre elles ont \u00e9t\u00e9 programm\u00e9es.<\/p>\n<p>Elles concernent essentiellement Agadir-Laayoune, Agadir-Dakhla, Laayoune-Dakhla et T\u00e9touan-Al Hoceima avec chacune 2 fr\u00e9quences par semaine. Selon la compagnie nationale, ce programme est appel\u00e9 \u00e0 \u00e9voluer progressivement. La RAM fait savoir que ces vols sont disponibles \u00e0 la vente sur le site \u00ab\u00a0<span class=\"c7\"><a class=\"c6\" href=\"http:\/\/www.royalairmaroc.com\"><strong>www.royalairmaroc.com<\/strong><\/a><\/span>\u00ab\u00a0, via ses centres d\u2019appel, ses agences commerciales et le r\u00e9seau des agences de voyages.<\/p>\n<p>S\u2018agissant des mesures sanitaires, le port du masque est obligatoire sur l\u2019ensemble de ses vols et que seuls les sacs \u00e0 main et les sacs pour enfants et pour ordinateurs sont autoris\u00e9s \u00e0 bord comme bagages cabine.<\/p>\n<p>Auteur: ALM<br \/>\n<a href=\"https:\/\/aujourdhui.ma\/economie\/vols-domestiques-la-ram-augmente-le-nombre-de-frequences\">Cliquez ici pour lire l&rsquo;article depuis sa source.<\/a><\/p>\n","protected":false},"excerpt":{"rendered":"<p>Royal Air Maroc (RAM) annonce l\u2019augmentation, d\u00e9s ce lundi, des fr\u00e9quences sur ses vols domestiques. Ainsi, neuf fr\u00e9quences sont pr\u00e9vues par semaine sur la ligne Casablanca-Dakhla au lieu de sept et une fr\u00e9quence par jour sur la ligne Casablanca-Agadir, au lieu de quatre fr\u00e9quences par semaine, indique la Compagnie nationale dans un communiqu\u00e9. La RAM [&hellip;]<\/p>\n","protected":false},"author":1759,"featured_media":92930,"comment_status":"closed","ping_status":"closed","sticky":false,"template":"","format":"standard","meta":{"fifu_image_url":"","fifu_image_alt":"","footnotes":""},"categories":[73,54],"tags":[],"class_list":["post-92929","post","type-post","status-publish","format-standard","has-post-thumbnail","hentry","category-actualite","category-maroc"],"_links":{"self":[{"href":"https:\/\/linitiative.ca\/International\/wp-json\/wp\/v2\/posts\/92929","targetHints":{"allow":["GET"]}}],"collection":[{"href":"https:\/\/linitiative.ca\/International\/wp-json\/wp\/v2\/posts"}],"about":[{"href":"https:\/\/linitiative.ca\/International\/wp-json\/wp\/v2\/types\/post"}],"author":[{"embeddable":true,"href":"https:\/\/linitiative.ca\/International\/wp-json\/wp\/v2\/users\/1759"}],"replies":[{"embeddable":true,"href":"https:\/\/linitiative.ca\/International\/wp-json\/wp\/v2\/comments?post=92929"}],"version-history":[{"count":0,"href":"https:\/\/linitiative.ca\/International\/wp-json\/wp\/v2\/posts\/92929\/revisions"}],"wp:featuredmedia":[{"embeddable":true,"href":"https:\/\/linitiative.ca\/International\/wp-json\/"}],"wp:attachment":[{"href":"https:\/\/linitiative.ca\/International\/wp-json\/wp\/v2\/media?parent=92929"}],"wp:term":[{"taxonomy":"category","embeddable":true,"href":"https:\/\/linitiative.ca\/International\/wp-json\/wp\/v2\/categories?post=92929"},{"taxonomy":"post_tag","embeddable":true,"href":"https:\/\/linitiative.ca\/International\/wp-json\/wp\/v2\/tags?post=92929"}],"curies":[{"name":"wp","href":"https:\/\/api.w.org\/{rel}","templated":true}]}}