{"id":92931,"date":"2020-07-20T10:36:30","date_gmt":"2020-07-20T14:36:30","guid":{"rendered":"https:\/\/linitiative.ca\/International\/covid-19-le-systeme-de-sante-doit-etre-prepare-aux-eventuels-soubresauts-de-la-pandemie\/"},"modified":"2020-07-20T10:36:30","modified_gmt":"2020-07-20T14:36:30","slug":"covid-19-le-systeme-de-sante-doit-etre-prepare-aux-eventuels-soubresauts-de-la-pandemie","status":"publish","type":"post","link":"https:\/\/linitiative.ca\/International\/covid-19-le-systeme-de-sante-doit-etre-prepare-aux-eventuels-soubresauts-de-la-pandemie\/","title":{"rendered":"Covid-19: le syst\u00e8me de sant\u00e9 doit \u00eatre pr\u00e9par\u00e9 aux \u00e9ventuels \u00absoubresauts\u00bb de la pand\u00e9mie"},"content":{"rendered":"<p class=\"c2\"><strong>Ja\u00e2far Heikel, Epid\u00e9miologiste<\/strong><\/p>\n<p>Le syst\u00e8me national de sant\u00e9 doit \u00eatre pr\u00e9par\u00e9 aux \u00e9ventuels \u00absoubresauts\u00bb de la pand\u00e9mie de Covid-19 ou \u00e0 de nouvelles \u00e9pid\u00e9mies, a estim\u00e9 l\u2019\u00e9pid\u00e9miologiste Ja\u00e2far Heikel qui pr\u00f4ne une d\u00e9marche fond\u00e9e sur la planification strat\u00e9gique et la pr\u00e9paration op\u00e9rationnelle.<\/p>\n<p>Il convient de faire en sorte que \u00abl\u2019offre de soins dans toutes ses dimensions soit accessible \u00e0 tous et particuli\u00e8rement aux vuln\u00e9rables et aux ram\u00e9distes, soit r\u00e9active en cas de flux massif de patients\u00bb, a insist\u00e9 l\u2019expert dans un entretien \u00e0 la MAP alors que le Royaume s\u2019engage dans une troisi\u00e8me phase de d\u00e9confinement.<\/p>\n<p>Aux yeux de ce sp\u00e9cialiste en maladies en maladies infectieuses et sant\u00e9 publique, il est aussi n\u00e9cessaire de r\u00e9pondre aux exigences de qualit\u00e9 dans la prise en charge des patients et de performance en termes co\u00fbt\/efficience.<\/p>\n<p>\u00abLe Maroc a tr\u00e8s bien g\u00e9r\u00e9 le confinement et il se doit de bien g\u00e9rer le d\u00e9confinement avec en t\u00eate un compromis difficile entre la protection de la sant\u00e9 des citoyens et le n\u00e9cessaire retour \u00e0 la vie sociale et \u00e9conomique\u00bb, a fait observer M. Heikel, \u00e9galement vice-pr\u00e9sident de la F\u00e9d\u00e9ration nationale de la sant\u00e9 (FNS)..<br \/>Au volet de la situation \u00e9pid\u00e9miologique, l\u2019expert a relev\u00e9 que les nouveaux cas apparus ces deux derni\u00e8res semaines s\u2019inscrivent dans la dynamique classique des pand\u00e9mies et de leur gestion post-phase critique.<\/p>\n<p>Et d\u2019ajouter: \u00abNous avons en m\u00eame temps d\u00e9confin\u00e9 progressivement et \u00e9largi de fa\u00e7on substantielle le d\u00e9pistage en milieu professionnel et industriel. Le r\u00e9sultat \u00e9tait attendu car deux ph\u00e9nom\u00e8nes se juxtaposent, \u00e0 savoir : les personnes positives asymptomatiques jusque-l\u00e0 confin\u00e9es ont \u00e9t\u00e9 d\u00e9pist\u00e9es lors des tests faits en milieu professionnel et les personnes contacts ont \u00e9t\u00e9 \u00e9galement test\u00e9es\u00bb.<\/p>\n<p>L\u2019\u00e9pid\u00e9miologiste a en outre estim\u00e9 qu\u2019il est fondamental de respecter les mesures barri\u00e8res : porte du masque, distanciation sociale, lavage des mains et hygi\u00e8ne des lieux, dans un souci de pr\u00e9servation de la sant\u00e9 de soi-m\u00eame, de la famille et surtout des autres concitoyens.<\/p>\n<p class=\"has-text-color has-vivid-red-color c2\">***<\/p>\n<p class=\"has-text-color has-vivid-cyan-blue-color c2\"><strong>Quatre questions \u00e0 Ja\u00e2far Heikel, sp\u00e9cialiste en maladies infectieuses et sant\u00e9 publique<\/strong><\/p>\n<p class=\"has-text-color has-vivid-red-color c2\"><strong>Foyers \u00e9pid\u00e9miques : La lecture de la situation \u00e9pid\u00e9miologique doit \u00eatre faite avec objectivit\u00e9<\/strong><\/p>\n<div class=\"wp-block-image\"><img loading=\"lazy\" decoding=\"async\" src=\"http:\/\/albayane.press.ma\/wp-content\/uploads\/JaafarHeikel.jpg\" alt=\"\" class=\"wp-image-93097\" width=\"557\" height=\"329\"\/><\/div>\n<p class=\"c3\">Propos recueillis par <strong>Soukaina OUMERZOUG\u00a0 (MAP)<\/strong><\/p>\n<p class=\"has-text-color has-vivid-cyan-blue-color\"><strong>L\u2019apparition de nouveaux foyers \u00e9pid\u00e9miques dans certaines villes du Royaume laisse craindre une deuxi\u00e8me vague de contaminations au covid-19 ou un \u00e9ventuel reconfinement. Le sp\u00e9cialiste en maladies infectieuses et sant\u00e9 publique, Jaafar Heikel, a livr\u00e9 \u00e0 la MAP sa lecture de la situation \u00e9pid\u00e9miologique au Maroc et ses conseils en vue d\u2019enrayer l\u2019augmentation du nombre de cas dans le pays.\u00a0<\/strong><\/p>\n<p class=\"has-text-color has-vivid-red-color\"><strong>Quelle lecture faites-vous de la situation \u00e9pid\u00e9miologique au Maroc?<\/strong><\/p>\n<p>La lecture de la situation \u00e9pid\u00e9miologique doit \u00eatre faite avec objectivit\u00e9, sans panique, mais avec prudence gr\u00e2ce au renforcement des mesures de surveillance, de pr\u00e9vention et les mesures barri\u00e8res. Les nouveaux cas apparus ces deux derni\u00e8res semaines s\u2019inscrivent dans la dynamique classique des pand\u00e9mies et de leur gestion post-phase critique. Nous avons en m\u00eame temps d\u00e9confin\u00e9 progressivement et \u00e9largi de fa\u00e7on substantielle le d\u00e9pistage en milieu professionnel et industriel. Le r\u00e9sultat \u00e9tait attendu car deux ph\u00e9nom\u00e8nes se juxtaposent, \u00e0 savoir :<\/p>\n<ul>\n<li>les personnes positives asymptomatiques jusque-l\u00e0 confin\u00e9es ont \u00e9t\u00e9 d\u00e9pist\u00e9es lors des tests faits en milieu professionnel;<\/li>\n<li>les personnes contacts ont \u00e9t\u00e9 \u00e9galement test\u00e9es.<\/li>\n<\/ul>\n<p>Ceci a donn\u00e9 lieu \u00e0 une augmentation des cas en valeur absolue mais pas un risque plus \u00e9lev\u00e9 \u00e9pid\u00e9mique \u00e0 l\u2019\u00e9chelle nationale car plus de 95 % des cas d\u00e9pist\u00e9s sont asymptomatiques, le niveau de positivit\u00e9 des tests est de 1,7% et ne s\u2019est pas aggrav\u00e9 depuis le 10 juin, la l\u00e9talit\u00e9 est toujours de 1,6% et le R0 reste inf\u00e9rieur \u00e0 1.<\/p>\n<p class=\"has-text-color has-vivid-red-color\"><strong>Est-ce-que le Maroc risque d\u2019\u00eatre confront\u00e9 \u00e0 une deuxi\u00e8me vague de contaminations?<\/strong><\/p>\n<p>Aucun pays n\u2019est \u00e0 l\u2019abri d\u2019une deuxi\u00e8me circulation intense du virus (pour ne pas utiliser le terme vague qui est un peu inqui\u00e9tant), car nous n\u2019avons pas d\u2019id\u00e9e sur la pr\u00e9valence r\u00e9elle du virus dans la population g\u00e9n\u00e9rale. Nous savons quelle est la pr\u00e9valence en milieu professionnel, au niveau des contacts mais pas dans des cibles populationnelles sp\u00e9cifiques.<br \/>Apr\u00e8s le d\u00e9confinement, les mesures barri\u00e8res sont moins respect\u00e9es et donc le risque augmente puisque le virus est pr\u00e9sent. En effet les sujets jusqu\u2019alors asymptomatiques ou pauci-symptomatiques peuvent transmettre le virus. Le danger et le d\u00e9fi sont \u00e0 deux niveaux: le risque \u00e9lev\u00e9 chez les personnes \u00e2g\u00e9es, vuln\u00e9rables ou encore porteuses de maladies chroniques (diab\u00e8te, HTA, cancer, insuffisance r\u00e9nale, d\u00e9ficits immunitaires, etc\u2026..) et la capacit\u00e9 du syst\u00e8me de sant\u00e9 \u00e0 g\u00e9rer un nombre \u00e9lev\u00e9 de patients symptomatiques ou graves.<br \/>C\u2019est pour cela que les mesures pr\u00e9ventives s\u2019imposent au m\u00eame titre que le principe de pr\u00e9caution et d\u2019un autre c\u00f4t\u00e9 l\u2019importance de faire de la planification strat\u00e9gique pour le syst\u00e8me de sant\u00e9 (disponibilit\u00e9 des structures, des ressources humaines, des moyens techniques et mat\u00e9riels, organisation entre les secteurs de sant\u00e9 etc\u2026.).<\/p>\n<p class=\"has-text-color has-vivid-red-color\"><strong>Selon vous, comment peut-on g\u00e9rer cette situation?<\/strong><\/p>\n<p>Comme je l\u2019ai souvent dit, le Maroc a tr\u00e8s bien g\u00e9r\u00e9 le confinement et il se doit de bien g\u00e9rer le d\u00e9confinement avec en t\u00eate un compromis difficile entre la protection de la sant\u00e9 des citoyens et le n\u00e9cessaire retour \u00e0 la vie sociale et \u00e9conomique.<br \/>C\u2019est toute la difficult\u00e9 en raison des risques li\u00e9s au non respect par une partie de la population des mesures barri\u00e8res. Difficult\u00e9 aussi en raison de la r\u00e9silience ou la r\u00e9activit\u00e9 du syst\u00e8me de sant\u00e9 \u00e0 une nouvelle situation de crise. C\u2019est simplement savoir faire face \u00e0 une situation de gestion des cas asymptomatiques, des touristes, des personnes \u00e2g\u00e9es, ou encore de management des besoins des acteurs \u00e9conomiques et sociaux. Les int\u00e9r\u00eats n\u2019\u00e9tant pas toujours align\u00e9s, les arbitrages ne sont pas et ne seront pas faciles. C\u2019est pour cela que j\u2019insiste sur la planification strat\u00e9gique et la pr\u00e9paration op\u00e9rationnelle.<\/p>\n<p class=\"has-text-color has-vivid-red-color\"><strong>Quels conseils pourriez-vous donner pour freiner l\u2019augmentation du nombre de cas?<\/strong><\/p>\n<p>Mon conseil est d\u2019abord pour la population qui a un r\u00f4le crucial post-d\u00e9confinement. Il est fondamental de respecter les mesures barri\u00e8res (masque, distanciation sociale, lavages des mains, hygi\u00e8ne des lieux etc\u2026) d\u2019abord pour soi, pour sa famille mais surtout pour les autres concitoyens. Le maintien ou la facilitation de la transmission du virus est un enjeu sanitaire mais \u00e9galement social et \u00e9conomique. Le Maroc a bien fait les choses jusqu\u2019\u00e0 pr\u00e9sent mais comme tous les pays il a d\u00e9j\u00e0 pay\u00e9 le prix de cette crise et il ne faudrait pas qu\u2019il en subisse d\u2019autres cons\u00e9quences. Les acteurs \u00e9conomiques durement touch\u00e9s doivent fournir tous les efforts de protection des employ\u00e9s et adopter les mesures d\u2019hygi\u00e8ne pour que la reprise soit \u00e0 la hauteur de leurs attentes et la p\u00e9renniser.<br \/>Les personnes \u00e2g\u00e9es et celles ayant des maladies chroniques doivent \u00eatre encore plus vigilantes car, apr\u00e8s le d\u00e9confinement, elles seront les premi\u00e8res \u00e0 \u00eatre vuln\u00e9rables au contact de la famille ou simplement d\u2019autres citoyens.<br \/>Enfin, mon conseil aux autorit\u00e9s qui ont d\u00e9j\u00e0 fait un travail louable et qu\u2019il faut soutenir c\u2019est de pr\u00e9parer notre syst\u00e8me de sant\u00e9 aux \u00ab\u00a0soubresauts\u00a0\u00bb \u00e9ventuels de cette pand\u00e9mie ou de nouvelles \u00e9pid\u00e9mies. Ceci pour que l\u2019offre de soins dans toutes ses dimensions soit accessible \u00e0 tous et particuli\u00e8rement aux vuln\u00e9rables et aux ram\u00e9distes, soit r\u00e9active en cas de flux massif de patients, de qualit\u00e9 dans la prise en charge des malades et performante en terme co\u00fbt\/efficience.<\/p>\n<p>Auteur: M&rsquo;hammed rahal<br \/>\n<a href=\"http:\/\/albayane.press.ma\/covid-19-le-systeme-de-sante-doit-etre-prepare-aux-eventuels-soubresauts-de-la-pandemie.html\">Cliquez ici pour lire l&rsquo;article depuis sa source.<\/a><\/p>\n","protected":false},"excerpt":{"rendered":"<p>Ja\u00e2far Heikel, Epid\u00e9miologiste Le syst\u00e8me national de sant\u00e9 doit \u00eatre pr\u00e9par\u00e9 aux \u00e9ventuels \u00absoubresauts\u00bb de la pand\u00e9mie de Covid-19 ou \u00e0 de nouvelles \u00e9pid\u00e9mies, a estim\u00e9 l\u2019\u00e9pid\u00e9miologiste Ja\u00e2far Heikel qui pr\u00f4ne une d\u00e9marche fond\u00e9e sur la planification strat\u00e9gique et la pr\u00e9paration op\u00e9rationnelle. Il convient de faire en sorte que \u00abl\u2019offre de soins dans toutes ses [&hellip;]<\/p>\n","protected":false},"author":1760,"featured_media":92932,"comment_status":"closed","ping_status":"closed","sticky":false,"template":"","format":"standard","meta":{"fifu_image_url":"","fifu_image_alt":"","footnotes":""},"categories":[73,54],"tags":[],"class_list":["post-92931","post","type-post","status-publish","format-standard","has-post-thumbnail","hentry","category-actualite","category-maroc"],"_links":{"self":[{"href":"https:\/\/linitiative.ca\/International\/wp-json\/wp\/v2\/posts\/92931","targetHints":{"allow":["GET"]}}],"collection":[{"href":"https:\/\/linitiative.ca\/International\/wp-json\/wp\/v2\/posts"}],"about":[{"href":"https:\/\/linitiative.ca\/International\/wp-json\/wp\/v2\/types\/post"}],"author":[{"embeddable":true,"href":"https:\/\/linitiative.ca\/International\/wp-json\/wp\/v2\/users\/1760"}],"replies":[{"embeddable":true,"href":"https:\/\/linitiative.ca\/International\/wp-json\/wp\/v2\/comments?post=92931"}],"version-history":[{"count":0,"href":"https:\/\/linitiative.ca\/International\/wp-json\/wp\/v2\/posts\/92931\/revisions"}],"wp:featuredmedia":[{"embeddable":true,"href":"https:\/\/linitiative.ca\/International\/wp-json\/"}],"wp:attachment":[{"href":"https:\/\/linitiative.ca\/International\/wp-json\/wp\/v2\/media?parent=92931"}],"wp:term":[{"taxonomy":"category","embeddable":true,"href":"https:\/\/linitiative.ca\/International\/wp-json\/wp\/v2\/categories?post=92931"},{"taxonomy":"post_tag","embeddable":true,"href":"https:\/\/linitiative.ca\/International\/wp-json\/wp\/v2\/tags?post=92931"}],"curies":[{"name":"wp","href":"https:\/\/api.w.org\/{rel}","templated":true}]}}