{"id":92933,"date":"2020-07-20T10:42:30","date_gmt":"2020-07-20T14:42:30","guid":{"rendered":"https:\/\/linitiative.ca\/International\/%ef%bb%bfel-otmani-appelle-au-respect-strict-des-regles-de-securite-sanitaire\/"},"modified":"2020-07-20T10:42:30","modified_gmt":"2020-07-20T14:42:30","slug":"%ef%bb%bfel-otmani-appelle-au-respect-strict-des-regles-de-securite-sanitaire","status":"publish","type":"post","link":"https:\/\/linitiative.ca\/International\/%ef%bb%bfel-otmani-appelle-au-respect-strict-des-regles-de-securite-sanitaire\/","title":{"rendered":"\ufeffEl Otmani appelle au respect strict des r\u00e8gles de s\u00e9curit\u00e9 sanitaire"},"content":{"rendered":"<p class=\"has-text-color has-vivid-red-color c2\"><strong>A\u00efd Al-Adha 2020<\/strong><\/p>\n<p class=\"has-text-color c3\"><strong>Le chef du gouvernement Saad Dine El Otmani a appel\u00e9, dimanche \u00e0 Rabat, au respect strict, lors de la c\u00e9l\u00e9bration de l\u2019A\u00efd Al-Adh, des mesures pr\u00e9ventives \u00e9dict\u00e9es pour lutter contre la propagation du nouveau coronavirus, afin que cette f\u00eate puisse se passer dans les meilleures conditions, soulignant que la r\u00e9ussite de la troisi\u00e8me phase du plan de d\u00e9confinement est tributaire de l\u2019adh\u00e9sion de tous les intervenants.<\/strong><\/p>\n<p>S\u2019exprimant lors d\u2019une conf\u00e9rence presse conjointe avec le ministre de la Sant\u00e9, Khalid Ait Taleb, M. El Otmani a exhort\u00e9 les citoyennes et les citoyens \u00e0 limiter leurs d\u00e9placements lors de cette f\u00eate et \u00e0 ne voyager qu\u2019en cas de n\u00e9cessit\u00e9 pour \u00e9viter les encombrements susceptibles de favoriser la propagation du virus, et \u00e0 continuer \u00e0 porter le masque, \u00e0 se laver et se d\u00e9sinfecter en permanence.<\/p>\n<p>L\u2019adh\u00e9sion des citoyens aux efforts de lutte contre le Covid-19 et l\u2019observation rigoureuse des mesures de s\u00e9curit\u00e9 sanitaire, a-t-il relev\u00e9, ont permis au Royaume de passer \u00e0 la troisi\u00e8me phase du plan de d\u00e9confinement, faisant \u00e9tat de nombre de \u00abSuccess stories\u00bb dans la gestion de cette pand\u00e9mie gr\u00e2ce aux mesures proactives prises avec l\u2019implication de divers acteurs.<\/p>\n<p>Et d\u2019ajouter que la d\u00e9cision d\u2019all\u00e9ger le confinement a \u00e9t\u00e9 l\u2019une des t\u00e2ches les plus complexes, car ayant n\u00e9cessit\u00e9 une discussion approfondie et des concertations avec les diff\u00e9rents intervenants, en particulier la commission scientifique, notant que la prise d\u2019une telle d\u00e9cision n\u00e9cessite de concilier pr\u00e9servation de la sant\u00e9 et de la s\u00e9curit\u00e9 des citoyens et un retour progressif \u00e0 la vie normale.<\/p>\n<p>Par ailleurs, le chef du gouvernement a rappel\u00e9 la d\u00e9cision encadrant la troisi\u00e8me \u00e9tape d\u2019all\u00e8gement des mesures du confinement au niveau national et qui concerne essentiellement l\u2019autorisation des \u00e9tablissements touristiques \u00e0 utiliser 100% de leur capacit\u00e9 d\u2019accueil, sans toutefois d\u00e9passer 50% de leurs espaces communs (restaurants, piscines, salles de sport\u2026), ainsi que l\u2019autorisation des moyens de transport interurbains et inter villes \u00e0 utiliser 75% de leur capacit\u00e9, selon des conditions d\u00e9finies.<\/p>\n<p>Cette \u00e9tape concerne \u00e9galement, a-t-il rappel\u00e9, l\u2019autorisation des rencontres sportives officielles sans public, en plus des rassemblements et activit\u00e9s regroupant moins de 20 personnes ainsi que l\u2019ouverture des centres culturels, des biblioth\u00e8ques, des mus\u00e9es et des sites arch\u00e9ologiques, sans d\u00e9passer 50% de leur capacit\u00e9 d\u2019accueil.<\/p>\n<p>M. El Otmani a affirm\u00e9, en outre, qu\u2019il a \u00e9t\u00e9 d\u00e9cid\u00e9 de maintenir les autres restrictions de pr\u00e9caution mises en place dans le cadre de l\u2019\u00e9tat d\u2019urgence sanitaire, y compris l\u2019interdiction des festivit\u00e9s, des f\u00eates de mariages, les salles de cin\u00e9ma, les piscines publiques et les fun\u00e9railles, pr\u00e9cisant que tous les secteurs publieront des guides de mise en oeuvre de ces mesures. Pour sa part, M. Khalid Ait Taleb a appel\u00e9 \u00e0 plus de vigilance et au respect des mesures pr\u00e9ventives, affirmant qu\u2019en l\u2019absence d\u2019un vaccin et de donn\u00e9es scientifiques autour de la saisonnalit\u00e9 du virus, le comportement des individus demeure le moyen le plus efficace contre le virus.<\/p>\n<p>Le ministre a, \u00e0 cet \u00e9gard, mis en garde contre le rel\u00e2chement dans le respect des mesures pr\u00e9ventives, vu que l\u2019\u00e9pid\u00e9mie n\u2019a pas disparu, notant que l\u2019Organisation mondiale de la sant\u00e9 (OMS) avertit que le virus n\u2019a pas encore atteint son pic. Il a toutefois tenu \u00e0 assurer que la situation \u00e9pid\u00e9miologique au Maroc est maitris\u00e9e, selon plusieurs indicateurs, dont le taux de l\u00e9talit\u00e9 qui ne d\u00e9passe pas 1,6% ainsi que les cas asymptomatiques qui atteignent 98%. \u00abToutes les d\u00e9cisions prises dans le cadre de la gestion de cette pand\u00e9mie, conform\u00e9ment aux Hautes directives royales, ont \u00e9t\u00e9 salu\u00e9es au niveau international\u00bb, s\u2019est-il f\u00e9licit\u00e9, pr\u00e9cisant que le nombre d\u2019analyses effectu\u00e9es au Maroc est d\u00e9sormais pass\u00e9 \u00e0 20.000 tests par jour, apr\u00e8s le passage du diagnostic au d\u00e9pistage pr\u00e9coce.<\/p>\n<p>Il a, en outre, expliqu\u00e9 que l\u2019augmentation des cas actifs est due \u00e0 la sortie des personnes vuln\u00e9rables du confinement, pr\u00e9cisant que la moyenne d\u2019\u00e2ge des personnes contamin\u00e9es a baiss\u00e9 \u00e0 moins de 40 ans apr\u00e8s l\u2019all\u00e8gement des mesures du confinement et la reprise des activit\u00e9s, alors qu\u2019elle d\u00e9passait au d\u00e9but de la pand\u00e9mie les 40 ans.<\/p>\n<p>Le gouvernement avait appel\u00e9 les citoyennes et les citoyens \u00e0 continuer \u00e0 respecter totalement et rigoureusement l\u2019ensemble des mesures pr\u00e9ventives adopt\u00e9es par les autorit\u00e9s sanitaires dans le cadre de la troisi\u00e8me phase du plan de d\u00e9confinement, notamment en raison des risques sanitaires li\u00e9s \u00e0 la p\u00e9riode estivale et aux c\u00e9l\u00e9brations de l\u2019A\u00efd Al-Adha.<\/p>\n<p>Le gouvernement a mis en garde en ce sens qu\u2019il sera proc\u00e9d\u00e9 comme pr\u00e9c\u00e9demment \u00e0 la fermeture de tous les quartiers r\u00e9sidentiels ou zones constituant de nouveaux foyers \u00e9pid\u00e9miques et que leur acc\u00e8s sera restreint et les mesures de contr\u00f4le y seront renforc\u00e9es, notant que c\u2019est le cas aussi pour les \u00e9tablissements touristiques qui ne respectent pas les r\u00e8gles et le protocole sanitaire en vigueur.<\/p>\n<p>Auteur: M&rsquo;hammed rahal<br \/>\n<a href=\"http:\/\/albayane.press.ma\/%EF%BB%BFel-otmani-appelle-au-respect-strict-des-regles-de-securite-sanitaire.html\">Cliquez ici pour lire l&rsquo;article depuis sa source.<\/a><\/p>\n","protected":false},"excerpt":{"rendered":"<p>A\u00efd Al-Adha 2020 Le chef du gouvernement Saad Dine El Otmani a appel\u00e9, dimanche \u00e0 Rabat, au respect strict, lors de la c\u00e9l\u00e9bration de l\u2019A\u00efd Al-Adh, des mesures pr\u00e9ventives \u00e9dict\u00e9es pour lutter contre la propagation du nouveau coronavirus, afin que cette f\u00eate puisse se passer dans les meilleures conditions, soulignant que la r\u00e9ussite de la [&hellip;]<\/p>\n","protected":false},"author":1760,"featured_media":0,"comment_status":"closed","ping_status":"closed","sticky":false,"template":"","format":"standard","meta":{"fifu_image_url":"","fifu_image_alt":"","footnotes":""},"categories":[73,54],"tags":[],"class_list":["post-92933","post","type-post","status-publish","format-standard","hentry","category-actualite","category-maroc"],"_links":{"self":[{"href":"https:\/\/linitiative.ca\/International\/wp-json\/wp\/v2\/posts\/92933","targetHints":{"allow":["GET"]}}],"collection":[{"href":"https:\/\/linitiative.ca\/International\/wp-json\/wp\/v2\/posts"}],"about":[{"href":"https:\/\/linitiative.ca\/International\/wp-json\/wp\/v2\/types\/post"}],"author":[{"embeddable":true,"href":"https:\/\/linitiative.ca\/International\/wp-json\/wp\/v2\/users\/1760"}],"replies":[{"embeddable":true,"href":"https:\/\/linitiative.ca\/International\/wp-json\/wp\/v2\/comments?post=92933"}],"version-history":[{"count":0,"href":"https:\/\/linitiative.ca\/International\/wp-json\/wp\/v2\/posts\/92933\/revisions"}],"wp:attachment":[{"href":"https:\/\/linitiative.ca\/International\/wp-json\/wp\/v2\/media?parent=92933"}],"wp:term":[{"taxonomy":"category","embeddable":true,"href":"https:\/\/linitiative.ca\/International\/wp-json\/wp\/v2\/categories?post=92933"},{"taxonomy":"post_tag","embeddable":true,"href":"https:\/\/linitiative.ca\/International\/wp-json\/wp\/v2\/tags?post=92933"}],"curies":[{"name":"wp","href":"https:\/\/api.w.org\/{rel}","templated":true}]}}