{"id":92936,"date":"2020-07-20T10:58:12","date_gmt":"2020-07-20T14:58:12","guid":{"rendered":"https:\/\/linitiative.ca\/International\/%ef%bb%bfla-caf-renonce-au-final-four-et-revient-a-lancienne-formule\/"},"modified":"2020-07-20T10:58:12","modified_gmt":"2020-07-20T14:58:12","slug":"%ef%bb%bfla-caf-renonce-au-final-four-et-revient-a-lancienne-formule","status":"publish","type":"post","link":"https:\/\/linitiative.ca\/International\/%ef%bb%bfla-caf-renonce-au-final-four-et-revient-a-lancienne-formule\/","title":{"rendered":"\ufeffLa CAF renonce au \u00abFinal Four\u00bb et revient \u00e0 l\u2019ancienne formule"},"content":{"rendered":"<p class=\"has-text-color has-vivid-red-color c2\"><strong>Ligue des Champions<\/strong><\/p>\n<p class=\"has-text-color c3\"><strong>Le comit\u00e9 ex\u00e9cutif de la Conf\u00e9d\u00e9ration africaine des Football (CAF) s\u2019est r\u00e9uni lundi avec la pr\u00e9sence de Fouzi Lekjaa pour \u00e9lire le pays h\u00f4te des derniers matchs de la Ligue des Champions 2019-2020.<\/strong><\/p>\n<p>Selon des sources m\u00e9diatiques, la Tunisie se serait retir\u00e9e de la course, laissant place \u00e0 l\u2019Egypte qui aurait fait le forcing pour recevoir les trois derniers matchs de la Ligue des Champions. Une demande \u00e0 laquelle le Maroc se serait oppos\u00e9.<\/p>\n<p>En effet, le pr\u00e9sident de la F\u00e9d\u00e9ration royale marocaine de football et 2e vice-pr\u00e9sident de la CAF, Fouzi Lekjaa, se serait farouchement oppos\u00e9 \u00e0 l\u2019accueil des rencontres en Egypte. Un pari payant puisque la commission interclubs de la CAF aurait finalement opt\u00e9 pour un format aller-retour concernant les demi-finales opposant le Wydad \u00e0 Al Ahly et le Raja au Zamalek.<\/p>\n<p>Quant \u00e0 la finale, elle se jouera au Maroc au cas o\u00f9 les deux clubs repr\u00e9sentant du Royaume se retrouvent dans le dernier carr\u00e9, dans le cas contraire, la rencontre aura lieu en Egypte. Dans l\u2019autre cas d\u2019une finale maroco-\u00e9gyptienne, la CAF choisira un terrain neutre.<\/p>\n<p>Le \u00ab\u00a0Final Four\u00a0\u00bb devait se jouer initialement au stade Japoma de Douala en septembre prochain, avant que le gouvernement camerounais ne d\u00e9cide de renoncer \u00e0 abriter le reste de la comp\u00e9tition en raison de la pand\u00e9mie de Covid-19.<\/p>\n<p class=\"c4\"><strong>Oussama Zidouhia<\/strong><\/p>\n<p>Auteur: M&rsquo;hammed rahal<br \/>\n<a href=\"http:\/\/albayane.press.ma\/%EF%BB%BFla-caf-renonce-au-final-four-et-revient-a-lancienne-formule.html\">Cliquez ici pour lire l&rsquo;article depuis sa source.<\/a><\/p>\n","protected":false},"excerpt":{"rendered":"<p>Ligue des Champions Le comit\u00e9 ex\u00e9cutif de la Conf\u00e9d\u00e9ration africaine des Football (CAF) s\u2019est r\u00e9uni lundi avec la pr\u00e9sence de Fouzi Lekjaa pour \u00e9lire le pays h\u00f4te des derniers matchs de la Ligue des Champions 2019-2020. Selon des sources m\u00e9diatiques, la Tunisie se serait retir\u00e9e de la course, laissant place \u00e0 l\u2019Egypte qui aurait fait [&hellip;]<\/p>\n","protected":false},"author":1760,"featured_media":0,"comment_status":"closed","ping_status":"closed","sticky":false,"template":"","format":"standard","meta":{"fifu_image_url":"","fifu_image_alt":"","footnotes":""},"categories":[73,54],"tags":[],"class_list":["post-92936","post","type-post","status-publish","format-standard","hentry","category-actualite","category-maroc"],"_links":{"self":[{"href":"https:\/\/linitiative.ca\/International\/wp-json\/wp\/v2\/posts\/92936","targetHints":{"allow":["GET"]}}],"collection":[{"href":"https:\/\/linitiative.ca\/International\/wp-json\/wp\/v2\/posts"}],"about":[{"href":"https:\/\/linitiative.ca\/International\/wp-json\/wp\/v2\/types\/post"}],"author":[{"embeddable":true,"href":"https:\/\/linitiative.ca\/International\/wp-json\/wp\/v2\/users\/1760"}],"replies":[{"embeddable":true,"href":"https:\/\/linitiative.ca\/International\/wp-json\/wp\/v2\/comments?post=92936"}],"version-history":[{"count":0,"href":"https:\/\/linitiative.ca\/International\/wp-json\/wp\/v2\/posts\/92936\/revisions"}],"wp:attachment":[{"href":"https:\/\/linitiative.ca\/International\/wp-json\/wp\/v2\/media?parent=92936"}],"wp:term":[{"taxonomy":"category","embeddable":true,"href":"https:\/\/linitiative.ca\/International\/wp-json\/wp\/v2\/categories?post=92936"},{"taxonomy":"post_tag","embeddable":true,"href":"https:\/\/linitiative.ca\/International\/wp-json\/wp\/v2\/tags?post=92936"}],"curies":[{"name":"wp","href":"https:\/\/api.w.org\/{rel}","templated":true}]}}