{"id":92951,"date":"2020-07-20T09:58:36","date_gmt":"2020-07-20T13:58:36","guid":{"rendered":"https:\/\/linitiative.ca\/International\/tourisme-la-directive-du-chef-du-gouvernement\/"},"modified":"2020-07-20T09:58:36","modified_gmt":"2020-07-20T13:58:36","slug":"tourisme-la-directive-du-chef-du-gouvernement","status":"publish","type":"post","link":"https:\/\/linitiative.ca\/International\/tourisme-la-directive-du-chef-du-gouvernement\/","title":{"rendered":"Tourisme: La directive du chef du gouvernement"},"content":{"rendered":"<div class=\"body\">\n<div class=\"field field-name-body field-type-text-with-summary field-label-hidden\">\n<div class=\"field-items\" readability=\"10\">\n<div class=\"field-item even\" property=\"content:encoded\" readability=\"15\">\n<p class=\"rtejustify\">Publi\u00e9 le 16 juillet 2020, une circulaire (n\u00b010\/2020) du chef du gouvernement, \u00abimpose aux membres du gouvernement, aux responsables des administrations centrales et des affaires \u00e9trang\u00e8res ainsi qu\u2019\u00e0 ceux des \u00e9tablissements publics et des collectivit\u00e9s locales de passer leurs vacances de 2020 \u00e0 l\u2019int\u00e9rieur du territoire national\u00bb. La circulaire vise aussi \u00e0 \u00abencourager\u00bb le tourisme national. L\u2019ex\u00e9cutif invite les fondations et les associations des \u0153uvres sociales \u00ab\u00e0 privil\u00e9gier les professionnels\u00bb locaux \u00aben mobilisant la subvention\u00bb au profit de l\u2019offre touristique nationale. M\u00eame les conseils d\u2019administration, sessions de formation, conf\u00e9rences et manifestations diverses devraient \u00ab\u00eatre orient\u00e9s\u00bb vers les op\u00e9rateurs des r\u00e9gions du Royaume. La circulaire interpelle les juristes. Qu\u2019en est-il de la libert\u00e9 de circulation des membres du gouvernement et hauts fonctionnaires? Ses effets sur la concurrence dans le tourisme interpellent aussi.<br \/><em>F.F.<\/em><\/p>\n<\/div>\n<\/div>\n<\/div>\n<\/div>\n<div class=\"eco-conseil\">\n<div class=\"view view-eco-conseil-16 view-id-eco_conseil_16 view-display-id-cookies view-dom-id-0de6770424a3a52bac5ffbc967a9cc18\">\n<div class=\"view-content\">\n<div id=\"views-bootstrap-grid-1\" class=\"views-bootstrap-grid-plugin-style\">\n<div class=\"row\">\n<div class=\" col-xs-12 col-lg-4\">\n<div class=\"row\">\n<div class=\"col col-xs-12 col-lg-12\">\n<div class=\"field-content\"><a href=\"\/article\/1064965-les-candidatures-pour-la-medecine-jusqu-au-29-juillet\"><img loading=\"lazy\" decoding=\"async\" class=\"img-responsive\" typeof=\"foaf:Image\" src=\"https:\/\/www.leconomiste.com\/sites\/default\/files\/eco7\/public\/styles\/800x400\/public\/default_images\/default_une.jpg?itok=4jZlgnIZ\" width=\"660\" height=\"330\" alt=\"\"\/><\/a><\/div>\n<\/div>\n<div class=\" title_suite_2 col col-xs-12 col-lg-12\"> <a href=\"\/article\/1064965-les-candidatures-pour-la-medecine-jusqu-au-29-juillet\"\/><span class=\"field-content\">Les candidatures pour la m\u00e9decine jusqu\u2019au 29 juillet<\/span><\/div>\n<\/div>\n<\/div>\n<div class=\" col-xs-12 col-lg-4\">\n<div class=\"row\">\n<div class=\"col col-xs-12 col-lg-12\">\n<div class=\"field-content\"><a href=\"\/article\/1064964-mesure-exceptionnelle-pour-les-vehicules-en\"><img loading=\"lazy\" decoding=\"async\" class=\"img-responsive\" typeof=\"foaf:Image\" src=\"https:\/\/www.leconomiste.com\/sites\/default\/files\/eco7\/public\/styles\/800x400\/public\/default_images\/default_une.jpg?itok=4jZlgnIZ\" width=\"660\" height=\"330\" alt=\"\"\/><\/a><\/div>\n<\/div>\n<div class=\" title_suite_2 col col-xs-12 col-lg-12\"> <a href=\"\/article\/1064964-mesure-exceptionnelle-pour-les-vehicules-en\"\/><span class=\"field-content\">Mesure exceptionnelle pour les v\u00e9hicules en AT<\/span><\/div>\n<\/div>\n<\/div>\n<div class=\" col-xs-12 col-lg-4\">\n<div class=\"row\">\n<div class=\"col col-xs-12 col-lg-12\">\n<div class=\"field-content\"><a href=\"\/article\/1064962-la-ccg-devient-sngfe\"><img loading=\"lazy\" decoding=\"async\" class=\"img-responsive\" typeof=\"foaf:Image\" src=\"https:\/\/www.leconomiste.com\/sites\/default\/files\/eco7\/public\/styles\/800x400\/public\/default_images\/default_une.jpg?itok=4jZlgnIZ\" width=\"660\" height=\"330\" alt=\"\"\/><\/a><\/div>\n<\/div>\n<div class=\" title_suite_2 col col-xs-12 col-lg-12\"> <a href=\"\/article\/1064962-la-ccg-devient-sngfe\"\/><span class=\"field-content\">La CCG devient SNGFE<\/span><\/div>\n<\/div>\n<\/div>\n<\/div>\n<\/div>\n<\/div>\n<\/div>\n<\/div>\n<p>Auteur: hlafriqi<br \/>\n<a href=\"https:\/\/www.leconomiste.com\/article\/1064963-tourisme-la-directive-du-chef-du-gouvernement\">Cliquez ici pour lire l&rsquo;article depuis sa source.<\/a><\/p>\n","protected":false},"excerpt":{"rendered":"<p>Publi\u00e9 le 16 juillet 2020, une circulaire (n\u00b010\/2020) du chef du gouvernement, \u00abimpose aux membres du gouvernement, aux responsables des administrations centrales et des affaires \u00e9trang\u00e8res ainsi qu\u2019\u00e0 ceux des \u00e9tablissements publics et des collectivit\u00e9s locales de passer leurs vacances de 2020 \u00e0 l\u2019int\u00e9rieur du territoire national\u00bb. La circulaire vise aussi \u00e0 \u00abencourager\u00bb le tourisme [&hellip;]<\/p>\n","protected":false},"author":1763,"featured_media":0,"comment_status":"closed","ping_status":"closed","sticky":false,"template":"","format":"standard","meta":{"fifu_image_url":"","fifu_image_alt":"","footnotes":""},"categories":[78,54],"tags":[],"class_list":["post-92951","post","type-post","status-publish","format-standard","hentry","category-economie","category-maroc"],"_links":{"self":[{"href":"https:\/\/linitiative.ca\/International\/wp-json\/wp\/v2\/posts\/92951","targetHints":{"allow":["GET"]}}],"collection":[{"href":"https:\/\/linitiative.ca\/International\/wp-json\/wp\/v2\/posts"}],"about":[{"href":"https:\/\/linitiative.ca\/International\/wp-json\/wp\/v2\/types\/post"}],"author":[{"embeddable":true,"href":"https:\/\/linitiative.ca\/International\/wp-json\/wp\/v2\/users\/1763"}],"replies":[{"embeddable":true,"href":"https:\/\/linitiative.ca\/International\/wp-json\/wp\/v2\/comments?post=92951"}],"version-history":[{"count":0,"href":"https:\/\/linitiative.ca\/International\/wp-json\/wp\/v2\/posts\/92951\/revisions"}],"wp:attachment":[{"href":"https:\/\/linitiative.ca\/International\/wp-json\/wp\/v2\/media?parent=92951"}],"wp:term":[{"taxonomy":"category","embeddable":true,"href":"https:\/\/linitiative.ca\/International\/wp-json\/wp\/v2\/categories?post=92951"},{"taxonomy":"post_tag","embeddable":true,"href":"https:\/\/linitiative.ca\/International\/wp-json\/wp\/v2\/tags?post=92951"}],"curies":[{"name":"wp","href":"https:\/\/api.w.org\/{rel}","templated":true}]}}