{"id":92952,"date":"2020-07-20T09:59:47","date_gmt":"2020-07-20T13:59:47","guid":{"rendered":"https:\/\/linitiative.ca\/International\/mesure-exceptionnelle-pour-les-vehicules-en-at\/"},"modified":"2020-07-20T09:59:47","modified_gmt":"2020-07-20T13:59:47","slug":"mesure-exceptionnelle-pour-les-vehicules-en-at","status":"publish","type":"post","link":"https:\/\/linitiative.ca\/International\/mesure-exceptionnelle-pour-les-vehicules-en-at\/","title":{"rendered":"Mesure exceptionnelle pour les v\u00e9hicules en AT"},"content":{"rendered":"<div class=\"body\">\n<div class=\"field field-name-body field-type-text-with-summary field-label-hidden\">\n<div class=\"field-items\" readability=\"7.5\">\n<div class=\"field-item even\" property=\"content:encoded\" readability=\"10\">\n<p class=\"rtejustify\">Les Marocains du monde et touristes \u00e9trangers bas\u00e9s au Maroc peuvent souffler. Leurs v\u00e9hicules de tourisme introduit sous l\u2019admission temporaire (AT) b\u00e9n\u00e9ficieront d\u2019une prolongation jusqu\u2019\u00e0 fin 2020. Cette mesure douani\u00e8re exceptionnelle est justifi\u00e9e par la fermeture des fronti\u00e8res engendr\u00e9e par l\u2019\u00e9tat d\u2019urgence sanitaire. Le d\u00e9lai suppl\u00e9mentaire accorde donc une validit\u00e9 aux admissions temporaires des v\u00e9hicules de tourisme jusqu\u2019\u00e0 la fin de l\u2019ann\u00e9e. M\u00eame si l\u2019autorisation administrative initiale a expir\u00e9. La douane invite les personnes concern\u00e9es \u00e0 contacter ses services afin de formaliser cette prorogation.<br \/><em>\u00a0F.F. <\/em><\/p>\n<\/div>\n<\/div>\n<\/div>\n<\/div>\n<div class=\"eco-conseil\">\n<div class=\"view view-eco-conseil-16 view-id-eco_conseil_16 view-display-id-cookies view-dom-id-980f3238dc3c11ee8cd75ac052a1a0f2\">\n<div class=\"view-content\">\n<div id=\"views-bootstrap-grid-1\" class=\"views-bootstrap-grid-plugin-style\">\n<div class=\"row\">\n<div class=\" col-xs-12 col-lg-4\">\n<div class=\"row\">\n<div class=\"col col-xs-12 col-lg-12\">\n<div class=\"field-content\"><a href=\"\/article\/1064965-les-candidatures-pour-la-medecine-jusqu-au-29-juillet\"><img loading=\"lazy\" decoding=\"async\" class=\"img-responsive\" typeof=\"foaf:Image\" src=\"https:\/\/www.leconomiste.com\/sites\/default\/files\/eco7\/public\/styles\/800x400\/public\/default_images\/default_une.jpg?itok=4jZlgnIZ\" width=\"660\" height=\"330\" alt=\"\"\/><\/a><\/div>\n<\/div>\n<div class=\" title_suite_2 col col-xs-12 col-lg-12\"> <a href=\"\/article\/1064965-les-candidatures-pour-la-medecine-jusqu-au-29-juillet\"\/><span class=\"field-content\">Les candidatures pour la m\u00e9decine jusqu\u2019au 29 juillet<\/span><\/div>\n<\/div>\n<\/div>\n<div class=\" col-xs-12 col-lg-4\">\n<div class=\"row\">\n<div class=\"col col-xs-12 col-lg-12\">\n<div class=\"field-content\"><a href=\"\/article\/1064963-tourisme-la-directive-du-chef-du-gouvernement\"><img loading=\"lazy\" decoding=\"async\" class=\"img-responsive\" typeof=\"foaf:Image\" src=\"https:\/\/www.leconomiste.com\/sites\/default\/files\/eco7\/public\/styles\/800x400\/public\/default_images\/default_une.jpg?itok=4jZlgnIZ\" width=\"660\" height=\"330\" alt=\"\"\/><\/a><\/div>\n<\/div>\n<div class=\" title_suite_2 col col-xs-12 col-lg-12\"> <a href=\"\/article\/1064963-tourisme-la-directive-du-chef-du-gouvernement\"\/><span class=\"field-content\">Tourisme: La directive du chef du gouvernement<\/span><\/div>\n<\/div>\n<\/div>\n<div class=\" col-xs-12 col-lg-4\">\n<div class=\"row\">\n<div class=\"col col-xs-12 col-lg-12\">\n<div class=\"field-content\"><a href=\"\/article\/1064962-la-ccg-devient-sngfe\"><img loading=\"lazy\" decoding=\"async\" class=\"img-responsive\" typeof=\"foaf:Image\" src=\"https:\/\/www.leconomiste.com\/sites\/default\/files\/eco7\/public\/styles\/800x400\/public\/default_images\/default_une.jpg?itok=4jZlgnIZ\" width=\"660\" height=\"330\" alt=\"\"\/><\/a><\/div>\n<\/div>\n<div class=\" title_suite_2 col col-xs-12 col-lg-12\"> <a href=\"\/article\/1064962-la-ccg-devient-sngfe\"\/><span class=\"field-content\">La CCG devient SNGFE<\/span><\/div>\n<\/div>\n<\/div>\n<\/div>\n<\/div>\n<\/div>\n<\/div>\n<\/div>\n<p>Auteur: hlafriqi<br \/>\n<a href=\"https:\/\/www.leconomiste.com\/article\/1064964-mesure-exceptionnelle-pour-les-vehicules-en\">Cliquez ici pour lire l&rsquo;article depuis sa source.<\/a><\/p>\n","protected":false},"excerpt":{"rendered":"<p>Les Marocains du monde et touristes \u00e9trangers bas\u00e9s au Maroc peuvent souffler. Leurs v\u00e9hicules de tourisme introduit sous l\u2019admission temporaire (AT) b\u00e9n\u00e9ficieront d\u2019une prolongation jusqu\u2019\u00e0 fin 2020. Cette mesure douani\u00e8re exceptionnelle est justifi\u00e9e par la fermeture des fronti\u00e8res engendr\u00e9e par l\u2019\u00e9tat d\u2019urgence sanitaire. Le d\u00e9lai suppl\u00e9mentaire accorde donc une validit\u00e9 aux admissions temporaires des v\u00e9hicules [&hellip;]<\/p>\n","protected":false},"author":1763,"featured_media":0,"comment_status":"closed","ping_status":"closed","sticky":false,"template":"","format":"standard","meta":{"fifu_image_url":"","fifu_image_alt":"","footnotes":""},"categories":[78,54],"tags":[],"class_list":["post-92952","post","type-post","status-publish","format-standard","hentry","category-economie","category-maroc"],"_links":{"self":[{"href":"https:\/\/linitiative.ca\/International\/wp-json\/wp\/v2\/posts\/92952","targetHints":{"allow":["GET"]}}],"collection":[{"href":"https:\/\/linitiative.ca\/International\/wp-json\/wp\/v2\/posts"}],"about":[{"href":"https:\/\/linitiative.ca\/International\/wp-json\/wp\/v2\/types\/post"}],"author":[{"embeddable":true,"href":"https:\/\/linitiative.ca\/International\/wp-json\/wp\/v2\/users\/1763"}],"replies":[{"embeddable":true,"href":"https:\/\/linitiative.ca\/International\/wp-json\/wp\/v2\/comments?post=92952"}],"version-history":[{"count":0,"href":"https:\/\/linitiative.ca\/International\/wp-json\/wp\/v2\/posts\/92952\/revisions"}],"wp:attachment":[{"href":"https:\/\/linitiative.ca\/International\/wp-json\/wp\/v2\/media?parent=92952"}],"wp:term":[{"taxonomy":"category","embeddable":true,"href":"https:\/\/linitiative.ca\/International\/wp-json\/wp\/v2\/categories?post=92952"},{"taxonomy":"post_tag","embeddable":true,"href":"https:\/\/linitiative.ca\/International\/wp-json\/wp\/v2\/tags?post=92952"}],"curies":[{"name":"wp","href":"https:\/\/api.w.org\/{rel}","templated":true}]}}