{"id":92965,"date":"2020-07-19T20:00:00","date_gmt":"2020-07-20T00:00:00","guid":{"rendered":"https:\/\/linitiative.ca\/International\/le-president-tebboune-recoit-la-representante-speciale-par-interim-du-sg-de-lonu-en-libye\/"},"modified":"2020-07-19T20:00:00","modified_gmt":"2020-07-20T00:00:00","slug":"le-president-tebboune-recoit-la-representante-speciale-par-interim-du-sg-de-lonu-en-libye","status":"publish","type":"post","link":"https:\/\/linitiative.ca\/International\/le-president-tebboune-recoit-la-representante-speciale-par-interim-du-sg-de-lonu-en-libye\/","title":{"rendered":"Le Pr\u00e9sident Tebboune re\u00e7oit la repr\u00e9sentante sp\u00e9ciale par int\u00e9rim du Sg de l\u2019ONU en Libye"},"content":{"rendered":"<p>Le Pr\u00e9sident de la R\u00e9publique, M. Abdelmadjid Tebboune, a re\u00e7u, hier, Mme Stephanie Williams, repr\u00e9sentante sp\u00e9ciale par int\u00e9rim du Secr\u00e9taire g\u00e9n\u00e9ral de l\u2019Organisation des Nations unies (ONU) en Libye, qui effectue une visite en Alg\u00e9rie, indique un communiqu\u00e9 de la Pr\u00e9sidence de la R\u00e9publique. \u00abLes deux parties ont examin\u00e9 les d\u00e9veloppements pr\u00e9occupants en Libye, \u00e0 la lumi\u00e8re des efforts de l\u2019ONU visant la reprise du processus de paix sur la base des d\u00e9cisions de la Conf\u00e9rence internationale de Berlin\u00bb, pr\u00e9cise le communiqu\u00e9. Le Pr\u00e9sident de la R\u00e9publique \u00aba r\u00e9affirm\u00e9, \u00e0 cette occasion, la position constante de l\u2019Alg\u00e9rie appelant \u00e0 l\u2019imp\u00e9ratif d\u2019acc\u00e9l\u00e9rer la r\u00e9solution politique en tant que seule et unique voie pour mettre un terme \u00e0 l\u2019effusion de sang et maintenir la situation sous contr\u00f4le, pour que le peuple libyen fr\u00e8re puisse reconstruire son pays dans le cadre de la l\u00e9gitimit\u00e9 populaire \u00e0 m\u00eame d\u2019assurer l\u2019int\u00e9grit\u00e9 de son territoire et sa souverainet\u00e9 nationale, loin de toute ing\u00e9rence militaire \u00e9trang\u00e8re\u00bb, conclut le communiqu\u00e9. \u00a0<\/p>\n<p>Auteur: elmoudjahid<br \/>\n<a href=\"http:\/\/www.elmoudjahid.com\/fr\/actualites\/156403\">Cliquez ici pour lire l&rsquo;article depuis sa source.<\/a><\/p>\n","protected":false},"excerpt":{"rendered":"<p>Le Pr\u00e9sident de la R\u00e9publique, M. Abdelmadjid Tebboune, a re\u00e7u, hier, Mme Stephanie Williams, repr\u00e9sentante sp\u00e9ciale par int\u00e9rim du Secr\u00e9taire g\u00e9n\u00e9ral de l\u2019Organisation des Nations unies (ONU) en Libye, qui effectue une visite en Alg\u00e9rie, indique un communiqu\u00e9 de la Pr\u00e9sidence de la R\u00e9publique. \u00abLes deux parties ont examin\u00e9 les d\u00e9veloppements pr\u00e9occupants en Libye, \u00e0 [&hellip;]<\/p>\n","protected":false},"author":1744,"featured_media":0,"comment_status":"closed","ping_status":"closed","sticky":false,"template":"","format":"standard","meta":{"fifu_image_url":"","fifu_image_alt":"","footnotes":""},"categories":[73,53],"tags":[],"class_list":["post-92965","post","type-post","status-publish","format-standard","hentry","category-actualite","category-algerie"],"_links":{"self":[{"href":"https:\/\/linitiative.ca\/International\/wp-json\/wp\/v2\/posts\/92965","targetHints":{"allow":["GET"]}}],"collection":[{"href":"https:\/\/linitiative.ca\/International\/wp-json\/wp\/v2\/posts"}],"about":[{"href":"https:\/\/linitiative.ca\/International\/wp-json\/wp\/v2\/types\/post"}],"author":[{"embeddable":true,"href":"https:\/\/linitiative.ca\/International\/wp-json\/wp\/v2\/users\/1744"}],"replies":[{"embeddable":true,"href":"https:\/\/linitiative.ca\/International\/wp-json\/wp\/v2\/comments?post=92965"}],"version-history":[{"count":0,"href":"https:\/\/linitiative.ca\/International\/wp-json\/wp\/v2\/posts\/92965\/revisions"}],"wp:attachment":[{"href":"https:\/\/linitiative.ca\/International\/wp-json\/wp\/v2\/media?parent=92965"}],"wp:term":[{"taxonomy":"category","embeddable":true,"href":"https:\/\/linitiative.ca\/International\/wp-json\/wp\/v2\/categories?post=92965"},{"taxonomy":"post_tag","embeddable":true,"href":"https:\/\/linitiative.ca\/International\/wp-json\/wp\/v2\/tags?post=92965"}],"curies":[{"name":"wp","href":"https:\/\/api.w.org\/{rel}","templated":true}]}}