{"id":92966,"date":"2020-07-19T20:00:00","date_gmt":"2020-07-20T00:00:00","guid":{"rendered":"https:\/\/linitiative.ca\/International\/crise-libyenne-la-representante-speciale-du-sg-de-lonu-salue-les-efforts-de-lalgerie\/"},"modified":"2020-07-19T20:00:00","modified_gmt":"2020-07-20T00:00:00","slug":"crise-libyenne-la-representante-speciale-du-sg-de-lonu-salue-les-efforts-de-lalgerie","status":"publish","type":"post","link":"https:\/\/linitiative.ca\/International\/crise-libyenne-la-representante-speciale-du-sg-de-lonu-salue-les-efforts-de-lalgerie\/","title":{"rendered":"Crise libyenne : La repr\u00e9sentante sp\u00e9ciale du SG de l\u2019ONU salue les efforts de l\u2019Alg\u00e9rie"},"content":{"rendered":"<p>La repr\u00e9sentante sp\u00e9ciale par int\u00e9rim du Secr\u00e9taire g\u00e9n\u00e9ral des Nations unies en Libye, St\u00e9phanie Williams, a salu\u00e9, dimanche \u00e0 Alger, les efforts de l\u2019Alg\u00e9rie visant \u00e0 trouver une solution politique \u00e0 la crise en Libye.\u00a0 \u00abNous sommes en train de travailler, sous les auspices de l\u2019accord de Berlin, dont l\u2019Alg\u00e9rie fait partie, pour essayer de trouver une solution politique \u00e0 la crise en Libye et agir aussi sur le volet \u00e9conomique. Nous sommes reconnaissants des efforts fournis par l\u2019Alg\u00e9rie pour une solution politique \u00e0 cette crise\u00bb, a affirm\u00e9 Mme Williams \u00e0 l\u2019issue de l\u2019audience que lui a accord\u00e9e le Pr\u00e9sident de la R\u00e9publique, M. Abdelmadjid Tebboune. \u00abJ\u2019ai eu aujourd\u2019hui des garanties de la part de l\u2019Alg\u00e9rie pour nous soutenir dans cette initiative qui permet d\u2019arriver \u00e0 un cessez-le-feu et mettre fin \u00e0 ce conflit qui a tant dur\u00e9\u00bb, a indiqu\u00e9 la repr\u00e9sentante du Secr\u00e9taire g\u00e9n\u00e9ral onusien. Elle a fait part, \u00e0 ce propos, de la \u00abpr\u00e9occupation\u00bb du SG de l\u2019ONU, Antonio Guterres, concernant la situation qui pr\u00e9vaut en Libye et sa demande aux forces \u00e9trang\u00e8res de cesser leurs ing\u00e9rences dans ce pays.\u00a0 Mettant en avant les souffrances endur\u00e9es par le peuple libyen en raison de cette crise qui dure depuis 9 ans, Mme Williams a estim\u00e9 qu\u2019il \u00e9tait \u00abgrand temps\u00bb de trouver une solution \u00e0 ce conflit et permettre ainsi aux Libyens de se lancer dans un processus politique par la voix du dialogue.<br \/>Elle a \u00e9galement insist\u00e9 sur la n\u00e9cessit\u00e9 de mettre fin \u00e0 \u00abl\u2019impunit\u00e9 internationale\u00bb qui fait que certains pays \u00abne respectant pas l\u2019embargo impos\u00e9 par l\u2019ONU sur les armes qui rentrent en Libye de mani\u00e8re ill\u00e9gale\u00bb, de m\u00eame que \u00abl\u2019impunit\u00e9 interne en Libye, suite aux violations des droits de l\u2019Homme\u00bb.<br \/>\u00a0<\/p>\n<p>Auteur: elmoudjahid<br \/>\n<a href=\"http:\/\/www.elmoudjahid.com\/fr\/actualites\/156404\">Cliquez ici pour lire l&rsquo;article depuis sa source.<\/a><\/p>\n","protected":false},"excerpt":{"rendered":"<p>La repr\u00e9sentante sp\u00e9ciale par int\u00e9rim du Secr\u00e9taire g\u00e9n\u00e9ral des Nations unies en Libye, St\u00e9phanie Williams, a salu\u00e9, dimanche \u00e0 Alger, les efforts de l\u2019Alg\u00e9rie visant \u00e0 trouver une solution politique \u00e0 la crise en Libye.\u00a0 \u00abNous sommes en train de travailler, sous les auspices de l\u2019accord de Berlin, dont l\u2019Alg\u00e9rie fait partie, pour essayer de [&hellip;]<\/p>\n","protected":false},"author":1744,"featured_media":0,"comment_status":"closed","ping_status":"closed","sticky":false,"template":"","format":"standard","meta":{"fifu_image_url":"","fifu_image_alt":"","footnotes":""},"categories":[73,53],"tags":[],"class_list":["post-92966","post","type-post","status-publish","format-standard","hentry","category-actualite","category-algerie"],"_links":{"self":[{"href":"https:\/\/linitiative.ca\/International\/wp-json\/wp\/v2\/posts\/92966","targetHints":{"allow":["GET"]}}],"collection":[{"href":"https:\/\/linitiative.ca\/International\/wp-json\/wp\/v2\/posts"}],"about":[{"href":"https:\/\/linitiative.ca\/International\/wp-json\/wp\/v2\/types\/post"}],"author":[{"embeddable":true,"href":"https:\/\/linitiative.ca\/International\/wp-json\/wp\/v2\/users\/1744"}],"replies":[{"embeddable":true,"href":"https:\/\/linitiative.ca\/International\/wp-json\/wp\/v2\/comments?post=92966"}],"version-history":[{"count":0,"href":"https:\/\/linitiative.ca\/International\/wp-json\/wp\/v2\/posts\/92966\/revisions"}],"wp:attachment":[{"href":"https:\/\/linitiative.ca\/International\/wp-json\/wp\/v2\/media?parent=92966"}],"wp:term":[{"taxonomy":"category","embeddable":true,"href":"https:\/\/linitiative.ca\/International\/wp-json\/wp\/v2\/categories?post=92966"},{"taxonomy":"post_tag","embeddable":true,"href":"https:\/\/linitiative.ca\/International\/wp-json\/wp\/v2\/tags?post=92966"}],"curies":[{"name":"wp","href":"https:\/\/api.w.org\/{rel}","templated":true}]}}