{"id":92967,"date":"2020-07-19T20:00:00","date_gmt":"2020-07-20T00:00:00","guid":{"rendered":"https:\/\/linitiative.ca\/International\/distinction-le-chef-de-letat-attribue-la-medaille-achir-a-athmane-ariouet-et-kaddour-darsouni\/"},"modified":"2020-07-19T20:00:00","modified_gmt":"2020-07-20T00:00:00","slug":"distinction-le-chef-de-letat-attribue-la-medaille-achir-a-athmane-ariouet-et-kaddour-darsouni","status":"publish","type":"post","link":"https:\/\/linitiative.ca\/International\/distinction-le-chef-de-letat-attribue-la-medaille-achir-a-athmane-ariouet-et-kaddour-darsouni\/","title":{"rendered":"Distinction : Le chef de l\u2019\u00e9tat attribue la m\u00e9daille \u00abAchir\u00bb  \u00e0 Athmane Ariouet et Kaddour Darsouni"},"content":{"rendered":"<p>Le Pr\u00e9sident de la R\u00e9publique, Abdelmadjid Tebboune, a sign\u00e9 des d\u00e9crets pr\u00e9sidentiels, parus au Journal officiel n\u00b040, portant attribution de m\u00e9dailles du m\u00e9rite national au rang de \u00abAchir\u00bb au cheikh du malouf Kaddour Darsouni, disparu r\u00e9cemment, ainsi qu\u2019au com\u00e9dien Athmane Ariouet. Le d\u00e9cret n\u00b0 20-169 porte attribution de la m\u00e9daille de l\u2019ordre du m\u00e9rite national au rang de \u00abAchir\u00bb au com\u00e9dien Athmane Ariouet, connu pour ses r\u00f4les dans des films comme L\u2019\u00e9pop\u00e9e du Cheikh Bou\u00e2mama (1983), Famille comme les autres (1992), Le taxi clandestin (1989) ou encore Carnaval fi dechra (1994). Le Pr\u00e9sident Tebboune a \u00e9galement attribu\u00e9 la m\u00e9daille de l\u2019ordre du m\u00e9rite national au rang de \u00abAchir\u00bb \u00e0 titre posthume au cheikh du malouf Kaddour Darsouni, disparu en avril dernier, \u00e0 l\u2019\u00e2ge de 93 ans. Kaddour Darsouni, Mohamed Darsouni de son vrai nom, avait consacr\u00e9 sa vie \u00e0 l\u2019enseignement du malouf au sein du conservatoire de Constantine. Surnomm\u00e9 \u00able formateur des g\u00e9n\u00e9rations\u00bb, il a \u0153uvr\u00e9 \u00e0 la transmission de cette musique savante pendant plus de 70 ans.\u00a0<br \/>\u00a0<\/p>\n<p>Auteur: elmoudjahid<br \/>\n<a href=\"http:\/\/www.elmoudjahid.com\/fr\/actualites\/156405\">Cliquez ici pour lire l&rsquo;article depuis sa source.<\/a><\/p>\n","protected":false},"excerpt":{"rendered":"<p>Le Pr\u00e9sident de la R\u00e9publique, Abdelmadjid Tebboune, a sign\u00e9 des d\u00e9crets pr\u00e9sidentiels, parus au Journal officiel n\u00b040, portant attribution de m\u00e9dailles du m\u00e9rite national au rang de \u00abAchir\u00bb au cheikh du malouf Kaddour Darsouni, disparu r\u00e9cemment, ainsi qu\u2019au com\u00e9dien Athmane Ariouet. Le d\u00e9cret n\u00b0 20-169 porte attribution de la m\u00e9daille de l\u2019ordre du m\u00e9rite national [&hellip;]<\/p>\n","protected":false},"author":1744,"featured_media":0,"comment_status":"closed","ping_status":"closed","sticky":false,"template":"","format":"standard","meta":{"fifu_image_url":"","fifu_image_alt":"","footnotes":""},"categories":[73,53],"tags":[],"class_list":["post-92967","post","type-post","status-publish","format-standard","hentry","category-actualite","category-algerie"],"_links":{"self":[{"href":"https:\/\/linitiative.ca\/International\/wp-json\/wp\/v2\/posts\/92967","targetHints":{"allow":["GET"]}}],"collection":[{"href":"https:\/\/linitiative.ca\/International\/wp-json\/wp\/v2\/posts"}],"about":[{"href":"https:\/\/linitiative.ca\/International\/wp-json\/wp\/v2\/types\/post"}],"author":[{"embeddable":true,"href":"https:\/\/linitiative.ca\/International\/wp-json\/wp\/v2\/users\/1744"}],"replies":[{"embeddable":true,"href":"https:\/\/linitiative.ca\/International\/wp-json\/wp\/v2\/comments?post=92967"}],"version-history":[{"count":0,"href":"https:\/\/linitiative.ca\/International\/wp-json\/wp\/v2\/posts\/92967\/revisions"}],"wp:attachment":[{"href":"https:\/\/linitiative.ca\/International\/wp-json\/wp\/v2\/media?parent=92967"}],"wp:term":[{"taxonomy":"category","embeddable":true,"href":"https:\/\/linitiative.ca\/International\/wp-json\/wp\/v2\/categories?post=92967"},{"taxonomy":"post_tag","embeddable":true,"href":"https:\/\/linitiative.ca\/International\/wp-json\/wp\/v2\/tags?post=92967"}],"curies":[{"name":"wp","href":"https:\/\/api.w.org\/{rel}","templated":true}]}}