{"id":92968,"date":"2020-07-19T20:00:00","date_gmt":"2020-07-20T00:00:00","guid":{"rendered":"https:\/\/linitiative.ca\/International\/le-president-tebboune-accorde-une-entrevue-a-des-responsables-de-medias-nationaux\/"},"modified":"2020-07-19T20:00:00","modified_gmt":"2020-07-20T00:00:00","slug":"le-president-tebboune-accorde-une-entrevue-a-des-responsables-de-medias-nationaux","status":"publish","type":"post","link":"https:\/\/linitiative.ca\/International\/le-president-tebboune-accorde-une-entrevue-a-des-responsables-de-medias-nationaux\/","title":{"rendered":"Le Pr\u00e9sident Tebboune accorde une entrevue \u00e0 des responsables de m\u00e9dias nationaux"},"content":{"rendered":"<p>Le Pr\u00e9sident de la R\u00e9publique, Abdelmadjid Tebboune, a accord\u00e9, hier,\u00a0 une entrevue \u00e0 des responsables de m\u00e9dias nationaux lors de laquelle il a abord\u00e9 nombre de questions internes et r\u00e9gionales.<\/p>\n<p>\u00abL\u2019Etat est \u00e0 l\u2019aise financi\u00e8rement contrairement \u00e0 ce qui se dit. D\u2019ici la fin du 1er semestre de 2021 ou \u00e0 fin 2021, la part des hydrocarbures dans le budget de l\u2019Etat sera r\u00e9duite de 20%, a-t-il mentionn\u00e9.<\/p>\n<p>Le pr\u00e9sident a aussi annonc\u00e9 que des indemnisations seront attribu\u00e9es aux petits commer\u00e7ants et aux artisans.\u00a0<\/p>\n<p>L\u2019Etat s\u2019est engag\u00e9 \u00e0 aider les artisans en difficult\u00e9 car ils ont suspendu leur activit\u00e9 en citant le cas des plombiers, des chauffeurs de taxis et des coiffeurs. \u00abOn va prendre en charge leur situation \u00e0 travers des d\u00e9cisions qui seront prises incessamment pour indemniser ceux qui sont affect\u00e9s par la crise car il s\u2019agit aussi d\u2019un moyen pour leur permettre de disposer de moyens pour prendre en charge leurs familles\u00bb, a expliqu\u00e9 le pr\u00e9sident.<\/p>\n<p>Le pr\u00e9sident a aussi donn\u00e9 des \u00e9claircissements relatifs \u00e0 la commission nationale de l\u2019\u00e9valuation des incidences de la pand\u00e9mie de la Covid-19 sur l\u2019\u00e9conomie nationale install\u00e9e r\u00e9cemment par le Premier ministre, Abdelmadjid Djerad.\u00a0<\/p>\n<p>\u00abIl fallait op\u00e9rer un diagnostic de la situation suite \u00e0 la crise sanitaire pour pouvoir y faire face. Depuis 4 mois, la situation \u00e9conomique se trouve quasiment \u00e0 l\u2019arr\u00eat mais nous sommes \u00e0 l\u2019aise financi\u00e8rement. Il y a une enveloppe financi\u00e8re qui est d\u00e9gag\u00e9e dont je ne d\u00e9voile pas le montant pour l\u2019instant\u00bb, a indiqu\u00e9 M. Tebboune.<\/p>\n<p>Les indemnisations ne posent pas de probl\u00e8me, ce dernier r\u00e9side plut\u00f4t dans l\u2019\u00e9valuation r\u00e9elle de l\u2019impact de la crise, estime le pr\u00e9sident qui a insist\u00e9 sur la moralisation de la vie publique en \u00e9mettant le souhait que les entreprises \u00e9vitent les fausses d\u00e9clarations sur leurs pertes.<\/p>\n<p>\u00abToute personne doit faire preuve d\u2019int\u00e9grit\u00e9. Faute de quoi, l\u2019Etat dispose des m\u00e9canismes de contr\u00f4le, qu\u2019il va d\u00e9ployer\u00bb, pr\u00e9cise-t-il.\u00a0<\/p>\n<p>Le pr\u00e9sident a indiqu\u00e9 que des d\u00e9cisions urgentes ont \u00e9t\u00e9 d\u00e9j\u00e0 prises pour la prise en charge des personnes affect\u00e9es par la crise \u00e9conomique dont l\u2019octroi d\u2019une allocation de solidarit\u00e9 de 10.000\u2008DA par mois pour les familles n\u00e9cessiteuses. \u00abMalheureusement, il y a des n\u00e9cessiteux qui n\u2019ont pas encore touch\u00e9 la premi\u00e8re tranche, pourtant disponible depuis pr\u00e8s de 3 mois. La bureaucratie est l\u2019ennemi num\u00e9ro 1 du pays. Les m\u00e9decins ont touch\u00e9 la prime de risque depuis seulement deux jours\u00bb, regrette le pr\u00e9sident qui s\u2019engage \u00e0 lutter contre ces pratiques.<\/p>\n<p><strong>R\u00e9union avec les partenaires\u00a0 socio-\u00e9conomiques les 16 et 17 ao\u00fbt<\/strong><\/p>\n<p>Le pr\u00e9sident a rappel\u00e9 la tenue d\u2019une r\u00e9union avec les partenaires socio-\u00e9conomiques les 16 et 17 ao\u00fbt prochain avec l\u2019objectif de tendre vers un consensus sur la relance de l\u2019\u00e9conomie. L\u2019Alg\u00e9rie ne disposait pas d\u2019une \u00e9conomie cr\u00e9atrice de richesse car elle \u00e9tait bas\u00e9e sur la rente, mais \u00e0 pr\u00e9sent il y a une nouvelle vision \u00e9conomique, notamment dans l\u2019industrie de la transformation et l\u2019activit\u00e9 hors hydrocarbures, se f\u00e9licite le pr\u00e9sident qui ajoute que les PME-PMI et les start-up sont le socle de l\u2019\u00e9conomie.<\/p>\n<p>Toujours \u00e0 propos du chapitre li\u00e9 au volet \u00e9conomique, le pr\u00e9sident a plaid\u00e9 en faveur d\u2019une vision globale impliquant \u00e0 la fois la sph\u00e8re politique et le champ \u00e9conomique. \u00abNous sommes sortis d\u2019une crise de plus de 20 ans caract\u00e9ris\u00e9e par l\u2019absence de gouvernance\u00bb, rel\u00e8ve M. Tebboune qui met l\u2019accent sur la n\u00e9cessit\u00e9 d\u2019op\u00e9rer une rupture entre le pass\u00e9 et les pratiques d\u2019exclusion.\u00a0<\/p>\n<p>\u00abLa situation \u00e9tait difficile mais il y avait un objectif : celui de sauver le pays, ce qui est un devoir de tous les Alg\u00e9riens. Il y a des comp\u00e9tences et j\u2019ai pris des d\u00e9cisions, car il faut laisser \u00e0 chacun l\u2019opportunit\u00e9 de contribuer \u00e0 la construction du pays. Le changement est le message du 22 f\u00e9vrier apr\u00e8s un cumul de pr\u00e8s de 20 ans, voire plus avec la d\u00e9cennie noire, ce qui n\u00e9cessite des r\u00e9formes profondes\u00bb, plaide le pr\u00e9sident.<\/p>\n<p>Le pr\u00e9sident a pr\u00e9cis\u00e9 que le pays ne peut pas proc\u00e9der \u00e0 une \u00e9valuation des changements en 6 mois, surtout si l\u2019on tient compte de l\u2019apparition de la crise sanitaire. Malgr\u00e9 cela, le changement est palpable, assure-t-il.\u00a0\u00a0<\/p>\n<p>Le chef de l\u2019Etat soutient que \u00able changement structurel passe d\u2019abord par une nouvelle Constitution et la moralisation de la vie politique et \u00e9conomique. La d\u00e9cision \u00e9conomique doit \u00eatre institutionnalis\u00e9e et ne devrait pas \u00eatre individuelle pour aboutir \u00e0 un d\u00e9veloppement r\u00e9el et durable.<\/p>\n<p><strong>Confinement : pas de recours \u00e0 la coercition<\/strong><\/p>\n<p>S\u2019exprimant sur le confinement sanitaire, le pr\u00e9sident a indiqu\u00e9 que l\u2019Etat ne veut pas avoir recours \u00e0 la coercition pour l\u2019imposer en donnant l\u2019exemple des autres pays qui ont fait appel \u00e0 l\u2019arm\u00e9e. \u00abOn compte sur la sensibilisation. Il y a des pays qui ont fait sortir des blind\u00e9es de l\u2019arm\u00e9e dans les rues pour imposer le confinement. Mais l\u2019Alg\u00e9rie, n\u2019a pas voulu utiliser la force\u00bb, soutient M. Tebboune qui a appel\u00e9 les citoyens \u00e0 se soumettre aux conditions du confinement et d\u2019appliquer les mesures de pr\u00e9vention.\u00a0<\/p>\n<p>Le pr\u00e9sident a \u00e9voqu\u00e9 la fermeture des mosqu\u00e9es et lieux de d\u00e9tente en raison de la pand\u00e9mie. \u00abJe comprends nos jeunes et nos citoyens. Mais il faut respecter les dispositions \u00e9dict\u00e9e\u00bb, pr\u00e9conise-t-il.<\/p>\n<p>Il explique que toutes les mesures sanitaires ne sont pas respect\u00e9es, notamment lors de la c\u00e9l\u00e9bration des f\u00eates de mariage, en ajoutant que la situation sanitaire ne permet pas de tol\u00e9rer de tels comportements qui constituent un danger pour la sant\u00e9.\u00a0<\/p>\n<p><strong>Le personnel m\u00e9dical b\u00e9n\u00e9ficie de la protection de l\u2019Etat<\/strong><\/p>\n<p>A une question sur les violences dans le milieu hospitalier, le pr\u00e9sident est formel : \u00abEn tant que citoyen et en tant que pr\u00e9sident, je d\u00e9nonce les agressions contre le personnel m\u00e9dical. Ce sont des moudjahidine qui sont mobilis\u00e9s pour sauver des vies humaines. Ils se sacrifient et sacrifient leurs familles en \u00e9tant confront\u00e9s \u00e0 la mort.\u00bb<\/p>\n<p>Il annonce qu\u2019il va signer cette semaine, une ordonnance qui aura force de loi pour instituer des peines contre les auteurs de ces violences qui risquent la prison ferme pour une dur\u00e9e allant de 5 \u00e0 10 ans.\u00a0<\/p>\n<p>Le personnel m\u00e9dical b\u00e9n\u00e9ficie de la protection de l\u2019Etat et nul ne doit commettre d\u2019actes d\u2019agression \u00e0 son encontre, avertit M. Tebboune.<\/p>\n<p>Le chef de l\u2019Etat a aussi insist\u00e9 sur le respect des mesures pr\u00e9ventives lors de la c\u00e9l\u00e9bration attendue de l\u2019A\u00efd El Adha qui rel\u00e8ve de la sunna, en rappelant \u00e0 ce sujet la d\u00e9cision de la commission de la fetwa. \u00abSoyons logiques et r\u00e9alistes. Il y a des citoyens qui vivent uniquement de l\u2019allocation de solidarit\u00e9. Celui qui n\u2019a pas les moyens ne doit pas proc\u00e9der au sacrifice rituel\u00bb, a-t-il pr\u00e9cis\u00e9. Pour une protection optimale contre la Covid-19, le pr\u00e9sident note que des citoyens ont pris quelques dispositions \u00e0 l\u2019exemple de proc\u00e9der au rituel dans les abattoirs en appelant les citoyens \u00e0 la discipline.<\/p>\n<p>Lors de cette entrevue, et concernant la Constitution, le pr\u00e9sident a soutenu que le r\u00e9gime politique dont le r\u00e9gime semi-pr\u00e9sidentiel est une donne soumise \u00e0 la sociologie politique de chaque nation.<\/p>\n<p>Il ajoute \u00e0 propos de la dur\u00e9e du mandat pr\u00e9sidentiel que c\u2019est au peuple d\u2019en d\u00e9cider mais qu\u2019on ne peut lier le destin d\u2019un Etat \u00e0 une personne et qu\u2019il est important de tenir compte de l\u2019h\u00e9ritage du pass\u00e9 sans remettre le compteur \u00e0 z\u00e9ro : pratique qui avait bloqu\u00e9 le d\u00e9veloppement du pays. Le pr\u00e9sident a r\u00e9it\u00e9r\u00e9 son engagement \u00e0 consolider les liens entre les Alg\u00e9riens. \u00abJe veux construire un \u00c9tat fort et juste ainsi qu\u2019une soci\u00e9t\u00e9 homog\u00e8ne\u00bb, insiste le pr\u00e9sident en mettant l\u2019accent sur l\u2019importance de ne pas recourir \u00e0 l\u2019exclusion. Il rappelle qu\u2019il \u00e9tait un candidat libre lors de l\u2019\u00e9lection pr\u00e9sidentielle. \u00abJe suis le candidat du peuple et suis le pr\u00e9sident de tous les Alg\u00e9riens\u00bb, a mentionn\u00e9 M. Tebboune rappelant qu\u2019il n\u2019adh\u00e8re pas \u00e0 un parti politique. Le pr\u00e9sident affirme que le contexte impose de se concentrer sur le d\u00e9veloppement et la relance \u00e9conomique.<\/p>\n<p>Le pr\u00e9sident a mis en avant le r\u00f4le de la soci\u00e9t\u00e9 civile qu\u2019il qualifie de composante importante, rappelant qu\u2019il a nomm\u00e9 un conseiller \u00e0 la Pr\u00e9sidence charg\u00e9 de la soci\u00e9t\u00e9 civile en pr\u00e9cisant que des jeunes engag\u00e9s \u00e9taient marginalis\u00e9s et exclus et aujourd\u2019hui, ils constituent la fiert\u00e9 du pays.<\/p>\n<p>Le pr\u00e9sident met en garde contre les forces d\u2019inertie qui rejettent les changements et qui d\u2019entraver de nombreuses initiatives en signalant que ceci va \u00e0 l\u2019encontre de la volont\u00e9 populaire. \u00abJe suis un Novembriste et je travaille dans l\u2019int\u00e9r\u00eat du peuple\u00bb, assure-t-il.<\/p>\n<p>Le pr\u00e9sident affirme que les r\u00e9serves de change sont de 60 milliards de dollars et qu\u2019elles permettent de faire face \u00e0 la crise actuelle, \u00e0 quoi s\u2019ajoutent 25 milliards de dollars des revenus des hydrocarbures et les 25 milliards en production agricole.<\/p>\n<p>Le pr\u00e9sident assure que \u00abl\u2019Etat fort et juste prot\u00e8ge les couches vuln\u00e9rables\u00bb et qu\u2019il exerce un contr\u00f4le rigoureux et se dresse en rempart contre la dilapidation et le d\u00e9tournement des deniers publics.\u00a0<\/p>\n<p><strong>Les citoyens doivent d\u00e9fendre leurs droits<\/strong><\/p>\n<p>Le pr\u00e9sident a \u00e9voqu\u00e9 lors de cette entrevue la lutte contre la corruption, r\u00e9it\u00e9rant son engagement \u00e0 l\u2019assainissement du climat et \u00e0 la r\u00e9cup\u00e9ration de l\u2019argent d\u00e9tourn\u00e9.<\/p>\n<p>M. Tebboune met en garde contre l\u2019argent sale utilis\u00e9 par des forces qui s\u2019opposent au changement et financent m\u00eame des mouvements de protestation. Il annonce avoir donn\u00e9 instruction pour mener des redressements fiscaux et que des tentatives de corruption ont \u00e9t\u00e9 d\u00e9tect\u00e9es \u00e0 cette occasion tout en appelant les citoyens \u00e0 d\u00e9fendre leurs droits. Il mentionne que la responsabilit\u00e9 de l\u2019Etat est d\u2019assurer l\u2019\u00e9quit\u00e9 et l\u2019\u00e9galit\u00e9 entre les citoyens que ce soit en ce qui concerne le logement ou la scolarisation des enfants dans de bonnes conditions. \u00abJ\u2019ai entam\u00e9 un programme pour loger les citoyens et pr\u00e9server leur dignit\u00e9\u00bb, assure le pr\u00e9sident.<\/p>\n<p>Affranchir le pouvoir politique de l\u2019argent n\u2019est pas une mission facile mais c\u2019est \u00e0 la port\u00e9e du pays gr\u00e2ce \u00e0 la nouvelle g\u00e9n\u00e9ration, mentionne le pr\u00e9sident.<\/p>\n<p>M. Tebboune revient sur le dossier du d\u00e9veloppement des zones d\u2019ombre en indiquant que les habitants de ces contr\u00e9es sont d\u00e9favoris\u00e9s depuis le colonialisme alors que des villages ont \u00e9t\u00e9 d\u00e9cim\u00e9s en une nuit durant la d\u00e9cennie noire, ce qui a eu son impact.<\/p>\n<p>Selon, le pr\u00e9sident, l\u2019exclusion affaiblit le sentiment d\u2019appartenance au pays. Des r\u00e9gions ne sont pas aliment\u00e9es en eau potable, \u00abon doit penser \u00e0 assurer les m\u00eames conditions de vie et de scolarisation pour les enfants de l\u2019Alg\u00e9rie, il ne s\u2019agit pas seulement de d\u00e9veloppement mais de la pr\u00e9servation de leur dignit\u00e9\u00bb, assure M. Tebboune.<\/p>\n<p>Le pr\u00e9sident a aussi abord\u00e9 le dossier des relations avec la France. Le travail m\u00e9moriel est toujours pr\u00e9sent dans l\u2019int\u00e9r\u00eat national dont celui li\u00e9 \u00e0 la r\u00e9cup\u00e9ration des archives loin des surench\u00e8res politiques, dit le pr\u00e9sident qui pr\u00e9cise que l\u2019historien Madjid Chikhi est charg\u00e9 par l\u2019Etat de ce dossier de la m\u00e9moire avec un historien fran\u00e7ais.<\/p>\n<p>Enfin le pr\u00e9sident a fait \u00e9tat de sa volont\u00e9 de parvenir au r\u00e8glement de la crise libyenne. L\u2019Alg\u00e9rie ne soutient aucune d\u00e9cision unilat\u00e9rale et la solution doit \u00eatre \u00e9labor\u00e9e autour d\u2019une table, souligne-t-il, en regrettant le non-respect des engagements par certaines parties.\u00a0<\/p>\n<p>M. Tebboune a mis en garde contre la tentative d\u2019implication des tribus dans le conflit arm\u00e9. \u00abA Berlin, nous avons mis en garde contre le sc\u00e9nario syrien et la Libye risque aujourd\u2019hui la somalisation\u00bb, a-t-il not\u00e9.\u00a0<\/p>\n<p><strong>Neila Benrahal<\/strong><\/p>\n<p>Auteur: elmoudjahid<br \/>\n<a href=\"http:\/\/www.elmoudjahid.com\/fr\/actualites\/156406\">Cliquez ici pour lire l&rsquo;article depuis sa source.<\/a><\/p>\n","protected":false},"excerpt":{"rendered":"<p>Le Pr\u00e9sident de la R\u00e9publique, Abdelmadjid Tebboune, a accord\u00e9, hier,\u00a0 une entrevue \u00e0 des responsables de m\u00e9dias nationaux lors de laquelle il a abord\u00e9 nombre de questions internes et r\u00e9gionales. \u00abL\u2019Etat est \u00e0 l\u2019aise financi\u00e8rement contrairement \u00e0 ce qui se dit. D\u2019ici la fin du 1er semestre de 2021 ou \u00e0 fin 2021, la part [&hellip;]<\/p>\n","protected":false},"author":1744,"featured_media":0,"comment_status":"closed","ping_status":"closed","sticky":false,"template":"","format":"standard","meta":{"fifu_image_url":"","fifu_image_alt":"","footnotes":""},"categories":[73,53],"tags":[],"class_list":["post-92968","post","type-post","status-publish","format-standard","hentry","category-actualite","category-algerie"],"_links":{"self":[{"href":"https:\/\/linitiative.ca\/International\/wp-json\/wp\/v2\/posts\/92968","targetHints":{"allow":["GET"]}}],"collection":[{"href":"https:\/\/linitiative.ca\/International\/wp-json\/wp\/v2\/posts"}],"about":[{"href":"https:\/\/linitiative.ca\/International\/wp-json\/wp\/v2\/types\/post"}],"author":[{"embeddable":true,"href":"https:\/\/linitiative.ca\/International\/wp-json\/wp\/v2\/users\/1744"}],"replies":[{"embeddable":true,"href":"https:\/\/linitiative.ca\/International\/wp-json\/wp\/v2\/comments?post=92968"}],"version-history":[{"count":0,"href":"https:\/\/linitiative.ca\/International\/wp-json\/wp\/v2\/posts\/92968\/revisions"}],"wp:attachment":[{"href":"https:\/\/linitiative.ca\/International\/wp-json\/wp\/v2\/media?parent=92968"}],"wp:term":[{"taxonomy":"category","embeddable":true,"href":"https:\/\/linitiative.ca\/International\/wp-json\/wp\/v2\/categories?post=92968"},{"taxonomy":"post_tag","embeddable":true,"href":"https:\/\/linitiative.ca\/International\/wp-json\/wp\/v2\/tags?post=92968"}],"curies":[{"name":"wp","href":"https:\/\/api.w.org\/{rel}","templated":true}]}}