{"id":92969,"date":"2020-07-20T07:18:14","date_gmt":"2020-07-20T11:18:14","guid":{"rendered":"https:\/\/linitiative.ca\/International\/107635-stade-d-oran-lancement-en-septembre-des-travaux-de-la-pose-de-la-piste-d-athletisme\/"},"modified":"2020-07-20T07:18:14","modified_gmt":"2020-07-20T11:18:14","slug":"107635-stade-d-oran-lancement-en-septembre-des-travaux-de-la-pose-de-la-piste-d-athletisme","status":"publish","type":"post","link":"https:\/\/linitiative.ca\/International\/107635-stade-d-oran-lancement-en-septembre-des-travaux-de-la-pose-de-la-piste-d-athletisme\/","title":{"rendered":"Stade d&rsquo;Oran: lancement en septembre des travaux de la pose de la piste d\u2019athl\u00e9tisme"},"content":{"rendered":"<div readability=\"37\">\n<p><strong>ORAN &#8211; Les travaux de la pose de la piste d\u2019athl\u00e9tisme du nouveau stade de 40.000 places d\u2019Oran devront commencer en septembre prochain, \u00ab\u00a0si d\u2019ici l\u00e0 l\u2019espace a\u00e9rien venait d\u2019\u00eatre rouvert\u00a0\u00bb, a-t-on appris lundi aupr\u00e8s du responsable de l\u2019entreprise charg\u00e9e de la r\u00e9alisation de ladite piste.<\/strong><\/p>\n<\/div>\n<div readability=\"75.5\">\n<p>\u00ab\u00a0La piste en question est fabriqu\u00e9e en Suisse et la fermeture de l\u2019espace a\u00e9rien pour contrer la propagation du coronavirus nous a fauss\u00e9 les calculs, et contraint de reporter le lancement des travaux\u00a0\u00bb, a indiqu\u00e9, \u00e0 l\u2019APS, Farid Bousa\u00e2d.<\/p>\n<blockquote readability=\"12\">\n<p><em><strong>Il a fait savoir, en outre, que des experts de l\u2019entreprise de fabrication sont \u00e9galement attendus \u00e0 Oran pour piloter les travaux d\u2019usage \u00ab\u00a0d\u2019autant qu\u2019il s\u2019agit d\u2019une op\u00e9ration compliqu\u00e9e vu que le mod\u00e8le choisi pour cette piste est tr\u00e8s moderne et est peu utilis\u00e9 dans les stades du monde\u00a0\u00bb, a-t-il dit, tout en s\u2019engageant \u00e0 livrer cette piste en l\u2019espace de deux mois.<\/strong><\/em><\/p>\n<\/blockquote>\n<p>Les stades de Z\u00fcrich, Berlin et Monaco sont \u00e9quip\u00e9s du m\u00eame genre de piste, a encore inform\u00e9 M. Bousa\u00e2d, soulignant qu\u2019en Afrique \u00ab\u00a0seul le stade d\u2019Addis-Abeba en Ethiopie est dot\u00e9 d\u2019une pelouse de cette qualit\u00e9 de haute facture qui aide \u00e9norm\u00e9ment les athl\u00e8tes \u00e0 r\u00e9ussir les belles performances\u00a0\u00bb.<\/p>\n<p>En revanche, le m\u00eame responsable a rassur\u00e9 que tous les travaux pr\u00e9c\u00e9dant la pose de la piste de dix couloirs ont \u00e9t\u00e9 achev\u00e9s. Parall\u00e8lement \u00e0 cette op\u00e9ration, l\u2019entreprise en question vient d\u2019achever la r\u00e9alisation de la pelouse en gazon naturel du m\u00eame stade, \u00ab\u00a0une op\u00e9ration conclue avec succ\u00e8s\u00a0\u00bb, s\u2019est-il r\u00e9joui.<\/p>\n<blockquote readability=\"9\">\n<p><em><strong>Il s\u2019agit d\u2019une pelouse hybride dot\u00e9e d\u2019un syst\u00e8me d\u2019arrosage utilis\u00e9 pour la premi\u00e8re fois dans les enceintes de football en Afrique. Ce syst\u00e8me est assist\u00e9 par ordinateur dont le programmateur est accord\u00e9 \u00e0 la station de m\u00e9t\u00e9o de l\u2019a\u00e9roport international d\u2019Oran par wifi, a expliqu\u00e9 Farid Boussaad.<\/strong><\/em><\/p>\n<\/blockquote>\n<p>Le stade de 40.000 places constitue le principal \u00e9quipement relevant du complexe olympique en cours de r\u00e9alisation dans la commune de Bir El Djir (Est d\u2019Oran).<\/p>\n<p>Cette infrastructure, qui a fait dimanche l\u2019objet d\u2019une visite d\u2019inspection des ministres de l\u2019Habitat et des sports, respectivement Kamel Nasri et Sid Ali Khaldi et\u00a0 la Secr\u00e9taire d\u2019Etat charg\u00e9e du sport d\u2019\u00e9lite, Salima Souakri abritera l\u2019essentiel des comp\u00e9titions programm\u00e9es pour la 19e \u00e9dition des Jeux m\u00e9diterran\u00e9ens, qui se tiendra en juin et\u00a0 juillet 2022 dans la capitale de l\u2019Ouest du pays, rappelle-t-on.<\/p>\n<\/div>\n<p>Auteur:<br \/>\n<a href=\"http:\/\/www.aps.dz\/sport\/107635-stade-d-oran-lancement-en-septembre-des-travaux-de-la-pose-de-la-piste-d-athletisme?utm_source=feedburner&#038;utm_medium=feed&#038;utm_campaign=Feed%3A+aps-sport+%28APS+-+SPORT%29\">Cliquez ici pour lire l&rsquo;article depuis sa source.<\/a><\/p>\n","protected":false},"excerpt":{"rendered":"<p>ORAN &#8211; Les travaux de la pose de la piste d\u2019athl\u00e9tisme du nouveau stade de 40.000 places d\u2019Oran devront commencer en septembre prochain, \u00ab\u00a0si d\u2019ici l\u00e0 l\u2019espace a\u00e9rien venait d\u2019\u00eatre rouvert\u00a0\u00bb, a-t-on appris lundi aupr\u00e8s du responsable de l\u2019entreprise charg\u00e9e de la r\u00e9alisation de ladite piste. \u00ab\u00a0La piste en question est fabriqu\u00e9e en Suisse et [&hellip;]<\/p>\n","protected":false},"author":1790,"featured_media":0,"comment_status":"closed","ping_status":"closed","sticky":false,"template":"","format":"standard","meta":{"fifu_image_url":"","fifu_image_alt":"","footnotes":""},"categories":[53,75],"tags":[],"class_list":["post-92969","post","type-post","status-publish","format-standard","hentry","category-algerie","category-sport"],"_links":{"self":[{"href":"https:\/\/linitiative.ca\/International\/wp-json\/wp\/v2\/posts\/92969","targetHints":{"allow":["GET"]}}],"collection":[{"href":"https:\/\/linitiative.ca\/International\/wp-json\/wp\/v2\/posts"}],"about":[{"href":"https:\/\/linitiative.ca\/International\/wp-json\/wp\/v2\/types\/post"}],"author":[{"embeddable":true,"href":"https:\/\/linitiative.ca\/International\/wp-json\/wp\/v2\/users\/1790"}],"replies":[{"embeddable":true,"href":"https:\/\/linitiative.ca\/International\/wp-json\/wp\/v2\/comments?post=92969"}],"version-history":[{"count":0,"href":"https:\/\/linitiative.ca\/International\/wp-json\/wp\/v2\/posts\/92969\/revisions"}],"wp:attachment":[{"href":"https:\/\/linitiative.ca\/International\/wp-json\/wp\/v2\/media?parent=92969"}],"wp:term":[{"taxonomy":"category","embeddable":true,"href":"https:\/\/linitiative.ca\/International\/wp-json\/wp\/v2\/categories?post=92969"},{"taxonomy":"post_tag","embeddable":true,"href":"https:\/\/linitiative.ca\/International\/wp-json\/wp\/v2\/tags?post=92969"}],"curies":[{"name":"wp","href":"https:\/\/api.w.org\/{rel}","templated":true}]}}