{"id":92974,"date":"2020-07-20T12:03:00","date_gmt":"2020-07-20T16:03:00","guid":{"rendered":"https:\/\/linitiative.ca\/International\/enseignement-superieur-599-maitres-de-conferences-promus-au-grade-de-professeur\/"},"modified":"2020-07-20T12:03:00","modified_gmt":"2020-07-20T16:03:00","slug":"enseignement-superieur-599-maitres-de-conferences-promus-au-grade-de-professeur","status":"publish","type":"post","link":"https:\/\/linitiative.ca\/International\/enseignement-superieur-599-maitres-de-conferences-promus-au-grade-de-professeur\/","title":{"rendered":"ENSEIGNEMENT SUPERIEUR  : 599 ma\u00eetres de conf\u00e9rences promus  au grade de Professeur"},"content":{"rendered":"<p><br id=\"sep_para_1\" class=\"sep_para access\"\/><\/p>\n<div id=\"para_1\" class=\"para_37963645 resize\">\n<div class=\"texte access firstletter\">Le ministre de l\u2019Enseignement sup\u00e9rieur et de la recherche scientifique, Abdelbaki Benziane, a fait \u00e9tat, \u00e0 Alger, de la promotion de 599 ma\u00eetres de conf\u00e9rences de classe A au grade de Professeur sur un total de 740 candidats toutes sp\u00e9cialit\u00e9s confondues, soit un taux de 80,94%. \u00ab\u00a0Sur un total de 740 candidats, toutes sp\u00e9cialit\u00e9s confondues, pour cette session, et apr\u00e8s examen minutieux des dossiers au niveau des sous-commissions dans toutes les sp\u00e9cialit\u00e9s, 599 ma\u00eetres de conf\u00e9rences classe A ont \u00e9t\u00e9 promus au grade de Professeur, soit un taux de 80,94% \u00ab\u00a0, a indiqu\u00e9 le ministre lors de l\u2019annonce des r\u00e9sultats de la 43e session de la Commission Universitaire Nationale (CUN-43), d\u00e9plorant le report de cette 43e session, pr\u00e9vue initialement en janvier, jusqu\u2019\u00e0 la semaine derni\u00e8re, en raison de la situation sanitaire. Ainsi, le nombre global des professeurs s\u2019\u00e9l\u00e8vera \u00e0 7.635 \u00e0 8.234, a-t-il pr\u00e9cis\u00e9. D\u00e9taillant les r\u00e9sultats de cette session par branches de sp\u00e9cialit\u00e9, le ministre a cit\u00e9 118 admis sur un total de 163 candidats (72, 39%) pour la branche technologie, 64 admis sur un total de 75 candidats (85,33%) pour les sciences exactes, 65 admis sur un total de 80 candidats (81,25%) pour les sciences de la nature et de la vie, en sus de 66 admis sur un total de 85 candidats (77,64%) pour les sciences \u00e9conomiques et commerciales. Pour les sciences sociales et humaines, il a \u00e9voqu\u00e9 168 admis sur un total de 198 candidats (84,84%), contre 59 admis sur un total de 69 candidats pour la branche des Lettres et langues \u00e9trang\u00e8res (85,50%) et 59 admis sur 70 candidats (84,28%) pour les sciences \u00e9conomiques et commerciales. Le ministre a annonc\u00e9 l\u2019ouverture de la 44 CUN \u00e0 la fin novembre 2020 et de la 45 CUN \u00e0 la fin juin 2021, soulignant que le traitement des dossiers se fera \u00e0 partir de novembre prochain \u00e0 travers une plateforme num\u00e9rique.<\/div>\n<\/div>\n<p>Auteur: Nadine<br \/>\n<a href=\"https:\/\/www.reflexiondz.net\/ENSEIGNEMENT-SUPERIEUR-599-maitres-de-conferences-promus-au-grade-de-Professeur_a64129.html\">Cliquez ici pour lire l&rsquo;article depuis sa source.<\/a><\/p>\n","protected":false},"excerpt":{"rendered":"<p>Le ministre de l\u2019Enseignement sup\u00e9rieur et de la recherche scientifique, Abdelbaki Benziane, a fait \u00e9tat, \u00e0 Alger, de la promotion de 599 ma\u00eetres de conf\u00e9rences de classe A au grade de Professeur sur un total de 740 candidats toutes sp\u00e9cialit\u00e9s confondues, soit un taux de 80,94%. \u00ab\u00a0Sur un total de 740 candidats, toutes sp\u00e9cialit\u00e9s confondues, [&hellip;]<\/p>\n","protected":false},"author":1740,"featured_media":0,"comment_status":"closed","ping_status":"closed","sticky":false,"template":"","format":"standard","meta":{"fifu_image_url":"","fifu_image_alt":"","footnotes":""},"categories":[53,76],"tags":[],"class_list":["post-92974","post","type-post","status-publish","format-standard","hentry","category-algerie","category-regions"],"_links":{"self":[{"href":"https:\/\/linitiative.ca\/International\/wp-json\/wp\/v2\/posts\/92974","targetHints":{"allow":["GET"]}}],"collection":[{"href":"https:\/\/linitiative.ca\/International\/wp-json\/wp\/v2\/posts"}],"about":[{"href":"https:\/\/linitiative.ca\/International\/wp-json\/wp\/v2\/types\/post"}],"author":[{"embeddable":true,"href":"https:\/\/linitiative.ca\/International\/wp-json\/wp\/v2\/users\/1740"}],"replies":[{"embeddable":true,"href":"https:\/\/linitiative.ca\/International\/wp-json\/wp\/v2\/comments?post=92974"}],"version-history":[{"count":0,"href":"https:\/\/linitiative.ca\/International\/wp-json\/wp\/v2\/posts\/92974\/revisions"}],"wp:attachment":[{"href":"https:\/\/linitiative.ca\/International\/wp-json\/wp\/v2\/media?parent=92974"}],"wp:term":[{"taxonomy":"category","embeddable":true,"href":"https:\/\/linitiative.ca\/International\/wp-json\/wp\/v2\/categories?post=92974"},{"taxonomy":"post_tag","embeddable":true,"href":"https:\/\/linitiative.ca\/International\/wp-json\/wp\/v2\/tags?post=92974"}],"curies":[{"name":"wp","href":"https:\/\/api.w.org\/{rel}","templated":true}]}}