{"id":92977,"date":"2020-07-20T12:03:00","date_gmt":"2020-07-20T16:03:00","guid":{"rendered":"https:\/\/linitiative.ca\/International\/nouvelle-entrevue-avec-la-presse-le-salut-de-la-patrie-objectif-du-president\/"},"modified":"2020-07-20T12:03:00","modified_gmt":"2020-07-20T16:03:00","slug":"nouvelle-entrevue-avec-la-presse-le-salut-de-la-patrie-objectif-du-president","status":"publish","type":"post","link":"https:\/\/linitiative.ca\/International\/nouvelle-entrevue-avec-la-presse-le-salut-de-la-patrie-objectif-du-president\/","title":{"rendered":"NOUVELLE ENTREVUE AVEC LA PRESSE   : Le salut de la patrie,  objectif du Pr\u00e9sident"},"content":{"rendered":"<p><br id=\"sep_para_1\" class=\"sep_para access\"\/><\/p>\n<div id=\"para_1\" class=\"para_37963641 resize\">\n<div class=\"photo shadow left\"><a href=\"javascript:void(0)\" rel=\"https:\/\/www.reflexiondz.net\/photo\/art\/grande\/48326817-37963641.jpg?v=1595263127&amp;ibox\" title=\"NOUVELLE ENTREVUE AVEC LA PRESSE : Le salut de la patrie, objectif du Pr\u00e9sident\"><img decoding=\"async\" class=\"responsive c9\" src=\"https:\/\/www.reflexiondz.net\/photo\/art\/grande\/48326817-37963641.jpg?v=1595263127\" alt=\"NOUVELLE ENTREVUE AVEC LA PRESSE : Le salut de la patrie, objectif du Pr\u00e9sident\" title=\"NOUVELLE ENTREVUE AVEC LA PRESSE : Le salut de la patrie, objectif du Pr\u00e9sident\"\/><img decoding=\"async\" class=\"not-responsive\" src=\"https:\/\/www.reflexiondz.net\/photo\/art\/default\/48326817-37963641.jpg?v=1595263128\" alt=\"NOUVELLE ENTREVUE AVEC LA PRESSE : Le salut de la patrie, objectif du Pr\u00e9sident\" title=\"NOUVELLE ENTREVUE AVEC LA PRESSE : Le salut de la patrie, objectif du Pr\u00e9sident\"\/><\/a><\/div>\n<div class=\"texte access firstletter\">En effet, le pr\u00e9sident Tebboune a d\u00e9clar\u00e9 que \u00ab\u00a0l&rsquo;objectif de l&rsquo;Alg\u00e9rie Nouvelle est le salut de la patrie, qui est un devoir national et un droit pour tous les Alg\u00e9riens, et tout un chacun est le bienvenu pour contribuer \u00e0 sortir de la situation que vit le pays et mettre fin \u00e0 la mentalit\u00e9 de l&rsquo;exclusion pour la simple raison d\u2019un changement dans le poste de responsabilit\u00e9\u00a0\u00bb, soutenant que la voie est ouverte \u00e0 toutes les comp\u00e9tences nationales. Soulignant sa volont\u00e9 de \u00ab\u00a0r\u00e9tablir la coh\u00e9sion entre le peuple alg\u00e9rien\u00a0\u00bb, le pr\u00e9sident Tebboune a plaid\u00e9 pour \u00ab\u00a0une rupture d\u00e9finitive entre le pass\u00e9 et le pr\u00e9sent en vue de construire un avenir qui soit le prolongement du pr\u00e9sent\u00a0\u00bb. A ce propos, il a assur\u00e9 que \u00ab\u00a0les choses progressaient bien\u00a0\u00bb en d\u00e9pit de \u00ab\u00a0certaines personnes, qui en raison de leur manque de foi et de nationalisme, tentent de semer la zizanie et d\u2019affaiblir le pays\u00a0\u00bb. De tels agissements ne sauraient entamer notre volont\u00e9 surtout face \u00e0 l\u2019optimisme affich\u00e9 par les citoyens, notamment des quartiers populaires de tout le pays\u00a0\u00bb, a-t-il ajout\u00e9. Par ailleurs, le chef de l\u2019Etat a indiqu\u00e9 que le changement structurel du nouvel Etat passait par \u00ab\u00a0une nouvelle Constitution qui tire les enseignements de toutes les pr\u00e9c\u00e9dentes pour \u00eatre consensuelle et p\u00e9renne\u00a0\u00bb, mettant en avant l\u2019imp\u00e9ratif de parvenir \u00e0 des lois garantissant la moralisation de la vie politique et \u00e9conomique\u00a0\u00bb et \u00e0 des d\u00e9cisions \u00e9conomiques institutionnelles transparentes et p\u00e9rennes permettant aux citoyens de contr\u00f4ler les deniers publics. R\u00e9it\u00e9rant l\u2019existence d\u2019une forte volont\u00e9 politique pour le changement, le Pr\u00e9sident de la R\u00e9publique a fait remarquer que celle-ci n\u00e9cessitait pour sa r\u00e9ussite \u00ab\u00a0le soutien des citoyens\u00a0\u00bb. Il a rappel\u00e9, dans ce sens, avoir \u00e9t\u00e9 le candidat de la soci\u00e9t\u00e9 civile et des jeunes en refusant de postuler sous l\u2019\u00e9tiquette d\u2019un quelconque parti politique parce qu\u2019il voulait \u00eatre \u00ab\u00a0le pr\u00e9sident de tous les Alg\u00e9riens\u00a0\u00bb. Pour le chef de l\u2019Etat, la soci\u00e9t\u00e9 civile a un r\u00f4le axial dans la prise en charge des probl\u00e8mes quotidiens du citoyen et le mouvement associatif \u00ab\u00a0est le c\u0153ur battant\u00a0\u00bb de la soci\u00e9t\u00e9, d\u2019o\u00f9 la d\u00e9signation d\u2019un Conseiller sp\u00e9cial, a-t-il fait savoir. Le Pr\u00e9sident Tebboune a expliqu\u00e9 que l&rsquo;Etat qu&rsquo;il \u0153uvre \u00e0 \u00e9difier, \u00ab\u00a0partant de son appartenance Novembriste\u00a0\u00bb, \u00e9tait \u00ab\u00a0un Etat fort qui consacre la justice et pr\u00e9serve les droits des faibles. Un Etat social garantissant l&rsquo;\u00e9galit\u00e9 des chances, combattant la pauvret\u00e9 et veillant \u00e0 la r\u00e9partition \u00e9quitable du revenu national\u00a0\u00bb.<\/div>\n<\/div>\n<p>Auteur: Ismain<br \/>\n<a href=\"https:\/\/www.reflexiondz.net\/NOUVELLE-ENTREVUE-AVEC-LA-PRESSE-Le-salut-de-la-patrie-objectif-du-President_a64128.html\">Cliquez ici pour lire l&rsquo;article depuis sa source.<\/a><\/p>\n","protected":false},"excerpt":{"rendered":"<p>En effet, le pr\u00e9sident Tebboune a d\u00e9clar\u00e9 que \u00ab\u00a0l&rsquo;objectif de l&rsquo;Alg\u00e9rie Nouvelle est le salut de la patrie, qui est un devoir national et un droit pour tous les Alg\u00e9riens, et tout un chacun est le bienvenu pour contribuer \u00e0 sortir de la situation que vit le pays et mettre fin \u00e0 la mentalit\u00e9 de [&hellip;]<\/p>\n","protected":false},"author":1740,"featured_media":0,"comment_status":"closed","ping_status":"closed","sticky":false,"template":"","format":"standard","meta":{"fifu_image_url":"","fifu_image_alt":"","footnotes":""},"categories":[53,76],"tags":[],"class_list":["post-92977","post","type-post","status-publish","format-standard","hentry","category-algerie","category-regions"],"_links":{"self":[{"href":"https:\/\/linitiative.ca\/International\/wp-json\/wp\/v2\/posts\/92977","targetHints":{"allow":["GET"]}}],"collection":[{"href":"https:\/\/linitiative.ca\/International\/wp-json\/wp\/v2\/posts"}],"about":[{"href":"https:\/\/linitiative.ca\/International\/wp-json\/wp\/v2\/types\/post"}],"author":[{"embeddable":true,"href":"https:\/\/linitiative.ca\/International\/wp-json\/wp\/v2\/users\/1740"}],"replies":[{"embeddable":true,"href":"https:\/\/linitiative.ca\/International\/wp-json\/wp\/v2\/comments?post=92977"}],"version-history":[{"count":0,"href":"https:\/\/linitiative.ca\/International\/wp-json\/wp\/v2\/posts\/92977\/revisions"}],"wp:attachment":[{"href":"https:\/\/linitiative.ca\/International\/wp-json\/wp\/v2\/media?parent=92977"}],"wp:term":[{"taxonomy":"category","embeddable":true,"href":"https:\/\/linitiative.ca\/International\/wp-json\/wp\/v2\/categories?post=92977"},{"taxonomy":"post_tag","embeddable":true,"href":"https:\/\/linitiative.ca\/International\/wp-json\/wp\/v2\/tags?post=92977"}],"curies":[{"name":"wp","href":"https:\/\/api.w.org\/{rel}","templated":true}]}}