{"id":92980,"date":"2020-07-20T08:02:00","date_gmt":"2020-07-20T12:02:00","guid":{"rendered":"https:\/\/linitiative.ca\/International\/monia-jebbari-nous-a-quittes\/"},"modified":"2020-07-20T08:02:00","modified_gmt":"2020-07-20T12:02:00","slug":"monia-jebbari-nous-a-quittes","status":"publish","type":"post","link":"https:\/\/linitiative.ca\/International\/monia-jebbari-nous-a-quittes\/","title":{"rendered":"Monia Jebbari nous a quitt\u00e9s"},"content":{"rendered":"<p>Mme Monia Jebbari nous a quitt\u00e9s. Subitement, elle est partie, discr\u00e8tement sans faire de bruit au moment o\u00f9 l\u2019on ne s\u2019y attendait pas. Elle \u00e9tait venue chercher ses copies pour les corriger, elle pr\u00e9parait la session de rattrapage et la rentr\u00e9e avec ses coll\u00e8gues : cahier de TD, sujets \u2026<\/p>\n<p>Nous toutes et tous \u00e0 la Facult\u00e9 des sciences juridiques, politiques et sociales de Tunis : ses coll\u00e8gues et amis, le personnel administratif et ouvrier, les \u00e9tudiantes et les \u00e9tudiants, nous garderons d\u2019elle le souvenir d\u2019une personne d\u2019une gentillesse extr\u00eame, d\u2019une grande g\u00e9n\u00e9rosit\u00e9.<\/p>\n<p>Elle fut une \u00e9tudiante brillante tout au long de ses \u00e9tudes. Elle avait pr\u00e9par\u00e9 sous la direction du Professeure Soukeina Bouraoui, l\u2019un des premiers m\u00e9moires en droit de l\u2019environnement sur le pr\u00e9judice \u00e9cologique, un sujet d\u2019actualit\u00e9 aujourd\u2019hui encore.<\/p>\n<p>Elle fut une enseignante s\u00e9rieuse, appliqu\u00e9e et \u00e0 la disposition de ses \u00e9tudiantes et \u00e9tudiants, jamais avare de son temps et de ses efforts pour leur expliquer les subtilit\u00e9s du droit civil en fine juriste qu\u2019elle \u00e9tait et cela malgr\u00e9 la maladie qui a frein\u00e9 son \u00e9lan et sa carri\u00e8re.<\/p>\n<p>Elle laisse dans le d\u00e9sarroi sa famille proche, son d\u00e9vou\u00e9 mari et ses deux adorables filles, mais aussi sa famille \u00e9largie \u00e0 la Facult\u00e9 des sciences juridiques, politiques et sociales de Tunis.<br \/>Qu\u2019elle repose en paix, elle restera toujours dans notre c\u0153ur et notre souvenir.<\/p>\n<p class=\"c3\"><strong>Neila Chaabane<\/strong><br \/><span class=\"c2\"><em>Doyenne FSJPST<\/em><\/span><br \/>\u00a0<\/p>\n<p>Auteur:<br \/>\n<a href=\"https:\/\/www.leaders.com.tn\/article\/30294-monia-jebbari-nous-a-quittes\">Cliquez ici pour lire l&rsquo;article depuis sa source.<\/a><\/p>\n","protected":false},"excerpt":{"rendered":"<p>Mme Monia Jebbari nous a quitt\u00e9s. Subitement, elle est partie, discr\u00e8tement sans faire de bruit au moment o\u00f9 l\u2019on ne s\u2019y attendait pas. Elle \u00e9tait venue chercher ses copies pour les corriger, elle pr\u00e9parait la session de rattrapage et la rentr\u00e9e avec ses coll\u00e8gues : cahier de TD, sujets \u2026 Nous toutes et tous \u00e0 [&hellip;]<\/p>\n","protected":false},"author":1772,"featured_media":0,"comment_status":"closed","ping_status":"closed","sticky":false,"template":"","format":"standard","meta":{"fifu_image_url":"","fifu_image_alt":"","footnotes":""},"categories":[73,55],"tags":[],"class_list":["post-92980","post","type-post","status-publish","format-standard","hentry","category-actualite","category-tunisie"],"_links":{"self":[{"href":"https:\/\/linitiative.ca\/International\/wp-json\/wp\/v2\/posts\/92980","targetHints":{"allow":["GET"]}}],"collection":[{"href":"https:\/\/linitiative.ca\/International\/wp-json\/wp\/v2\/posts"}],"about":[{"href":"https:\/\/linitiative.ca\/International\/wp-json\/wp\/v2\/types\/post"}],"author":[{"embeddable":true,"href":"https:\/\/linitiative.ca\/International\/wp-json\/wp\/v2\/users\/1772"}],"replies":[{"embeddable":true,"href":"https:\/\/linitiative.ca\/International\/wp-json\/wp\/v2\/comments?post=92980"}],"version-history":[{"count":0,"href":"https:\/\/linitiative.ca\/International\/wp-json\/wp\/v2\/posts\/92980\/revisions"}],"wp:attachment":[{"href":"https:\/\/linitiative.ca\/International\/wp-json\/wp\/v2\/media?parent=92980"}],"wp:term":[{"taxonomy":"category","embeddable":true,"href":"https:\/\/linitiative.ca\/International\/wp-json\/wp\/v2\/categories?post=92980"},{"taxonomy":"post_tag","embeddable":true,"href":"https:\/\/linitiative.ca\/International\/wp-json\/wp\/v2\/tags?post=92980"}],"curies":[{"name":"wp","href":"https:\/\/api.w.org\/{rel}","templated":true}]}}