{"id":92981,"date":"2020-07-20T08:57:00","date_gmt":"2020-07-20T12:57:00","guid":{"rendered":"https:\/\/linitiative.ca\/International\/des-organisations-et-ong-refusent-les-appels-au-retablissement-de-la-peine-de-mort-et-a-la-violation-du-droit-a-la-vie\/"},"modified":"2020-07-20T08:57:00","modified_gmt":"2020-07-20T12:57:00","slug":"des-organisations-et-ong-refusent-les-appels-au-retablissement-de-la-peine-de-mort-et-a-la-violation-du-droit-a-la-vie","status":"publish","type":"post","link":"https:\/\/linitiative.ca\/International\/des-organisations-et-ong-refusent-les-appels-au-retablissement-de-la-peine-de-mort-et-a-la-violation-du-droit-a-la-vie\/","title":{"rendered":"Des organisations et ONG refusent les appels au r\u00e9tablissement de la peine de mort et \u00e0 la violation du droit \u00e0 la vie"},"content":{"rendered":"<p>La Tunisie conna\u00eet,\u00a0 en raison des tiraillements et des divisions entre les composantes de la coalition gouvernementale, une crise politique aigu\u00eb qui\u00a0 a abouti \u00e0 la d\u00e9mission du chef du gouvernement, moins de cinq mois apr\u00e8s la constitution de la formation gouvernementale.<\/p>\n<p>Cette crise a \u00e9t\u00e9 accompagn\u00e9e d\u2019une escalade dangereuse des campagnes d\u2019intimidation et de violation de la libert\u00e9 de presse, de la libert\u00e9 d\u2019expression, de la libert\u00e9 de conscience ainsi que de l\u2019instrumentalisation de l\u2019appareil s\u00e9curitaire et judiciaire pour la restriction des libert\u00e9s par le biais des arrestations et des proc\u00e8s d\u2019opinion dont la jeune blogueuse\u00a0 Emna Chargui a \u00e9t\u00e9 l\u2019une des derni\u00e8res victimes.<\/p>\n<p>L\u2019Assembl\u00e9e des repr\u00e9sentants du peuple est, de m\u00eame, devenue pendant la p\u00e9riode \u00e9coul\u00e9e un espace de d\u00e9pravation de la vie politique et une tribune pour la diffusion par des blocs parlementaires de la droite populiste d\u2019un discours violent et haineux, d\u2019un discours d\u2019incitation \u00e0 l\u2019encontre des journalistes dans le but de les museler et\u00a0 de porter atteinte \u00e0 l\u2019autonomie de leurs organes directeurs. Ces propos violents et haineux visent \u00e9galement les organisations de d\u00e9fense des droits de l\u2019homme dans le but de supprimer leur r\u00f4le de vigilance citoyenne, les mouvements f\u00e9minins pour remettre en cause leurs acquis ainsi que les mouvements sociaux en vue de leur diabolisation et leur criminalisation.<\/p>\n<p>Les membres de ces blocs parlementaires, qui se consacrent \u00e0 la\u00a0 d\u00e9fense des mouvements terroristes, \u00e0 la justification de leur violence et \u00e0 la propagande pour leurs r\u00e9seaux suspects et leurs associations douteuses,\u00a0 n\u2019\u00e9prouvent aucun scrupule \u00e0 appeler,\u00a0 dans l\u2019enceinte parlementaire, \u00e0 l\u2019ex\u00e9cution de la peine de mort contre les opposants qui ne partagent pas leur point de vue ou qui ont des divergences d\u2019opinion avec le parti du Mouvement Ennahdha.\u00a0 Cela a eu lieu \u00e0 plusieurs reprises dont la derni\u00e8re remonte au 16 juillet 2020 lors\u00a0 d\u2019une d\u00e9claration\u00a0\u00a0 prononc\u00e9e par le pr\u00e9sident de la Coalition Al Karama.<\/p>\n<p>Les organisations et associations tunisiennes signataires du pr\u00e9sent communiqu\u00e9:<\/p>\n<p><span class=\"c2\"><strong>1.<\/strong><\/span> Condamnent les campagnes d\u2019intimidation et de violation\u00a0 de la libert\u00e9 de presse, d\u2019expression,\u00a0 de conscience, de manifestation et de protestation garanties par la Constitution, la l\u00e9gislation nationale et les trait\u00e9s internationaux ratifi\u00e9s par l\u2019Etat tunisien.<\/p>\n<p><span class=\"c2\"><strong>2.<\/strong><\/span> Rejettent toutes les tentatives de remise en cause du moratoire sur les ex\u00e9cutions, en vigueur depuis 1991 parce qu\u2019elles vont \u00e0 contre-courant de l\u2019histoire et de son \u00e9volution et qu\u2019elles violent et compromettent le droit \u00e0 la vie, qui constitue, comme le d\u00e9finit la D\u00e9claration universelle des droits de l\u2019homme et l\u2019article 22 de la constitution tunisienne, un droit de l\u2019homme\u00a0 fondamental\u00a0 et premier.<\/p>\n<p><span class=\"c2\"><strong>3.<\/strong><\/span> Consid\u00e8rent que le discours incitant au meurtre et \u00e0 l\u2019application de la peine capitale fait partie d\u2019un projet global d\u2019extr\u00eame droite qui est hostile \u00e0 la mise en place d\u2019un syst\u00e8me universel des droits de l\u2019homme et des peuples et qui nie le caract\u00e8re civil de l\u2019Etat en se fondant sur la supr\u00e9matie de \u00ab la charia \u00bb en tant que source\u00a0 de la l\u00e9gislation avec toutes les cons\u00e9quences qui en r\u00e9sultent :\u00a0 non seulement l\u2019application de la peine capitale mais aussi le recours\u00a0\u00a0\u00a0 \u00e0 la torture et aux supplices comme \u00e0 d\u2019autres formes d\u2019atteinte et \u00e0 la personne et \u00e0 la dignit\u00e9 humaines et leur l\u00e9gitimation.<\/p>\n<p><em>Tunis, le 18 juillet 2020<\/em><\/p>\n<p class=\"c3\"><span class=\"c2\">\u2022<\/span> Association Arts et Cultures des deux Rives (ACDR)<\/p>\n<p class=\"c3\"><span class=\"c2\">\u2022<\/span> Association Citoyennet\u00e9, D\u00e9veloppement, Cultures Migrations Des Deux Rives\u00a0<\/p>\n<p class=\"c3\"><span class=\"c2\">\u2022<\/span> Association des femmes d\u00e9mocrates<\/p>\n<p class=\"c3\"><span class=\"c2\">\u2022<\/span> Association des femmes tunisiennes pour la recherche sur le d\u00e9veloppement\u00a0\u00a0\u00a0<\/p>\n<p class=\"c3\"><span class=\"c2\">\u2022<\/span> Association Tunisienne de d\u00e9fense des Libert\u00e9s Individuelles<\/p>\n<p class=\"c3\"><span class=\"c2\">\u2022<\/span> Association Tunisienne pour la pr\u00e9vention positive<\/p>\n<p class=\"c3\"><span class=\"c2\">\u2022<\/span> Association Tunisienne pour la d\u00e9fense des valeurs universitaires<\/p>\n<p class=\"c3\"><span class=\"c2\">\u2022<\/span> Association tunisienne d\u2019action culturelle<\/p>\n<p class=\"c3\"><span class=\"c2\">\u2022<\/span> Association tunisienne pour les Nations Unis<\/p>\n<p class=\"c3\"><span class=\"c2\">\u2022<\/span> Association des Tunisiens en France<\/p>\n<p class=\"c3\"><span class=\"c2\">\u2022<\/span> Association Vigilance pour la d\u00e9mocratie et l\u2019Etat civique<\/p>\n<p class=\"c3\"><span class=\"c2\">\u2022<\/span> Association histoire et m\u00e9moire commune pour la libert\u00e9 et la d\u00e9mocratie<\/p>\n<p class=\"c3\"><span class=\"c2\">\u2022<\/span> Association de promotion du droit \u00e0 la diff\u00e9rence<\/p>\n<p class=\"c3\"><span class=\"c2\">\u2022<\/span> Association Cr\u00e9ation et Cr\u00e9ativit\u00e9 pour le D\u00e9veloppement et l\u2019Embauche<\/p>\n<p class=\"c3\"><span class=\"c2\">\u2022<\/span> Association Justice No Peace Without\u00a0<\/p>\n<p class=\"c3\"><span class=\"c2\">\u2022<\/span> Centre de Tunis pour la libert\u00e9 de la presse<\/p>\n<p class=\"c3\"><span class=\"c2\">\u2022<\/span> Coalition Tunisienne Contre la Peine de mort<\/p>\n<p class=\"c3\"><span class=\"c2\">\u2022<\/span> Comit\u00e9 pour le respect des libert\u00e9s et des droits de l\u2019homme en Tunisie<\/p>\n<p class=\"c3\"><span class=\"c2\">\u2022<\/span> Damj, l\u2019association tunisienne pour la justice et l\u2019\u00e9galit\u00e9<\/p>\n<p class=\"c3\"><span class=\"c2\">\u2022<\/span> Forum Attajdid de la pens\u00e9e progressiste<\/p>\n<p class=\"c3\"><span class=\"c2\">\u2022<\/span> Fondation Hassen Saadaoui pour la d\u00e9mocratie et l&rsquo;\u00e9galit\u00e9<\/p>\n<p class=\"c3\"><span class=\"c2\">\u2022<\/span> Groupe Tawhida Ben Cheikh<\/p>\n<p class=\"c3\"><span class=\"c2\">\u2022<\/span> Ligue des \u00e9crivains tunisiens libres<\/p>\n<p class=\"c3\"><span class=\"c2\">\u2022<\/span> Ligue tunisienne de d\u00e9fense des droits de l\u2019homme<\/p>\n<p class=\"c3\"><span class=\"c2\">\u2022<\/span> Observatoire National pour la D\u00e9fense du Caract\u00e8re Civil de l&rsquo;Etat<\/p>\n<p class=\"c3\"><span class=\"c2\">\u2022<\/span> Organisation contre la torture en Tunisie<\/p>\n<p class=\"c3\"><span class=\"c2\">\u2022<\/span> Syndicat National des journalistes tunisiens<br \/>\u00a0<\/p>\n<p>Auteur:<br \/>\n<a href=\"https:\/\/www.leaders.com.tn\/article\/30297-des-associations-et-organisations-tunisiennes-non-gouvernementales-refusent-les-appels-au-retablissement-de-la-peine-de-mort-et-a-la-violation-du-droit-a-la-vie\">Cliquez ici pour lire l&rsquo;article depuis sa source.<\/a><\/p>\n","protected":false},"excerpt":{"rendered":"<p>La Tunisie conna\u00eet,\u00a0 en raison des tiraillements et des divisions entre les composantes de la coalition gouvernementale, une crise politique aigu\u00eb qui\u00a0 a abouti \u00e0 la d\u00e9mission du chef du gouvernement, moins de cinq mois apr\u00e8s la constitution de la formation gouvernementale. Cette crise a \u00e9t\u00e9 accompagn\u00e9e d\u2019une escalade dangereuse des campagnes d\u2019intimidation et de [&hellip;]<\/p>\n","protected":false},"author":1772,"featured_media":0,"comment_status":"closed","ping_status":"closed","sticky":false,"template":"","format":"standard","meta":{"fifu_image_url":"","fifu_image_alt":"","footnotes":""},"categories":[73,55],"tags":[],"class_list":["post-92981","post","type-post","status-publish","format-standard","hentry","category-actualite","category-tunisie"],"_links":{"self":[{"href":"https:\/\/linitiative.ca\/International\/wp-json\/wp\/v2\/posts\/92981","targetHints":{"allow":["GET"]}}],"collection":[{"href":"https:\/\/linitiative.ca\/International\/wp-json\/wp\/v2\/posts"}],"about":[{"href":"https:\/\/linitiative.ca\/International\/wp-json\/wp\/v2\/types\/post"}],"author":[{"embeddable":true,"href":"https:\/\/linitiative.ca\/International\/wp-json\/wp\/v2\/users\/1772"}],"replies":[{"embeddable":true,"href":"https:\/\/linitiative.ca\/International\/wp-json\/wp\/v2\/comments?post=92981"}],"version-history":[{"count":0,"href":"https:\/\/linitiative.ca\/International\/wp-json\/wp\/v2\/posts\/92981\/revisions"}],"wp:attachment":[{"href":"https:\/\/linitiative.ca\/International\/wp-json\/wp\/v2\/media?parent=92981"}],"wp:term":[{"taxonomy":"category","embeddable":true,"href":"https:\/\/linitiative.ca\/International\/wp-json\/wp\/v2\/categories?post=92981"},{"taxonomy":"post_tag","embeddable":true,"href":"https:\/\/linitiative.ca\/International\/wp-json\/wp\/v2\/tags?post=92981"}],"curies":[{"name":"wp","href":"https:\/\/api.w.org\/{rel}","templated":true}]}}