{"id":92986,"date":"2020-07-20T14:55:58","date_gmt":"2020-07-20T18:55:58","guid":{"rendered":"https:\/\/linitiative.ca\/International\/chambre-des-representants-le-plfr-2020-adopte-en-deuxieme-lecture\/"},"modified":"2020-07-20T14:55:58","modified_gmt":"2020-07-20T18:55:58","slug":"chambre-des-representants-le-plfr-2020-adopte-en-deuxieme-lecture","status":"publish","type":"post","link":"https:\/\/linitiative.ca\/International\/chambre-des-representants-le-plfr-2020-adopte-en-deuxieme-lecture\/","title":{"rendered":"Chambre des repr\u00e9sentants: le PLFR 2020 adopt\u00e9 en deuxi\u00e8me lecture"},"content":{"rendered":"<p><strong>La Chambre des repr\u00e9sentants a adopt\u00e9, le 20 juillet 2020, \u00e0 la majorit\u00e9, en deuxi\u00e8me lecture, le projet de loi de finances rectificative (PLFR) n\u00b035.20 au titre de l\u2019exercice 2020.<\/strong><\/p>\n<div class=\"c10\"\/>\n<p>La Chambre des repr\u00e9sentants a adopt\u00e9 \u00e0 la majorit\u00e9, en deuxi\u00e8me lecture, le <strong>projet de loi de finances rectificative<\/strong> (PLFR) n\u00b035.20 au titre de l\u2019exercice 2020, lors d\u2019une s\u00e9ance pl\u00e9ni\u00e8re tenue le lundi 20 juillet 2020. Notons que ce projet de loi, ent\u00e9rin\u00e9 par 73 d\u00e9put\u00e9s et rejet\u00e9 par 43 autres, vise \u00e0 mettre en place des m\u00e9canismes de soutien \u00e0 m\u00eame d\u2019assurer la reprise progressive de l\u2019<strong>activit\u00e9 \u00e9conomique<\/strong> et la pr\u00e9servation de l\u2019emploi ainsi que des mesures pratiques pour am\u00e9liorer l\u2019efficacit\u00e9 de l\u2019administration.<\/p>\n<p><strong>Lire aussi|<\/strong> <a href=\"https:\/\/www.challenge.ma\/un-simple-clic-pour-obtenir-le-quitus-fiscal-149976\/\"><strong>Un simple clic pour obtenir le \u00ab quitus fiscal \u00bb<\/strong><\/a><\/p>\n<p>Force est de pr\u00e9ciser qu\u2019il repose sur trois piliers principaux, \u00e0 savoir l\u2019accompagnement de la <strong>reprise progressive<\/strong> de l\u2019activit\u00e9 \u00e9conomique, la protection de l\u2019emploi et l\u2019acc\u00e9l\u00e9ration de la mise en \u0153uvre des r\u00e9formes administratives.<\/p>\n<p><strong>Lire aussi|<\/strong> <a href=\"https:\/\/www.challenge.ma\/autoroutes-du-maroc-ouverture-a-la-circulation-du-pont-avenue-grenade-150028\/\"><strong>Autoroutes du Maroc : ouverture \u00e0 la circulation du pont \u00ab Avenue Grenade \u00bb<\/strong><\/a><\/p>\n<div class=\"vw-sticky-sidebar-wrapper vw-sticky-sidebar widget_text awac-wrapper widget_text awac widget custom_html-4 textwidget custom-html-widget\">\n<p class=\"has-background c12\"><span class=\"widget-title c11\">Tribune et D\u00e9bats<\/span><\/p>\n<p>La tribune qui vous parle d\u2019une actu, d\u2019un sujet qui fait d\u00e9bat, les traitent et les analysent. \u00c9conomistes et autres experts, patrons d\u2019entreprises, d\u00e9cideurs, acteurs de la soci\u00e9t\u00e9 civile, s\u2019y prononcent et contribuent \u00e0 sa grande richesse. Vous avez votre opinion, convergente ou diff\u00e9rente. Exprimez-la et mesurez-vous ainsi \u00e0 nos tribuns et d\u00e9batteurs.<\/p>\n<p>Envoyez vos analyses \u00e0 : <a href=\"\/cdn-cgi\/l\/email-protection#5e3d31302a3f3d2a1e3d363f32323b30393b70333f\"><span class=\"__cf_email__\" data-cfemail=\"80e3efeef4e1e3f4c0e3e8e1ecece5eee7e5aeede1\">[email\u00a0protected]<\/span><\/a>, en pr\u00e9cisant votre nom, votre pr\u00e9nom et votre m\u00e9tier.<\/p>\n<\/div>\n<p>Auteur: challenge<br \/>\n<a href=\"https:\/\/www.challenge.ma\/chambre-des-representants-le-plfr-2020-adopte-en-deuxieme-lecture-150158\/\">Cliquez ici pour lire l&rsquo;article depuis sa source.<\/a><\/p>\n","protected":false},"excerpt":{"rendered":"<p>La Chambre des repr\u00e9sentants a adopt\u00e9, le 20 juillet 2020, \u00e0 la majorit\u00e9, en deuxi\u00e8me lecture, le projet de loi de finances rectificative (PLFR) n\u00b035.20 au titre de l\u2019exercice 2020. La Chambre des repr\u00e9sentants a adopt\u00e9 \u00e0 la majorit\u00e9, en deuxi\u00e8me lecture, le projet de loi de finances rectificative (PLFR) n\u00b035.20 au titre de l\u2019exercice [&hellip;]<\/p>\n","protected":false},"author":1787,"featured_media":0,"comment_status":"closed","ping_status":"closed","sticky":false,"template":"","format":"standard","meta":{"fifu_image_url":"","fifu_image_alt":"","footnotes":""},"categories":[78,54],"tags":[],"class_list":["post-92986","post","type-post","status-publish","format-standard","hentry","category-economie","category-maroc"],"_links":{"self":[{"href":"https:\/\/linitiative.ca\/International\/wp-json\/wp\/v2\/posts\/92986","targetHints":{"allow":["GET"]}}],"collection":[{"href":"https:\/\/linitiative.ca\/International\/wp-json\/wp\/v2\/posts"}],"about":[{"href":"https:\/\/linitiative.ca\/International\/wp-json\/wp\/v2\/types\/post"}],"author":[{"embeddable":true,"href":"https:\/\/linitiative.ca\/International\/wp-json\/wp\/v2\/users\/1787"}],"replies":[{"embeddable":true,"href":"https:\/\/linitiative.ca\/International\/wp-json\/wp\/v2\/comments?post=92986"}],"version-history":[{"count":0,"href":"https:\/\/linitiative.ca\/International\/wp-json\/wp\/v2\/posts\/92986\/revisions"}],"wp:attachment":[{"href":"https:\/\/linitiative.ca\/International\/wp-json\/wp\/v2\/media?parent=92986"}],"wp:term":[{"taxonomy":"category","embeddable":true,"href":"https:\/\/linitiative.ca\/International\/wp-json\/wp\/v2\/categories?post=92986"},{"taxonomy":"post_tag","embeddable":true,"href":"https:\/\/linitiative.ca\/International\/wp-json\/wp\/v2\/tags?post=92986"}],"curies":[{"name":"wp","href":"https:\/\/api.w.org\/{rel}","templated":true}]}}