{"id":92989,"date":"2020-07-20T11:51:51","date_gmt":"2020-07-20T15:51:51","guid":{"rendered":"https:\/\/linitiative.ca\/International\/oussama-khelifi-on-ne-va-pas-proposer-un-candidat-de-qalb-tounes-pour-le-poste-du-chef-du-gouvernement\/"},"modified":"2020-07-20T11:51:51","modified_gmt":"2020-07-20T15:51:51","slug":"oussama-khelifi-on-ne-va-pas-proposer-un-candidat-de-qalb-tounes-pour-le-poste-du-chef-du-gouvernement","status":"publish","type":"post","link":"https:\/\/linitiative.ca\/International\/oussama-khelifi-on-ne-va-pas-proposer-un-candidat-de-qalb-tounes-pour-le-poste-du-chef-du-gouvernement\/","title":{"rendered":"Oussama Khelifi : \u201cOn ne va pas proposer un candidat de Qalb Tounes pour le poste du chef du gouvernement\u201d"},"content":{"rendered":"<div class=\"post-cont-in left relative\">\n<p>Le d\u00e9put\u00e9 Oussema Khelifi a d\u00e9clar\u00e9, ce lundi 20 juillet 2020, que son parti n\u2019allait pas proposer un candidat de <a href=\"https:\/\/www.tunisienumerique.com\/tunisie-actualite\/qalb-tounes\/\" title=\"Qalb Tounes\" target=\"_top\" class=\"auto-link\" rel=\"noopener noreferrer\">Qalb Tounes<\/a> au poste de chef du gouvernement.<\/p>\n<div class=\"code-block code-block-1 c3\"><ins class=\"adsbygoogle c2\" data-ad-layout=\"in-article\" data-ad-format=\"fluid\" data-ad-client=\"ca-pub-2102118777505746\" data-ad-slot=\"7301775417\"\/> <\/div>\n<p>\u201d Qalb Tounes ne va pas proposer un candidat de Qalb Tounes\u201d a-t-il affirm\u00e9 lors de son intervention sur les ondes de Shems FM, soulignant que son parti veut que le prochain chef du gouvernement soit une personnalit\u00e9 ayant l\u2019approbation de toutes les composantes politiques.<\/p>\n<div class=\"swp_social_panel swp_horizontal_panel swp_flat_fresh swp_default_full_color swp_individual_full_color swp_other_full_color scale-100 scale-\" data-min-width=\"1100\" data-float-color=\"#ffffff\" data-float=\"bottom\" data-float-mobile=\"bottom\" data-transition=\"slide\">\n<div class=\"nc_tweetContainer swp_share_button total_shares total_sharesalt\"><span class=\"swp_count\">61 <span class=\"swp_label\">Partages<\/span><\/span><\/div>\n<\/div>\n<p><strong>Que se passe-t-il en Tunisie?<\/strong><br \/>Nous expliquons sur notre <a href=\"https:\/\/www.youtube.com\/channel\/UCRzypVq0B_yBad5eGrwBx0Q?sub_confirmation=1\" target=\"_blank\" rel=\"noopener noreferrer\">cha\u00eene YouTube<\/a> . <a href=\"https:\/\/www.youtube.com\/channel\/UCRzypVq0B_yBad5eGrwBx0Q?sub_confirmation=1\" target=\"_blank\" rel=\"noopener noreferrer\">Abonnez-vous!<\/a><\/p>\n<div class=\"mvp-org-wrap mvp-org-logo\" itemprop=\"publisher\" itemscope=\"\" itemtype=\"https:\/\/schema.org\/Organization\"><img decoding=\"async\" src=\"https:\/\/www.tunisienumerique.com\/wp-content\/uploads\/2017\/02\/logo_tunisie_numerique.png\"\/><\/div>\n<div class=\"mvp-related-posts left relative\">\n<h4 class=\"post-header\"><span class=\"post-header\">Lire aussi<\/span><\/h4>\n<\/div>\n<div id=\"article-ad\"><ins class=\"adsbygoogle c4\" data-ad-client=\"ca-pub-2102118777505746\" data-ad-slot=\"6513972734\" data-ad-format=\"auto\" data-full-width-responsive=\"true\"\/> <\/div>\n<\/div>\n<div id=\"post-sidebar-wrap\"><ins class=\"adsbygoogle c4\" data-ad-client=\"ca-pub-2102118777505746\" data-ad-slot=\"6168283410\" data-ad-format=\"auto\" data-full-width-responsive=\"true\"\/> <\/div>\n<p>Auteur: Laameri Dorsaf<br \/>\n<a href=\"https:\/\/www.tunisienumerique.com\/oussama-khelifi-on-ne-va-pas-proposer-un-candidat-de-qalb-tounes-pour-le-poste-du-chef-du-gouvernement\/\">Cliquez ici pour lire l&rsquo;article depuis sa source.<\/a><\/p>\n","protected":false},"excerpt":{"rendered":"<p>Le d\u00e9put\u00e9 Oussema Khelifi a d\u00e9clar\u00e9, ce lundi 20 juillet 2020, que son parti n\u2019allait pas proposer un candidat de Qalb Tounes au poste de chef du gouvernement. \u201d Qalb Tounes ne va pas proposer un candidat de Qalb Tounes\u201d a-t-il affirm\u00e9 lors de son intervention sur les ondes de Shems FM, soulignant que son [&hellip;]<\/p>\n","protected":false},"author":1789,"featured_media":92990,"comment_status":"closed","ping_status":"closed","sticky":false,"template":"","format":"standard","meta":{"fifu_image_url":"","fifu_image_alt":"","footnotes":""},"categories":[73,55],"tags":[],"class_list":["post-92989","post","type-post","status-publish","format-standard","has-post-thumbnail","hentry","category-actualite","category-tunisie"],"_links":{"self":[{"href":"https:\/\/linitiative.ca\/International\/wp-json\/wp\/v2\/posts\/92989","targetHints":{"allow":["GET"]}}],"collection":[{"href":"https:\/\/linitiative.ca\/International\/wp-json\/wp\/v2\/posts"}],"about":[{"href":"https:\/\/linitiative.ca\/International\/wp-json\/wp\/v2\/types\/post"}],"author":[{"embeddable":true,"href":"https:\/\/linitiative.ca\/International\/wp-json\/wp\/v2\/users\/1789"}],"replies":[{"embeddable":true,"href":"https:\/\/linitiative.ca\/International\/wp-json\/wp\/v2\/comments?post=92989"}],"version-history":[{"count":0,"href":"https:\/\/linitiative.ca\/International\/wp-json\/wp\/v2\/posts\/92989\/revisions"}],"wp:featuredmedia":[{"embeddable":true,"href":"https:\/\/linitiative.ca\/International\/wp-json\/"}],"wp:attachment":[{"href":"https:\/\/linitiative.ca\/International\/wp-json\/wp\/v2\/media?parent=92989"}],"wp:term":[{"taxonomy":"category","embeddable":true,"href":"https:\/\/linitiative.ca\/International\/wp-json\/wp\/v2\/categories?post=92989"},{"taxonomy":"post_tag","embeddable":true,"href":"https:\/\/linitiative.ca\/International\/wp-json\/wp\/v2\/tags?post=92989"}],"curies":[{"name":"wp","href":"https:\/\/api.w.org\/{rel}","templated":true}]}}