{"id":93003,"date":"2020-07-20T06:01:23","date_gmt":"2020-07-20T10:01:23","guid":{"rendered":"https:\/\/linitiative.ca\/International\/projet-amplifychange-les-acteurs-relancent-leurs-activites\/"},"modified":"2020-07-20T06:01:23","modified_gmt":"2020-07-20T10:01:23","slug":"projet-amplifychange-les-acteurs-relancent-leurs-activites","status":"publish","type":"post","link":"https:\/\/linitiative.ca\/International\/projet-amplifychange-les-acteurs-relancent-leurs-activites\/","title":{"rendered":"Projet \u00ab\u00a0AmplifyChange\u00a0\u00bb\u00a0: Les acteurs relancent leurs activit\u00e9s"},"content":{"rendered":"<div class=\"td-post-featured-image\" readability=\"33\"><a href=\"https:\/\/www.sidwaya.info\/wp-content\/uploads\/2020\/07\/amply-1.jpeg\" data-caption=\"La SESSION marque la relance des activit&#xE9;s apr&#xE8;s une longue rupture du fait du contexte sanitaire.\"><img loading=\"lazy\" decoding=\"async\" width=\"696\" height=\"696\" class=\"entry-thumb td-modal-image\" src=\"https:\/\/www.sidwaya.info\/wp-content\/uploads\/2020\/07\/amply-1-696x696.jpeg\" srcset=\"https:\/\/www.sidwaya.info\/wp-content\/uploads\/2020\/07\/amply-1-696x696.jpeg 696w, https:\/\/www.sidwaya.info\/wp-content\/uploads\/2020\/07\/amply-1-300x300.jpeg 300w, https:\/\/www.sidwaya.info\/wp-content\/uploads\/2020\/07\/amply-1-150x150.jpeg 150w, https:\/\/www.sidwaya.info\/wp-content\/uploads\/2020\/07\/amply-1-768x768.jpeg 768w, https:\/\/www.sidwaya.info\/wp-content\/uploads\/2020\/07\/amply-1-420x420.jpeg 420w, https:\/\/www.sidwaya.info\/wp-content\/uploads\/2020\/07\/amply-1.jpeg 900w\" sizes=\"auto, (max-width: 696px) 100vw, 696px\" alt=\"\" title=\"amply\"\/><\/a>La SESSION marque la relance des activit\u00e9s apr\u00e8s une longue rupture du fait du contexte sanitaire.<\/div>\n<p><strong>Le comit\u00e9 d\u2019orientation et de suivi du projet\u00a0:\u00a0<em>\u00ab\u00a0\u00a0activit\u00e9 d\u2019am\u00e9lioration de la performance des politiques et strat\u00e9gies DSSR en Afrique de l\u2019Ouest et en Afrique Australe\u00a0\u00bb<\/em> (<\/strong>Amplify<strong>Change) a tenu sa deuxi\u00e8me session ordinaire, le jeudi 16 juillet 2020 \u00e0 Ouagadougou.<\/strong><\/p>\n<p>Au regard du contexte sanitaire li\u00e9 \u00e0 la crise\u00a0 de la COVID-19 dans le monde et en particulier au Burkina Faso, le comit\u00e9\u00a0 d\u2019orientation et de suivi du projet\u00a0: <em>\u00ab\u00a0Amplify Change\u00a0\u00bb<\/em> a assur\u00e9 la continuit\u00e9 de ses activit\u00e9s en ligne ou en groupe restreint.\u00a0 Pour marquer son retour sur le terrain dans le cadre dudit projet intitul\u00e9 : <em>\u00ab\u00a0Activit\u00e9 d\u2019am\u00e9lioration de la performance des politiques et strat\u00e9gies DSSR en Afrique de l\u2019Ouest et en Afrique Australe<\/em> \u00bb, le comit\u00e9 a tenu sa deuxi\u00e8me session ordinaire apr\u00e8s celle de septembre 2019. Le cadre de cette rencontre a donn\u00e9 l\u2019occasion aux acteurs de revisiter les engagements pris, d\u2019\u00e9valuer leur mise en \u0153uvre et d\u2019en tirer les le\u00e7ons qui\u00a0 leur permettrons d\u2019\u00e9voluer \u00ab sereinement \u00bb vers la fin du projet. La session a eu lieu, le jeudi 16 juillet 2020 \u00e0 Ouagadougou. Selon le chef de file du Groupe technique sant\u00e9 de reproduction (GT\/SR), S\u00e9raphin Simplice To\u00e9, gr\u00e2ce aux efforts conjugu\u00e9s des uns et des autres, le retard relatif accus\u00e9 au d\u00e9marrage du projet a pu \u00eatre rattrap\u00e9 et une nouvelle \u00e9tape a \u00e9t\u00e9 entam\u00e9 avec le d\u00e9but du semestre trois. Pour lui, si les activit\u00e9s des semestres pr\u00e9c\u00e9dents ont pu \u00eatre boucl\u00e9es, la r\u00e9alisation compl\u00e8te des activit\u00e9s restantes est un d\u00e9fi. Au regard des contingences objectives auxquelles, la plan\u00e8te enti\u00e8re fait face, a consenti un d\u00e9lai suppl\u00e9mentaire de deux mois pour boucler cette phase qui prendra d\u00e9sormais fin en d\u00e9cembre 2020, a-t-il soulign\u00e9. <em>\u00ab\u00a0Nous \u00e9changerons certainement autour des activit\u00e9s qu\u2019il nous reste \u00e0 mettre en \u0153uvre et je ne doute pas que des orientations seront donn\u00e9es afin que cela soit men\u00e9 \u00e0 bien\u00a0\u00bb,<\/em> a dit\u00a0 M. To\u00e9. Quant au conseiller technique de sant\u00e9 en sant\u00e9 de la reproduction au Secr\u00e9tariat technique charg\u00e9 de l\u2019acc\u00e9l\u00e9ration de la transition d\u00e9mographique (ST\/ATD), \u00a0Charles B Zoubir\u00e9, il a rappel\u00e9 que le projet dans le cadre duquel sont r\u00e9unis les membres du comit\u00e9 d\u2019orientation et de suivi du projet \u00ab AmplifyChange \u00bb est ax\u00e9 sur le plaidoyer pour une meilleure promotion des droits en sant\u00e9 sexuelle et de la reproduction dans notre pays comme il se m\u00e8ne dans les trois autres pays concern\u00e9s (Mali, Niger, Guin\u00e9e). Il a mentionn\u00e9 que le contexte actuel est favorable, car la volont\u00e9 politique de faire des DSSR un levier pour le d\u00e9veloppement dans notre pays est r\u00e9el. Pour lui, elle s\u2019est m\u00eame traduite en actes concrets, dont le plus \u00e9loquent est l\u2019extension de la gratuit\u00e9 de la planification familiale \u00e0 l\u2019\u00e9chelle nationale. A l\u2019entendre, le succ\u00e8s de cette mesure d\u00e9pendra de son niveau d\u2019appropriation et d\u2019efforts de soutien par les acteurs du secteur de la sant\u00e9 sexuelle et de la reproduction. C\u2019est pourquoi, il a, au nom du minist\u00e8re de la sant\u00e9 encourager les acteurs \u00e0 r\u00e9server une place de choix \u00e0 des activit\u00e9s de mobilisation des ressources pour apporter un appui cons\u00e9quent au gouvernement du Burkina Faso en vue de relever le d\u00e9fi en mati\u00e8re de DSSR.<\/p>\n<p class=\"c1\"><strong>Valentin KABORE<\/strong><\/p>\n<div class=\"td-a-rec td-a-rec-id-content_inline tdi_30_666 td_block_template_1\"><img loading=\"lazy\" decoding=\"async\" class=\"aligncenter size-full wp-image-21314\" src=\"https:\/\/www.sidwaya.info\/wp-content\/uploads\/2020\/04\/Bandeau-Covid-19-Sidwaya-1.jpg\" alt=\"\" width=\"790\" height=\"98\"\/><\/div>\n<p><strong>\u00a0\u00a0\u00a0\u00a0\u00a0\u00a0\u00a0\u00a0\u00a0\u00a0\u00a0\u00a0\u00a0\u00a0\u00a0\u00a0\u00a0\u00a0\u00a0\u00a0\u00a0\u00a0\u00a0\u00a0\u00a0\u00a0\u00a0\u00a0\u00a0\u00a0\u00a0\u00a0\u00a0\u00a0\u00a0\u00a0\u00a0\u00a0\u00a0\u00a0\u00a0\u00a0\u00a0\u00a0\u00a0\u00a0\u00a0\u00a0\u00a0\u00a0\u00a0\u00a0\u00a0\u00a0\u00a0\u00a0\u00a0\u00a0\u00a0\u00a0\u00a0\u00a0\u00a0\u00a0\u00a0\u00a0\u00a0\u00a0\u00a0\u00a0\u00a0\u00a0\u00a0\u00a0\u00a0\u00a0\u00a0\u00a0\u00a0\u00a0\u00a0\u00a0\u00a0\u00a0\u00a0\u00a0\u00a0\u00a0\u00a0\u00a0\u00a0\u00a0\u00a0\u00a0\u00a0\u00a0\u00a0\u00a0 (Collaborateur)<\/strong><\/p>\n<div class=\"td-a-rec td-a-rec-id-content_bottom tdi_31_065 td_block_template_1\"><img loading=\"lazy\" decoding=\"async\" class=\"aligncenter size-full wp-image-22415\" src=\"https:\/\/www.sidwaya.info\/wp-content\/uploads\/2020\/05\/Bandeau-paiement-mobile-site.png\" alt=\"\" width=\"728\" height=\"90\"\/><\/div>\n<p>Auteur: BS. Sidwaya<br \/>\n<a href=\"https:\/\/www.sidwaya.info\/blog\/2020\/07\/20\/projet-amplifychange-les-acteurs-relancent-leurs-activites\/\">Cliquez ici pour lire l&rsquo;article depuis sa source.<\/a><\/p>\n","protected":false},"excerpt":{"rendered":"<p>La SESSION marque la relance des activit\u00e9s apr\u00e8s une longue rupture du fait du contexte sanitaire. Le comit\u00e9 d\u2019orientation et de suivi du projet\u00a0:\u00a0\u00ab\u00a0\u00a0activit\u00e9 d\u2019am\u00e9lioration de la performance des politiques et strat\u00e9gies DSSR en Afrique de l\u2019Ouest et en Afrique Australe\u00a0\u00bb (AmplifyChange) a tenu sa deuxi\u00e8me session ordinaire, le jeudi 16 juillet 2020 \u00e0 Ouagadougou. [&hellip;]<\/p>\n","protected":false},"author":1816,"featured_media":93004,"comment_status":"closed","ping_status":"closed","sticky":false,"template":"","format":"standard","meta":{"fifu_image_url":"","fifu_image_alt":"","footnotes":""},"categories":[73,81],"tags":[],"class_list":["post-93003","post","type-post","status-publish","format-standard","has-post-thumbnail","hentry","category-actualite","category-burkina-faso"],"_links":{"self":[{"href":"https:\/\/linitiative.ca\/International\/wp-json\/wp\/v2\/posts\/93003","targetHints":{"allow":["GET"]}}],"collection":[{"href":"https:\/\/linitiative.ca\/International\/wp-json\/wp\/v2\/posts"}],"about":[{"href":"https:\/\/linitiative.ca\/International\/wp-json\/wp\/v2\/types\/post"}],"author":[{"embeddable":true,"href":"https:\/\/linitiative.ca\/International\/wp-json\/wp\/v2\/users\/1816"}],"replies":[{"embeddable":true,"href":"https:\/\/linitiative.ca\/International\/wp-json\/wp\/v2\/comments?post=93003"}],"version-history":[{"count":0,"href":"https:\/\/linitiative.ca\/International\/wp-json\/wp\/v2\/posts\/93003\/revisions"}],"wp:featuredmedia":[{"embeddable":true,"href":"https:\/\/linitiative.ca\/International\/wp-json\/"}],"wp:attachment":[{"href":"https:\/\/linitiative.ca\/International\/wp-json\/wp\/v2\/media?parent=93003"}],"wp:term":[{"taxonomy":"category","embeddable":true,"href":"https:\/\/linitiative.ca\/International\/wp-json\/wp\/v2\/categories?post=93003"},{"taxonomy":"post_tag","embeddable":true,"href":"https:\/\/linitiative.ca\/International\/wp-json\/wp\/v2\/tags?post=93003"}],"curies":[{"name":"wp","href":"https:\/\/api.w.org\/{rel}","templated":true}]}}