{"id":93005,"date":"2020-07-20T08:44:10","date_gmt":"2020-07-20T12:44:10","guid":{"rendered":"https:\/\/linitiative.ca\/International\/19e-conference-du-cilss-ouverture-du-sommet\/"},"modified":"2020-07-20T08:44:10","modified_gmt":"2020-07-20T12:44:10","slug":"19e-conference-du-cilss-ouverture-du-sommet","status":"publish","type":"post","link":"https:\/\/linitiative.ca\/International\/19e-conference-du-cilss-ouverture-du-sommet\/","title":{"rendered":"19e Conf\u00e9rence du CILSS : ouverture du sommet"},"content":{"rendered":"<div class=\"td-post-sharing-top td-post-sharing td-ps-bg td-ps-padding td-ps-bar td-post-sharing-style6\">\n<div class=\"td-post-sharing-visible\"><a class=\"td-social-sharing-button td-social-sharing-button-js td-social-network td-social-facebook\" href=\"https:\/\/www.facebook.com\/sharer.php?u=https%3A%2F%2Fwww.sidwaya.info%2Fblog%2F2020%2F07%2F20%2F19e-conference-du-cilss-ouverture-du-sommet%2F\"\/><\/p>\n<p>Facebook<\/p>\n<p><a class=\"td-social-sharing-button td-social-sharing-button-js td-social-network td-social-twitter\" href=\"https:\/\/twitter.com\/intent\/tweet?text=19e+Conf%C3%A9rence+du+CILSS+%3A+ouverture+du+sommet&amp;url=https%3A%2F%2Fwww.sidwaya.info%2Fblog%2F2020%2F07%2F20%2F19e-conference-du-cilss-ouverture-du-sommet%2F&amp;via=Quotidien+Sidwaya\"\/><\/p>\n<p>Twitter<\/p>\n<p><a class=\"td-social-sharing-button td-social-sharing-button-js td-social-network td-social-pinterest\" href=\"https:\/\/pinterest.com\/pin\/create\/button\/?url=https:\/\/www.sidwaya.info\/blog\/2020\/07\/20\/19e-conference-du-cilss-ouverture-du-sommet\/&amp;media=https:\/\/www.sidwaya.info\/wp-content\/uploads\/2020\/07\/roch.jpg&amp;description=19e+Conf%C3%A9rence+du+CILSS+%3A+ouverture+du+sommet\"\/><\/p>\n<p>Pinterest<\/p>\n<p><a class=\"td-social-sharing-button td-social-sharing-button-js td-social-network td-social-whatsapp\" href=\"whatsapp:\/\/send?text=19e+Conf%C3%A9rence+du+CILSS+%3A+ouverture+du+sommet%20%0A%0A%20https:\/\/www.sidwaya.info\/blog\/2020\/07\/20\/19e-conference-du-cilss-ouverture-du-sommet\/\"\/><\/p>\n<p>WhatsApp<\/p>\n<p><a class=\"td-social-sharing-button td-social-sharing-button-js td-social-network td-social-linkedin\" href=\"https:\/\/www.linkedin.com\/shareArticle?mini=true&amp;url=https:\/\/www.sidwaya.info\/blog\/2020\/07\/20\/19e-conference-du-cilss-ouverture-du-sommet\/&amp;title=19e+Conf%C3%A9rence+du+CILSS+%3A+ouverture+du+sommet\"\/><\/p>\n<p>Linkedin<\/p>\n<p><a class=\"td-social-sharing-button td-social-sharing-button-js td-social-network td-social-mail\" href=\"mailto:?subject=19e%20Conf%C3%A9rence%20du%20CILSS%20:%20ouverture%20du%20sommet&amp;body=https:\/\/www.sidwaya.info\/blog\/2020\/07\/20\/19e-conference-du-cilss-ouverture-du-sommet\/\"\/><\/p>\n<p>Email<\/p>\n<p><a class=\"td-social-sharing-button td-social-sharing-button-js td-social-network td-social-print\" href=\"#\"\/><\/p>\n<p>Print<\/p>\n<p><a class=\"td-social-sharing-button td-social-sharing-button-js td-social-network td-social-tumblr\" href=\"https:\/\/www.tumblr.com\/share\/link?url=https:\/\/www.sidwaya.info\/blog\/2020\/07\/20\/19e-conference-du-cilss-ouverture-du-sommet\/&amp;name=19e%20Conf%C3%A9rence%20du%20CILSS%20:%20ouverture%20du%20sommet\"\/><\/p>\n<p>Tumblr<\/p>\n<p><a class=\"td-social-sharing-button td-social-sharing-button-js td-social-network td-social-telegram\" href=\"https:\/\/telegram.me\/share\/url?url=https:\/\/www.sidwaya.info\/blog\/2020\/07\/20\/19e-conference-du-cilss-ouverture-du-sommet\/&amp;text=19e+Conf%C3%A9rence+du+CILSS+%3A+ouverture+du+sommet\"\/><\/p>\n<p>Telegram<\/p>\n<p><a class=\"td-social-sharing-button td-social-sharing-button-js td-social-network td-social-viber\" href=\"viber:\/\/forward?text=19e+Conf%C3%A9rence+du+CILSS+%3A+ouverture+du+sommet%20https:\/\/www.sidwaya.info\/blog\/2020\/07\/20\/19e-conference-du-cilss-ouverture-du-sommet\/\"\/><\/p>\n<p>Viber<\/p>\n<p><a class=\"td-social-sharing-button td-social-sharing-button-js td-social-network td-social-naver\" href=\"https:\/\/share.naver.com\/web\/shareView.nhn?url=https:\/\/www.sidwaya.info\/blog\/2020\/07\/20\/19e-conference-du-cilss-ouverture-du-sommet\/&amp;title=19e+Conf%C3%A9rence+du+CILSS+%3A+ouverture+du+sommet\"\/><\/p>\n<p>Naver<\/p>\n<\/div>\n<\/div>\n<div class=\"td-post-content tagdiv-type\" readability=\"38\">\n<div class=\"td-post-featured-image\"><a href=\"https:\/\/www.sidwaya.info\/wp-content\/uploads\/2020\/07\/roch.jpg\" data-caption=\"\"><img loading=\"lazy\" decoding=\"async\" width=\"592\" height=\"395\" class=\"entry-thumb td-modal-image\" src=\"https:\/\/www.sidwaya.info\/wp-content\/uploads\/2020\/07\/roch.jpg\" srcset=\"https:\/\/www.sidwaya.info\/wp-content\/uploads\/2020\/07\/roch.jpg 592w, https:\/\/www.sidwaya.info\/wp-content\/uploads\/2020\/07\/roch-300x200.jpg 300w\" sizes=\"auto, (max-width: 592px) 100vw, 592px\" alt=\"\" title=\"roch\"\/><\/a><\/div>\n<div class=\"kvgmc6g5 cxmmr5t8 oygrvhab hcukyx3x c1et5uql ii04i59q\" readability=\"17\">\n<p>(Ouagadougou, 20 juillet 2020). Le pr\u00e9sident du Faso, Roch Marc Christian Kabor\u00e9, pr\u00e9sident en exercice du Comit\u00e9 permanent inter-Etats de Lutte contre la S\u00e9cheresse dans le Sahel (CILSS) pr\u00e9side depuis ce matin, la 19e Conf\u00e9rence des chefs d\u2019Etat et de Gouvernement de l\u2019organisation, qui se d\u00e9roule par visioconf\u00e9rence. Une douzaine d\u2019interventions sont au programme de cette session d\u2019ouverture, dont celles des pr\u00e9sidents en exercice de la CEDEAO et de l\u2019UEMOA, de l\u2019Union Africaine et de nombreux partenaires techniques et financiers de l\u2019organisation. Cette participation massive est le signe de l\u2019int\u00e9r\u00eat port\u00e9 au CILSS et aux populations sah\u00e9liennes a d\u00e9clar\u00e9 Roch Marc Christian Kabor\u00e9 d\u00e8s l\u2019entame des travaux.<\/p>\n<\/div>\n<p><strong>Direction de la communication de la pr\u00e9sidence du Faso<\/strong><\/p>\n<div class=\"td-a-rec td-a-rec-id-content_bottom tdi_30_ffb td_block_template_1\"><img loading=\"lazy\" decoding=\"async\" class=\"aligncenter size-full wp-image-22415\" src=\"https:\/\/www.sidwaya.info\/wp-content\/uploads\/2020\/05\/Bandeau-paiement-mobile-site.png\" alt=\"\" width=\"728\" height=\"90\"\/><\/div>\n<\/div>\n<footer>\n<div class=\"td-post-sharing-bottom\">\n<p><iframe frameborder=\"0\" src=\"https:\/\/www.facebook.com\/plugins\/like.php?href=https:\/\/www.sidwaya.info\/blog\/2020\/07\/20\/19e-conference-du-cilss-ouverture-du-sommet\/&amp;layout=button_count&amp;show_faces=false&amp;width=105&amp;action=like&amp;colorscheme=light&amp;height=21\" class=\"c1\">[embedded content]<\/iframe><\/p>\n<div id=\"td_social_sharing_article_bottom\" class=\"td-post-sharing td-ps-bg td-ps-padding td-post-sharing-style7\">\n<div class=\"td-post-sharing-visible\"><a class=\"td-social-sharing-button td-social-sharing-button-js td-social-network td-social-facebook\" href=\"https:\/\/www.facebook.com\/sharer.php?u=https%3A%2F%2Fwww.sidwaya.info%2Fblog%2F2020%2F07%2F20%2F19e-conference-du-cilss-ouverture-du-sommet%2F\"\/><\/p>\n<p>Facebook<\/p>\n<p><a class=\"td-social-sharing-button td-social-sharing-button-js td-social-network td-social-twitter\" href=\"https:\/\/twitter.com\/intent\/tweet?text=19e+Conf%C3%A9rence+du+CILSS+%3A+ouverture+du+sommet&amp;url=https%3A%2F%2Fwww.sidwaya.info%2Fblog%2F2020%2F07%2F20%2F19e-conference-du-cilss-ouverture-du-sommet%2F&amp;via=Quotidien+Sidwaya\"\/><\/p>\n<p>Twitter<\/p>\n<p><a class=\"td-social-sharing-button td-social-sharing-button-js td-social-network td-social-pinterest\" href=\"https:\/\/pinterest.com\/pin\/create\/button\/?url=https:\/\/www.sidwaya.info\/blog\/2020\/07\/20\/19e-conference-du-cilss-ouverture-du-sommet\/&amp;media=https:\/\/www.sidwaya.info\/wp-content\/uploads\/2020\/07\/roch.jpg&amp;description=19e+Conf%C3%A9rence+du+CILSS+%3A+ouverture+du+sommet\"\/><\/p>\n<p>Pinterest<\/p>\n<p><a class=\"td-social-sharing-button td-social-sharing-button-js td-social-network td-social-whatsapp\" href=\"whatsapp:\/\/send?text=19e+Conf%C3%A9rence+du+CILSS+%3A+ouverture+du+sommet%20%0A%0A%20https:\/\/www.sidwaya.info\/blog\/2020\/07\/20\/19e-conference-du-cilss-ouverture-du-sommet\/\"\/><\/p>\n<p>WhatsApp<\/p>\n<p><a class=\"td-social-sharing-button td-social-sharing-button-js td-social-network td-social-linkedin\" href=\"https:\/\/www.linkedin.com\/shareArticle?mini=true&amp;url=https:\/\/www.sidwaya.info\/blog\/2020\/07\/20\/19e-conference-du-cilss-ouverture-du-sommet\/&amp;title=19e+Conf%C3%A9rence+du+CILSS+%3A+ouverture+du+sommet\"\/><\/p>\n<p>Linkedin<\/p>\n<p><a class=\"td-social-sharing-button td-social-sharing-button-js td-social-network td-social-mail\" href=\"mailto:?subject=19e%20Conf%C3%A9rence%20du%20CILSS%20:%20ouverture%20du%20sommet&amp;body=https:\/\/www.sidwaya.info\/blog\/2020\/07\/20\/19e-conference-du-cilss-ouverture-du-sommet\/\"\/><\/p>\n<p>Email<\/p>\n<p><a class=\"td-social-sharing-button td-social-sharing-button-js td-social-network td-social-print\" href=\"#\"\/><\/p>\n<p>Print<\/p>\n<p><a class=\"td-social-sharing-button td-social-sharing-button-js td-social-network td-social-tumblr\" href=\"https:\/\/www.tumblr.com\/share\/link?url=https:\/\/www.sidwaya.info\/blog\/2020\/07\/20\/19e-conference-du-cilss-ouverture-du-sommet\/&amp;name=19e%20Conf%C3%A9rence%20du%20CILSS%20:%20ouverture%20du%20sommet\"\/><\/p>\n<p>Tumblr<\/p>\n<p><a class=\"td-social-sharing-button td-social-sharing-button-js td-social-network td-social-telegram\" href=\"https:\/\/telegram.me\/share\/url?url=https:\/\/www.sidwaya.info\/blog\/2020\/07\/20\/19e-conference-du-cilss-ouverture-du-sommet\/&amp;text=19e+Conf%C3%A9rence+du+CILSS+%3A+ouverture+du+sommet\"\/><\/p>\n<p>Telegram<\/p>\n<p><a class=\"td-social-sharing-button td-social-sharing-button-js td-social-network td-social-viber\" href=\"viber:\/\/forward?text=19e+Conf%C3%A9rence+du+CILSS+%3A+ouverture+du+sommet%20https:\/\/www.sidwaya.info\/blog\/2020\/07\/20\/19e-conference-du-cilss-ouverture-du-sommet\/\"\/><\/p>\n<p>Viber<\/p>\n<p><a class=\"td-social-sharing-button td-social-sharing-button-js td-social-network td-social-naver\" href=\"https:\/\/share.naver.com\/web\/shareView.nhn?url=https:\/\/www.sidwaya.info\/blog\/2020\/07\/20\/19e-conference-du-cilss-ouverture-du-sommet\/&amp;title=19e+Conf%C3%A9rence+du+CILSS+%3A+ouverture+du+sommet\"\/><\/p>\n<p>Naver<\/p>\n<\/div>\n<\/div>\n<\/div>\n<div class=\"td-block-row td-post-next-prev\">\n<div class=\"td-block-span6 td-post-prev-post td-post-next-prev-content\"><span>Article pr\u00e9c\u00e9dent<\/span><a href=\"https:\/\/www.sidwaya.info\/blog\/2020\/07\/20\/projet-amplifychange-les-acteurs-relancent-leurs-activites\/\">Projet \u00ab\u00a0AmplifyChange\u00a0\u00bb\u00a0: Les acteurs relancent leurs activit\u00e9s<\/a><\/div>\n<div class=\"td-block-span6 td-post-next-post td-post-next-prev-content\"><span>Article suivant<\/span><a href=\"https:\/\/www.sidwaya.info\/blog\/2020\/07\/20\/19e-conference-du-cilss-la-reforme-de-lorganisation-au-centre-des-echanges-communique-de-presse\/\">19e Conf\u00e9rence du CILSS : la r\u00e9forme de l\u2019organisation au centre des \u00e9changes (Communiqu\u00e9 de presse)<\/a><\/div>\n<\/div>\n<\/footer>\n<p>Auteur: BS. Sidwaya<br \/>\n<a href=\"https:\/\/www.sidwaya.info\/blog\/2020\/07\/20\/19e-conference-du-cilss-ouverture-du-sommet\/\">Cliquez ici pour lire l&rsquo;article depuis sa source.<\/a><\/p>\n","protected":false},"excerpt":{"rendered":"<p>Facebook Twitter Pinterest WhatsApp Linkedin Email Print Tumblr Telegram Viber Naver (Ouagadougou, 20 juillet 2020). Le pr\u00e9sident du Faso, Roch Marc Christian Kabor\u00e9, pr\u00e9sident en exercice du Comit\u00e9 permanent inter-Etats de Lutte contre la S\u00e9cheresse dans le Sahel (CILSS) pr\u00e9side depuis ce matin, la 19e Conf\u00e9rence des chefs d\u2019Etat et de Gouvernement de l\u2019organisation, qui [&hellip;]<\/p>\n","protected":false},"author":1816,"featured_media":93006,"comment_status":"closed","ping_status":"closed","sticky":false,"template":"","format":"standard","meta":{"fifu_image_url":"","fifu_image_alt":"","footnotes":""},"categories":[73,81],"tags":[],"class_list":["post-93005","post","type-post","status-publish","format-standard","has-post-thumbnail","hentry","category-actualite","category-burkina-faso"],"_links":{"self":[{"href":"https:\/\/linitiative.ca\/International\/wp-json\/wp\/v2\/posts\/93005","targetHints":{"allow":["GET"]}}],"collection":[{"href":"https:\/\/linitiative.ca\/International\/wp-json\/wp\/v2\/posts"}],"about":[{"href":"https:\/\/linitiative.ca\/International\/wp-json\/wp\/v2\/types\/post"}],"author":[{"embeddable":true,"href":"https:\/\/linitiative.ca\/International\/wp-json\/wp\/v2\/users\/1816"}],"replies":[{"embeddable":true,"href":"https:\/\/linitiative.ca\/International\/wp-json\/wp\/v2\/comments?post=93005"}],"version-history":[{"count":0,"href":"https:\/\/linitiative.ca\/International\/wp-json\/wp\/v2\/posts\/93005\/revisions"}],"wp:featuredmedia":[{"embeddable":true,"href":"https:\/\/linitiative.ca\/International\/wp-json\/"}],"wp:attachment":[{"href":"https:\/\/linitiative.ca\/International\/wp-json\/wp\/v2\/media?parent=93005"}],"wp:term":[{"taxonomy":"category","embeddable":true,"href":"https:\/\/linitiative.ca\/International\/wp-json\/wp\/v2\/categories?post=93005"},{"taxonomy":"post_tag","embeddable":true,"href":"https:\/\/linitiative.ca\/International\/wp-json\/wp\/v2\/tags?post=93005"}],"curies":[{"name":"wp","href":"https:\/\/api.w.org\/{rel}","templated":true}]}}