{"id":93020,"date":"2020-07-20T16:44:06","date_gmt":"2020-07-20T20:44:06","guid":{"rendered":"https:\/\/linitiative.ca\/International\/transformation-structurelle-limport-substitution-pour-relancer-la-production-locale\/"},"modified":"2020-07-20T16:44:06","modified_gmt":"2020-07-20T20:44:06","slug":"transformation-structurelle-limport-substitution-pour-relancer-la-production-locale","status":"publish","type":"post","link":"https:\/\/linitiative.ca\/International\/transformation-structurelle-limport-substitution-pour-relancer-la-production-locale\/","title":{"rendered":"Transformation structurelle : l\u2019import-substitution pour relancer la production locale"},"content":{"rendered":"<div class=\"featured-area featured-area-inner\" readability=\"8\"><img loading=\"lazy\" decoding=\"async\" width=\"960\" height=\"540\" src=\"https:\/\/ecomatin.net\/wp-content\/uploads\/2020\/07\/1522997969.jpg\" class=\"attachment-full size-full wp-post-image\" alt=\"\" srcset=\"https:\/\/ecomatin.net\/wp-content\/uploads\/2020\/07\/1522997969.jpg 960w, https:\/\/ecomatin.net\/wp-content\/uploads\/2020\/07\/1522997969-300x169.jpg 300w, https:\/\/ecomatin.net\/wp-content\/uploads\/2020\/07\/1522997969-768x432.jpg 768w, https:\/\/ecomatin.net\/wp-content\/uploads\/2020\/07\/1522997969-390x220.jpg 390w, https:\/\/ecomatin.net\/wp-content\/uploads\/2020\/07\/1522997969-600x338.jpg 600w\" sizes=\"auto, (max-width: 960px) 100vw, 960px\" data-attachment-id=\"17147\" data-permalink=\"https:\/\/ecomatin.net\/transformation-structurelle-limport-substitution-pour-relancer-la-production-locale\/attachment\/1522997969\/\" data-orig-file=\"https:\/\/ecomatin.net\/wp-content\/uploads\/2020\/07\/1522997969.jpg\" data-orig-size=\"960,540\" data-comments-opened=\"0\" data-image-meta=\"{&quot;aperture&quot;:&quot;0&quot;,&quot;credit&quot;:&quot;&quot;,&quot;camera&quot;:&quot;&quot;,&quot;caption&quot;:&quot;&quot;,&quot;created_timestamp&quot;:&quot;0&quot;,&quot;copyright&quot;:&quot;&quot;,&quot;focal_length&quot;:&quot;0&quot;,&quot;iso&quot;:&quot;0&quot;,&quot;shutter_speed&quot;:&quot;0&quot;,&quot;title&quot;:&quot;&quot;,&quot;orientation&quot;:&quot;0&quot;}\" data-image-title=\"1522997969\" data-image-description=\"\" data-medium-file=\"https:\/\/ecomatin.net\/wp-content\/uploads\/2020\/07\/1522997969-300x169.jpg\" data-large-file=\"https:\/\/ecomatin.net\/wp-content\/uploads\/2020\/07\/1522997969.jpg\"\/> Cellucam, le r\u00eave bris\u00e9 d\u2019industrialisation.<\/div>\n<div class=\"entry-content entry clearfix\" readability=\"44.742240810037\">\n<p>La promotion du \u00ab made in Cameroon \u00bb et du \u00ab consommons camerounais \u00bb sont les nouveaux objectifs de la transformation structurelle de l\u2019\u00e9conomie camerounaise. L\u2019exigence de satisfaire le march\u00e9 local devrait acc\u00e9l\u00e9rer la diversification de l\u2019offre locale. Il s\u2019agit pour l\u2019Etat de \u00ab donner la priorit\u00e9 au d\u00e9veloppement de la production et \u00e0 la promotion de la comp\u00e9titivit\u00e9 des fili\u00e8res agricoles strat\u00e9giques \u00bb et de mettre un accent \u00e0 \u00ab la transformation des mati\u00e8res premi\u00e8res afin de mieux valoriser nos produits \u00bb. Ladite modernisation est largement tributaire du d\u00e9veloppement des fili\u00e8res \u00e0 fort potentiel de valeur ajout\u00e9e.<\/p>\n<p>Depuis 2011, le gouvernement a identifi\u00e9 une quinzaine de fili\u00e8res comme porteuses de croissance au Cameroun. Pour 2021, la priorit\u00e9 revient \u00e0 l\u2019agro-industrie, le bois, le textile, les mines et la m\u00e9tallurgie, l\u2019industrie pharmaceutique et biom\u00e9dicale, etc. Pour cela, le gouvernement envisage un train de mesure. Il s\u2019agit entre autre de la constitution d\u2019un fonds sp\u00e9cial destin\u00e9 au financement de la promotion et au d\u00e9veloppement des fili\u00e8res des l\u00e9gumineuses et des f\u00e9culents. Selon du Document de programmation \u00e9conomique et budg\u00e9taire \u00e0 moyen terme (2021-2023), ce fonds serait aliment\u00e9 par les droits et taxes de douane r\u00e9sultant de la r\u00e9-fiscalisation progressive de ces produits. Il pourrait aussi faire l\u2019objet soit d\u2019un compte d\u2019affectation sp\u00e9cial g\u00e9r\u00e9 par un Office national des l\u00e9gumineuses et des f\u00e9culents qui sera cr\u00e9\u00e9, soit \u00eatre affect\u00e9 au budget des minist\u00e8res charg\u00e9s du d\u00e9veloppement de ces cultures.<\/p>\n<p>Il est \u00e9galement envisag\u00e9 un plafonnement des financements bancaires aff\u00e9rents aux importations de certains biens (mais, soja, riz, etc.) ; la cr\u00e9ation d\u2019un Office national de d\u00e9veloppement des fili\u00e8res des l\u00e9gumineuses et des f\u00e9culents ; l\u2019\u00e9laboration d\u2019une fiscalit\u00e9 sp\u00e9cifique pour la promotion de l\u2019agriculture ; l\u2019obligation d\u2019incorporer un certain pourcentage des produits locaux dans la production de certains biens. Il devrait ainsi \u00eatre demand\u00e9 aux boulangers d\u2019incorporer un certain pourcentage de produits locaux de substitution (farine de patate, de manioc, de ma\u00efs) dans le pain ; l\u2019institution des contingentements \u00e0 l\u2019importation. D\u2019une mani\u00e8re sp\u00e9cifique, le minist\u00e8re des Finances pr\u00e9voit une r\u00e9vision de la politique de taxation de certains biens dans la perspective soit de d\u00e9courager progressivement leur importation, soit de favoriser leur transformation locale avant exportation, soit de limiter leur forte consommation en raison de leurs cons\u00e9quences n\u00e9fastes sur la sant\u00e9 et l\u2019environnement, soit d\u2019accro\u00eetre les ressources autonomes d\u2019accompagnement de la d\u00e9centralisation et de la Couverture Sant\u00e9 Universelle.<\/p>\n<div class=\"awac-wrapper awac widget posts-list-widget-11\">\n<h4 class=\"widget-title\">Le plus r\u00e9cent<\/h4>\n<\/div>\n<\/div>\n<p>Auteur: Eco Matin<br \/>\n<a href=\"https:\/\/ecomatin.net\/transformation-structurelle-limport-substitution-pour-relancer-la-production-locale\/\">Cliquez ici pour lire l&rsquo;article depuis sa source.<\/a><\/p>\n","protected":false},"excerpt":{"rendered":"<p>Cellucam, le r\u00eave bris\u00e9 d\u2019industrialisation. La promotion du \u00ab made in Cameroon \u00bb et du \u00ab consommons camerounais \u00bb sont les nouveaux objectifs de la transformation structurelle de l\u2019\u00e9conomie camerounaise. L\u2019exigence de satisfaire le march\u00e9 local devrait acc\u00e9l\u00e9rer la diversification de l\u2019offre locale. Il s\u2019agit pour l\u2019Etat de \u00ab donner la priorit\u00e9 au d\u00e9veloppement de [&hellip;]<\/p>\n","protected":false},"author":1969,"featured_media":93021,"comment_status":"closed","ping_status":"closed","sticky":false,"template":"","format":"standard","meta":{"fifu_image_url":"","fifu_image_alt":"","footnotes":""},"categories":[82,78],"tags":[],"class_list":["post-93020","post","type-post","status-publish","format-standard","has-post-thumbnail","hentry","category-cameroun","category-economie"],"_links":{"self":[{"href":"https:\/\/linitiative.ca\/International\/wp-json\/wp\/v2\/posts\/93020","targetHints":{"allow":["GET"]}}],"collection":[{"href":"https:\/\/linitiative.ca\/International\/wp-json\/wp\/v2\/posts"}],"about":[{"href":"https:\/\/linitiative.ca\/International\/wp-json\/wp\/v2\/types\/post"}],"author":[{"embeddable":true,"href":"https:\/\/linitiative.ca\/International\/wp-json\/wp\/v2\/users\/1969"}],"replies":[{"embeddable":true,"href":"https:\/\/linitiative.ca\/International\/wp-json\/wp\/v2\/comments?post=93020"}],"version-history":[{"count":0,"href":"https:\/\/linitiative.ca\/International\/wp-json\/wp\/v2\/posts\/93020\/revisions"}],"wp:featuredmedia":[{"embeddable":true,"href":"https:\/\/linitiative.ca\/International\/wp-json\/"}],"wp:attachment":[{"href":"https:\/\/linitiative.ca\/International\/wp-json\/wp\/v2\/media?parent=93020"}],"wp:term":[{"taxonomy":"category","embeddable":true,"href":"https:\/\/linitiative.ca\/International\/wp-json\/wp\/v2\/categories?post=93020"},{"taxonomy":"post_tag","embeddable":true,"href":"https:\/\/linitiative.ca\/International\/wp-json\/wp\/v2\/tags?post=93020"}],"curies":[{"name":"wp","href":"https:\/\/api.w.org\/{rel}","templated":true}]}}