{"id":93022,"date":"2020-07-20T16:56:02","date_gmt":"2020-07-20T20:56:02","guid":{"rendered":"https:\/\/linitiative.ca\/International\/radisson-blu-hotel-de-douala-les-travaux-avancent-sereinement\/"},"modified":"2020-07-20T16:56:02","modified_gmt":"2020-07-20T20:56:02","slug":"radisson-blu-hotel-de-douala-les-travaux-avancent-sereinement","status":"publish","type":"post","link":"https:\/\/linitiative.ca\/International\/radisson-blu-hotel-de-douala-les-travaux-avancent-sereinement\/","title":{"rendered":"Radisson Blu h\u00f4tel de Douala : les travaux  avancent sereinement"},"content":{"rendered":"<p>C\u2019est le 23 ao\u00fbt 2019 que la convention d\u2019incitation fiscalo-douani\u00e8re et de promotion de l\u2019investissement du Radisson Blu h\u00f4tel de Douala a \u00e9t\u00e9 sign\u00e9e entre R\u00e9mi Delattre, le Chef \u00a0de projet \u00a0de cet h\u00f4tel 5 \u00e9toiles en gestation, et Marthe Mindja, la Directrice g\u00e9n\u00e9rale de l\u2019Agence de promotion de l\u2019investissement (Api). La soci\u00e9t\u00e9 Sky Towers hospitality, promotrice du Radisson Blu h\u00f4tel b\u00e9n\u00e9ficiait par cet accord de facilit\u00e9s d\u2019incitations fiscalo-douani\u00e8res, allant de 5 \u00e0 10 ans, pr\u00e9vues par la Loi de 2013 portant incitations \u00e0 l\u2019investissement priv\u00e9 au Cameroun.\u00a0<\/p>\n<p>Lire aussi : <strong><a href=\"https:\/\/ecomatin.net\/hotellerie-le-groupe-radisson-blu-veut-tirer-profit-de-la-can-2021\/\">H\u00f4tellerie\u00a0: le groupe Radisson Blu veut tirer profit de la Can 2021<\/a><\/strong><\/p>\n<p>Le Radisson Blu h\u00f4tel de Douala est le fruit d\u2019un partenariat \u00a0public-priv\u00e9 entre l\u2019Etat du Cameroun repr\u00e9sent\u00e9 par la Caisse nationale de pr\u00e9voyance sociale (Cnps) et la\u00a0Sky Towers hospitality.\u00a0D\u2019un co\u00fbt de 25 milliards de fcfa, l\u2019h\u00f4tel 5 \u00e9toiles en cours de construction \u00e0 Bonanjo, vise \u00a0la r\u00e9habilitation et la transformation de l\u2019ancien immeuble Cnps. Au total,\u00a0180 chambres de luxe, 10 salles de conf\u00e9rence, des Spa, des restaurants, ainsi que des studios et des appartements de style am\u00e9ricain. Sur le chantier du Radisson Blu h\u00f4tel, la premi\u00e8re phase dont le chronogramme pr\u00e9voit une livraison au premier trimestre 2021 est en cours d\u2019ach\u00e8vement. Elle consiste en la d\u00e9molition partielle du gros \u0153uvre, la stabilisation et le recalibrage du b\u00e2timent et bien d\u2019autres.<\/p>\n<p><strong>Lire aussi<\/strong> : <strong><a href=\"https:\/\/ecomatin.net\/hotellerie-la-guerre-des-05-etoiles-annoncee-au-cameroun\/\">H\u00f4tellerie\u00a0: la guerre des 5 \u00e9toiles annonc\u00e9e au Cameroun<\/a><\/strong><\/p>\n<p>\u00a0Le projet pr\u00e9voit \u00e9galement une extension du domaine h\u00f4telier sur l\u2019espace occup\u00e9e par le domicile officiel des maires de Douala. Le promoteur du Radisson Blu h\u00f4tel de Douala annonce la cr\u00e9ation de 200 emplois lors de la phase d\u2019exploitation. Le Chantier alterne plus de 600 employ\u00e9s dans sa phase de construction<\/p>\n<p><strong>Serge Yanic Nana<\/strong><\/p>\n<p>Grand artisan \u00a0de \u00a0ce gigantesque projet,\u00a0Serge Yanic Nana, le pr\u00e9sident directeur g\u00e9n\u00e9ral de Financia Capital, et ma\u00eetre d\u2019ouvrage du projet. \u00c2g\u00e9 de 49 ans, Serge Yanic Nana est un expert du secteur minier, du financement de projets et d\u2019infrastructures, en plus d\u2019une riche activit\u00e9 en finance d\u2019entreprise. Serge Yanic Nana est \u00e9galement conseiller financier du gouvernement camerounais dans la mise en oeuvre du projet Minier de Fer de Mbalam (6000 milliards \u00a0de fcfa) et du Projet de Bauxite et d\u2019Aluminium de Ngaoundal\/Minim-Martap (3000 milliards de fcfa).\u00a0Il est dipl\u00f4m\u00e9 d\u2019un Master en Math\u00e9matiques de L\u2019Universit\u00e9 de Paris Diderot et d\u2019un Master en Actuariat de l\u2019Universit\u00e9 de Montr\u00e9al au Canada. Il est membre de l\u2019Acad\u00e9mie des Actuaires Am\u00e9ricains et Associ\u00e9 de la Soci\u00e9t\u00e9 des Actuaires de Chicago.<\/p>\n<div class=\"awac-wrapper awac widget posts-list-widget-11\">\n<h4 class=\"widget-title\">Le plus r\u00e9cent<\/h4>\n<\/div>\n<p>Auteur: Eco Matin<br \/>\n<a href=\"https:\/\/ecomatin.net\/radisson-blu-hotel-de-douala-les-travaux-avancent-sereinement\/\">Cliquez ici pour lire l&rsquo;article depuis sa source.<\/a><\/p>\n","protected":false},"excerpt":{"rendered":"<p>C\u2019est le 23 ao\u00fbt 2019 que la convention d\u2019incitation fiscalo-douani\u00e8re et de promotion de l\u2019investissement du Radisson Blu h\u00f4tel de Douala a \u00e9t\u00e9 sign\u00e9e entre R\u00e9mi Delattre, le Chef \u00a0de projet \u00a0de cet h\u00f4tel 5 \u00e9toiles en gestation, et Marthe Mindja, la Directrice g\u00e9n\u00e9rale de l\u2019Agence de promotion de l\u2019investissement (Api). La soci\u00e9t\u00e9 Sky Towers [&hellip;]<\/p>\n","protected":false},"author":1969,"featured_media":0,"comment_status":"closed","ping_status":"closed","sticky":false,"template":"","format":"standard","meta":{"fifu_image_url":"","fifu_image_alt":"","footnotes":""},"categories":[82,78],"tags":[],"class_list":["post-93022","post","type-post","status-publish","format-standard","hentry","category-cameroun","category-economie"],"_links":{"self":[{"href":"https:\/\/linitiative.ca\/International\/wp-json\/wp\/v2\/posts\/93022","targetHints":{"allow":["GET"]}}],"collection":[{"href":"https:\/\/linitiative.ca\/International\/wp-json\/wp\/v2\/posts"}],"about":[{"href":"https:\/\/linitiative.ca\/International\/wp-json\/wp\/v2\/types\/post"}],"author":[{"embeddable":true,"href":"https:\/\/linitiative.ca\/International\/wp-json\/wp\/v2\/users\/1969"}],"replies":[{"embeddable":true,"href":"https:\/\/linitiative.ca\/International\/wp-json\/wp\/v2\/comments?post=93022"}],"version-history":[{"count":0,"href":"https:\/\/linitiative.ca\/International\/wp-json\/wp\/v2\/posts\/93022\/revisions"}],"wp:attachment":[{"href":"https:\/\/linitiative.ca\/International\/wp-json\/wp\/v2\/media?parent=93022"}],"wp:term":[{"taxonomy":"category","embeddable":true,"href":"https:\/\/linitiative.ca\/International\/wp-json\/wp\/v2\/categories?post=93022"},{"taxonomy":"post_tag","embeddable":true,"href":"https:\/\/linitiative.ca\/International\/wp-json\/wp\/v2\/tags?post=93022"}],"curies":[{"name":"wp","href":"https:\/\/api.w.org\/{rel}","templated":true}]}}