{"id":93025,"date":"2020-07-20T17:19:27","date_gmt":"2020-07-20T21:19:27","guid":{"rendered":"https:\/\/linitiative.ca\/International\/coronavirus-la-bad-prevoit-une-croissance-negative-de-61-au-cameroun-en-2020\/"},"modified":"2020-07-20T17:19:27","modified_gmt":"2020-07-20T21:19:27","slug":"coronavirus-la-bad-prevoit-une-croissance-negative-de-61-au-cameroun-en-2020","status":"publish","type":"post","link":"https:\/\/linitiative.ca\/International\/coronavirus-la-bad-prevoit-une-croissance-negative-de-61-au-cameroun-en-2020\/","title":{"rendered":"Coronavirus : la BAD pr\u00e9voit une croissance n\u00e9gative de -6,1% au Cameroun en 2020"},"content":{"rendered":"<p>La Banque Africaine de d\u00e9veloppement(Bad) vient de publier un rapport intitul\u00e9 \u00ab\u00a0Perspectives \u00e9conomiques en Afrique centrale 2020\u00a0faire face \u00e0 la pand\u00e9mie de Covid-19\u00a0\u00bb. Celui-ci d\u00e9crit les perspectives \u00e9conomiques de l\u2019Afrique centrale qui se sont assombries du fait de la crise sanitaire du coronavirus et prescrit quelques recommandations de politiques \u00e9conomiques.<\/p>\n<p>L<strong>ire aussi<\/strong> : <a href=\"https:\/\/ecomatin.net\/perspectives-economiques-le-cameroun-vu-par-la-bad\/\">Perspectives \u00e9conomiques : le Cameroun vu par la BAD<\/a><\/p>\n<p>D\u2019apr\u00e8s la Bad, \u00a0l\u2019Afrique centrale a \u00e9t\u00e9 touch\u00e9e par la crise \u00e0 travers cinq canaux principaux \u00e0 savoir, la baisse des prix des mati\u00e8res premi\u00e8res, la chute des recettes touristiques, la baisse des transferts de migrants et des investissements directs et les difficult\u00e9s dans le secteur financier. Avant la pand\u00e9mie, la Banque tablait sur une croissance de 3,5% du PIB r\u00e9el de l\u2019Afrique centrale en 2020. Depuis, le taux a \u00e9t\u00e9 r\u00e9vis\u00e9 \u00e0 -2,5% dans la version le plus optimiste, soit une perte de 6,1 points de pourcentage, et \u00e0 -4,3% dans le cas le plus pessimiste, soit une perte de 7,8 points \u00ab\u00a0Ces projections sont n\u00e9gativement impact\u00e9es par des facteurs externes li\u00e9s \u00e0 la baisse de la croissance mondiale, \u00e0 la demande ext\u00e9rieure, aux r\u00e9ductions des investissements, etc, et au niveau interne par l\u2019ins\u00e9curit\u00e9 et l\u2019instabilit\u00e9 politique, les probl\u00e8mes de gouvernance \u00e9conomique, de d\u00e9s\u00e9quilibres macro\u00e9conomiques et le manque de diversification \u00e9conomique, etc.\u00a0\u00bb. Explique Solomane Kon\u00e9, directeur g\u00e9n\u00e9ral Afrique centrale par int\u00e9rim \u00e0 la Banque africaine de d\u00e9veloppement.<\/p>\n<p><strong>Lire aussi<\/strong> : <a href=\"https:\/\/ecomatin.net\/financement-pourquoi-les-projets-de-la-bad-freinent-au-cameroun\/\">Financement\u00a0: pourquoi les projets de la BAD freinent au Cameroun\u00a0?<\/a><\/p>\n<p>Au niveau du Cameroun, l\u2019institution bancaire pr\u00e9voit pour le restant de l\u2019ann\u00e9e en cours, une baisse des revenus publics li\u00e9e \u00e0 la chute des prix des mati\u00e8res premi\u00e8res et une d\u00e9t\u00e9rioration de la position ext\u00e9rieure, ce qui rendra difficile la poursuite du processus de diversification de l\u2019\u00e9conomie. A cela s\u2019ajoute une baisse de la croissance de -6,1%, bien loin des 4% pr\u00e9vus avant la pand\u00e9mie. En plus de cela, le pays devrait conna\u00eetre \u00ab\u00a0une accentuation des d\u00e9ficits budg\u00e9taire et courant de 1,9 point de pourcentage du PIB et 3,6 points de pourcentage du PIB, respectivement\u00a0\u00bb.<\/p>\n<p>Lir<strong>e aussi<\/strong> : <a href=\"https:\/\/ecomatin.net\/covid-19-la-bad-presente-sa-strategie-pour-assurer-la-securite-alimentaire\/\">Covid-19 : la BAD pr\u00e9sente sa strat\u00e9gie pour assurer la s\u00e9curit\u00e9 alimentaire<\/a><\/p>\n<p>En vue d\u2019att\u00e9nuer les effets de la pand\u00e9mie du coronavirus sur leurs \u00e9conomies, la Bad prescrit aux pays de l\u2019Afrique centrale de \u00ab\u00a0juguler les effets de la pand\u00e9mie du Coronavirus, de consolider la paix et la stabilit\u00e9, d\u2019assainir le cadre macro\u00e9conomique, d\u2019acc\u00e9l\u00e9rer la transformation structurelle, de promouvoir les infrastructures de base, de mitiger les effets des changements climatiques, et surtout de promouvoir le d\u00e9veloppement du capital humain \u00bb.<\/p>\n<div class=\"awac-wrapper awac widget posts-list-widget-11\">\n<h4 class=\"widget-title\">Le plus r\u00e9cent<\/h4>\n<\/div>\n<p>Auteur: Eco Matin<br \/>\n<a href=\"https:\/\/ecomatin.net\/coronavirus-la-bad-prevoit-une-croissance-negative-de-61-au-cameroun-en-2020\/\">Cliquez ici pour lire l&rsquo;article depuis sa source.<\/a><\/p>\n","protected":false},"excerpt":{"rendered":"<p>La Banque Africaine de d\u00e9veloppement(Bad) vient de publier un rapport intitul\u00e9 \u00ab\u00a0Perspectives \u00e9conomiques en Afrique centrale 2020\u00a0faire face \u00e0 la pand\u00e9mie de Covid-19\u00a0\u00bb. Celui-ci d\u00e9crit les perspectives \u00e9conomiques de l\u2019Afrique centrale qui se sont assombries du fait de la crise sanitaire du coronavirus et prescrit quelques recommandations de politiques \u00e9conomiques. Lire aussi : Perspectives \u00e9conomiques [&hellip;]<\/p>\n","protected":false},"author":1969,"featured_media":0,"comment_status":"closed","ping_status":"closed","sticky":false,"template":"","format":"standard","meta":{"fifu_image_url":"","fifu_image_alt":"","footnotes":""},"categories":[82,78],"tags":[],"class_list":["post-93025","post","type-post","status-publish","format-standard","hentry","category-cameroun","category-economie"],"_links":{"self":[{"href":"https:\/\/linitiative.ca\/International\/wp-json\/wp\/v2\/posts\/93025","targetHints":{"allow":["GET"]}}],"collection":[{"href":"https:\/\/linitiative.ca\/International\/wp-json\/wp\/v2\/posts"}],"about":[{"href":"https:\/\/linitiative.ca\/International\/wp-json\/wp\/v2\/types\/post"}],"author":[{"embeddable":true,"href":"https:\/\/linitiative.ca\/International\/wp-json\/wp\/v2\/users\/1969"}],"replies":[{"embeddable":true,"href":"https:\/\/linitiative.ca\/International\/wp-json\/wp\/v2\/comments?post=93025"}],"version-history":[{"count":0,"href":"https:\/\/linitiative.ca\/International\/wp-json\/wp\/v2\/posts\/93025\/revisions"}],"wp:attachment":[{"href":"https:\/\/linitiative.ca\/International\/wp-json\/wp\/v2\/media?parent=93025"}],"wp:term":[{"taxonomy":"category","embeddable":true,"href":"https:\/\/linitiative.ca\/International\/wp-json\/wp\/v2\/categories?post=93025"},{"taxonomy":"post_tag","embeddable":true,"href":"https:\/\/linitiative.ca\/International\/wp-json\/wp\/v2\/tags?post=93025"}],"curies":[{"name":"wp","href":"https:\/\/api.w.org\/{rel}","templated":true}]}}