{"id":93030,"date":"2020-07-21T11:19:34","date_gmt":"2020-07-21T15:19:34","guid":{"rendered":"https:\/\/linitiative.ca\/International\/une-premiere-depuis-1956-le-ballon-dor-ne-sera-pas-attribue-en-2020\/"},"modified":"2020-07-21T11:19:34","modified_gmt":"2020-07-21T15:19:34","slug":"une-premiere-depuis-1956-le-ballon-dor-ne-sera-pas-attribue-en-2020","status":"publish","type":"post","link":"https:\/\/linitiative.ca\/International\/une-premiere-depuis-1956-le-ballon-dor-ne-sera-pas-attribue-en-2020\/","title":{"rendered":"Une premi\u00e8re depuis 1956 : Le Ballon d\u2019Or ne sera pas attribu\u00e9 en 2020"},"content":{"rendered":"<p><img decoding=\"async\" class=\"post_layout_5_img\" src=\"http:\/\/aujourdhui.ma\/wp-content\/uploads\/2020\/07\/FIFA-Ballon-d\u2019Or.jpg\" alt=\"Une premi&#xE8;re depuis 1956 : Le Ballon d&#x2019;Or ne sera pas attribu&#xE9; en 2020\"\/><\/p>\n<p><span class=\"c6\"><span class=\"c5\"><strong>Pour la premi\u00e8re fois de son histoire, le Ballon d\u2019Or ne sera pas attribu\u00e9 cette ann\u00e9e, faute de conditions \u00e9quitables suffisantes, a annonc\u00e9 lundi l\u2019hebdomadaire France Football qui le d\u00e9cerne.<\/strong><\/span><span id=\"more-351257\"\/><\/span><\/p>\n<p>\u00abA circonstances exceptionnelles, dispositions exceptionnelles. Pour la premi\u00e8re fois de son histoire, d\u00e9but\u00e9e en 1956, le Ballon d\u2019Or France Football ne sera pas attribu\u00e9 en 2020, faute de conditions \u00e9quitables suffisantes\u00bb, \u00e9crit l\u2019hebdomadaire dans un communiqu\u00e9 mis en ligne sur sur son site internet.<br \/>Messi et Rapinoe (de m\u00eame que De Ligt et Alisson, vainqueurs des Troph\u00e9es Kopa et Yachine) vont devoir attendre un an, souligne France Football, notant que les laur\u00e9ats de la derni\u00e8re \u00e9dition du Ballon d\u2019Or, r\u00e9compense individuelle la plus prestigieuse du football, n\u2019auront pas de successeurs en fin d\u2019ann\u00e9e.<\/p>\n<p>L\u2019hebdomadaire justifie sa d\u00e9cision par \u00abl\u2019\u00e9quit\u00e9 qui pr\u00e9vaut pour ce titre honorifique (qui) ne pourrait \u00eatre pr\u00e9serv\u00e9e, notamment au niveau statistique et \u00e9galement de la pr\u00e9paration puisque tous les aspirants \u00e0 la r\u00e9compense ne pourraient pas \u00eatre log\u00e9s \u00e0 la m\u00eame enseigne, certains ayant vu leur saison amput\u00e9e radicalement, d\u2019autres non\u00bb.<br \/>\u00abNous ne souhaitions pas apposer au palmar\u00e8s une ast\u00e9risque ind\u00e9l\u00e9bile du style +troph\u00e9e remport\u00e9 dans des circonstances exceptionnelles dues \u00e0 la crise sanitaire de Covid19+\u00bb, rel\u00e8ve encore France Football.<\/p>\n<p>Cette d\u00e9cision s\u2019explique \u00e9galement par le souhait de \u00abprot\u00e9ger la cr\u00e9dibilit\u00e9 et la l\u00e9gitimit\u00e9 d\u2019une telle r\u00e9compense\u00bb et de veiller \u00e0 son \u00abirr\u00e9prochabilit\u00e9 dans le temps\u00bb.<br \/>Selon l\u2019hebdomadaire, seulement deux mois (janvier et f\u00e9vrier), sur les onze g\u00e9n\u00e9ralement requis pour se faire une opinion et d\u00e9partager les meilleur(e)s, \u00abc\u2019est beaucoup trop peu pour jauger et juger\u00bb, \u00e9tant donn\u00e9 que les autres matches se sont d\u00e9roul\u00e9s \u2013 ou se d\u00e9rouleront \u2013 ensuite dans d\u2019autres conditions et formats (huis clos, cinq remplacements, Final 8 europ\u00e9en sur un seul match) trop \u00e9loign\u00e9s du panorama habituel.<\/p>\n<p>Auteur: ALM<br \/>\n<a href=\"https:\/\/aujourdhui.ma\/sports\/une-premiere-depuis-1956-le-ballon-dor-ne-sera-pas-attribue-en-2020\">Cliquez ici pour lire l&rsquo;article depuis sa source.<\/a><\/p>\n","protected":false},"excerpt":{"rendered":"<p>Pour la premi\u00e8re fois de son histoire, le Ballon d\u2019Or ne sera pas attribu\u00e9 cette ann\u00e9e, faute de conditions \u00e9quitables suffisantes, a annonc\u00e9 lundi l\u2019hebdomadaire France Football qui le d\u00e9cerne. \u00abA circonstances exceptionnelles, dispositions exceptionnelles. Pour la premi\u00e8re fois de son histoire, d\u00e9but\u00e9e en 1956, le Ballon d\u2019Or France Football ne sera pas attribu\u00e9 en [&hellip;]<\/p>\n","protected":false},"author":1759,"featured_media":93031,"comment_status":"closed","ping_status":"closed","sticky":false,"template":"","format":"standard","meta":{"fifu_image_url":"","fifu_image_alt":"","footnotes":""},"categories":[73,54],"tags":[],"class_list":["post-93030","post","type-post","status-publish","format-standard","has-post-thumbnail","hentry","category-actualite","category-maroc"],"_links":{"self":[{"href":"https:\/\/linitiative.ca\/International\/wp-json\/wp\/v2\/posts\/93030","targetHints":{"allow":["GET"]}}],"collection":[{"href":"https:\/\/linitiative.ca\/International\/wp-json\/wp\/v2\/posts"}],"about":[{"href":"https:\/\/linitiative.ca\/International\/wp-json\/wp\/v2\/types\/post"}],"author":[{"embeddable":true,"href":"https:\/\/linitiative.ca\/International\/wp-json\/wp\/v2\/users\/1759"}],"replies":[{"embeddable":true,"href":"https:\/\/linitiative.ca\/International\/wp-json\/wp\/v2\/comments?post=93030"}],"version-history":[{"count":0,"href":"https:\/\/linitiative.ca\/International\/wp-json\/wp\/v2\/posts\/93030\/revisions"}],"wp:featuredmedia":[{"embeddable":true,"href":"https:\/\/linitiative.ca\/International\/wp-json\/"}],"wp:attachment":[{"href":"https:\/\/linitiative.ca\/International\/wp-json\/wp\/v2\/media?parent=93030"}],"wp:term":[{"taxonomy":"category","embeddable":true,"href":"https:\/\/linitiative.ca\/International\/wp-json\/wp\/v2\/categories?post=93030"},{"taxonomy":"post_tag","embeddable":true,"href":"https:\/\/linitiative.ca\/International\/wp-json\/wp\/v2\/tags?post=93030"}],"curies":[{"name":"wp","href":"https:\/\/api.w.org\/{rel}","templated":true}]}}