{"id":93032,"date":"2020-07-21T11:20:13","date_gmt":"2020-07-21T15:20:13","guid":{"rendered":"https:\/\/linitiative.ca\/International\/covid19-oblige-le-35e-marathon-des-sables-reporte-a-2021\/"},"modified":"2020-07-21T11:20:13","modified_gmt":"2020-07-21T15:20:13","slug":"covid19-oblige-le-35e-marathon-des-sables-reporte-a-2021","status":"publish","type":"post","link":"https:\/\/linitiative.ca\/International\/covid19-oblige-le-35e-marathon-des-sables-reporte-a-2021\/","title":{"rendered":"Covid19 oblige : Le 35\u00e8 Marathon des sables report\u00e9 \u00e0 2021"},"content":{"rendered":"<p><img decoding=\"async\" class=\"post_layout_5_img\" src=\"http:\/\/aujourdhui.ma\/wp-content\/uploads\/2020\/07\/Marathon-des-sables.jpg\" alt=\"Covid19 oblige : Le 35&#xE8; Marathon des sables report&#xE9; &#xE0; 2021\"\/><\/p>\n<p><span class=\"c5\"><strong>Aucun aventurier ne sera cette ann\u00e9e dans les starting-blocks. La 35\u00e8 \u00e9dition du Marathon des sables, pr\u00e9vue du 3 au 13 avril dans le d\u00e9sert marocain, a \u00e9t\u00e9 report\u00e9e \u00e0 la p\u00e9riode allant du 2 au 12 avril 2021, selon l\u2019annonce faite par les organisateurs lundi.<\/strong><\/span><br \/><span class=\"c6\"><span id=\"more-351251\"\/><\/span><\/p>\n<p>\u00abEn cons\u00e9quence de la d\u00e9gradation de la situation internationale qui nous semblait stable il y a encore quelques semaines, nous prenons la lourde d\u00e9cision de reporter \u00e0 nouveau ce 35\u00e8 Marathon des sables \u00e0 la p\u00e9riode allant du 2 au 12 avril 2021\u00bb, a indiqu\u00e9 la m\u00eame source dans un communiqu\u00e9 publi\u00e9 sur le site officiel de la course.<\/p>\n<p>\u00abDans ce contexte d\u2019incertitude g\u00e9n\u00e9rale, nous faisons face \u00e0 trop d\u2019inconnues pour organiser sereinement notre belle aventure MDS\u00bb, a soulign\u00e9 le directeur de la course, Patrick Bauer. \u00abNous nous tenions pr\u00eats \u00e0 r\u00e9pondre \u00e0 toutes les mesures sanitaires qu\u2019il aurait fallu mettre en place\u00bb, a-t-il ajout\u00e9. \u00abCependant, il nous semble inenvisageable de nous rassembler dans le d\u00e9sert pour cette 35\u00e8 \u00e9dition dans ces conditions si complexes \u00e0 la fois pour nous organisateurs, mais aussi pour nos concurrents, b\u00e9n\u00e9voles, partenaires, prestataires, journalistes\u00bb, explique M. Bauer.<\/p>\n<p>\u00ab\u00c0 nos yeux, il est important de maintenir l\u2019esprit et les valeurs qui font l\u2019ADN du Marathon des sables, \u00e0 savoir la solidarit\u00e9, les relations humaines, le partage, la bienveillance qui sont les fondamentaux de notre \u00e9v\u00e9nement et ne pourraient \u00eatre pr\u00e9serv\u00e9s au vu des conditions actuelles et projet\u00e9es dans deux mois\u00bb, a-t-il affirm\u00e9.<\/p>\n<p>\u00abPar ailleurs, il est de notre responsabilit\u00e9 de garantir la sant\u00e9 de chacun. Nous sommes conscients que ce report aura des cons\u00e9quences sur nous tous. Mais nous avons \u00e0 c\u0153ur de proposer un 35\u00e8me anniversaire \u00e0 la hauteur des esp\u00e9rances de chacun. Nous avons h\u00e2te de tous vous retrouver en avril prochain sur la ligne de d\u00e9part et de r\u00e9unir la grande famille du Marathon des sables\u00bb, s\u2019est enthousiasm\u00e9 le directeur de la course.<\/p>\n<p>Rassemblant des milliers de coureurs des quatre coins du globe, le Marathon des sables donne un rendez-vous annuel aux amoureux du trail et des sports extr\u00eames, avec pour objectif de parcourir \u00e0 pied environ 220 km sur six \u00e9tapes au c\u0153ur de l\u2019\u00e9poustouflant paysage du d\u00e9sert marocain.<\/p>\n<p>Auteur: ALM<br \/>\n<a href=\"https:\/\/aujourdhui.ma\/sports\/covid19-oblige-le-35e-marathon-des-sables-reporte-a-2021\">Cliquez ici pour lire l&rsquo;article depuis sa source.<\/a><\/p>\n","protected":false},"excerpt":{"rendered":"<p>Aucun aventurier ne sera cette ann\u00e9e dans les starting-blocks. La 35\u00e8 \u00e9dition du Marathon des sables, pr\u00e9vue du 3 au 13 avril dans le d\u00e9sert marocain, a \u00e9t\u00e9 report\u00e9e \u00e0 la p\u00e9riode allant du 2 au 12 avril 2021, selon l\u2019annonce faite par les organisateurs lundi. \u00abEn cons\u00e9quence de la d\u00e9gradation de la situation internationale [&hellip;]<\/p>\n","protected":false},"author":1759,"featured_media":93033,"comment_status":"closed","ping_status":"closed","sticky":false,"template":"","format":"standard","meta":{"fifu_image_url":"","fifu_image_alt":"","footnotes":""},"categories":[73,54],"tags":[],"class_list":["post-93032","post","type-post","status-publish","format-standard","has-post-thumbnail","hentry","category-actualite","category-maroc"],"_links":{"self":[{"href":"https:\/\/linitiative.ca\/International\/wp-json\/wp\/v2\/posts\/93032","targetHints":{"allow":["GET"]}}],"collection":[{"href":"https:\/\/linitiative.ca\/International\/wp-json\/wp\/v2\/posts"}],"about":[{"href":"https:\/\/linitiative.ca\/International\/wp-json\/wp\/v2\/types\/post"}],"author":[{"embeddable":true,"href":"https:\/\/linitiative.ca\/International\/wp-json\/wp\/v2\/users\/1759"}],"replies":[{"embeddable":true,"href":"https:\/\/linitiative.ca\/International\/wp-json\/wp\/v2\/comments?post=93032"}],"version-history":[{"count":0,"href":"https:\/\/linitiative.ca\/International\/wp-json\/wp\/v2\/posts\/93032\/revisions"}],"wp:featuredmedia":[{"embeddable":true,"href":"https:\/\/linitiative.ca\/International\/wp-json\/"}],"wp:attachment":[{"href":"https:\/\/linitiative.ca\/International\/wp-json\/wp\/v2\/media?parent=93032"}],"wp:term":[{"taxonomy":"category","embeddable":true,"href":"https:\/\/linitiative.ca\/International\/wp-json\/wp\/v2\/categories?post=93032"},{"taxonomy":"post_tag","embeddable":true,"href":"https:\/\/linitiative.ca\/International\/wp-json\/wp\/v2\/tags?post=93032"}],"curies":[{"name":"wp","href":"https:\/\/api.w.org\/{rel}","templated":true}]}}