{"id":93034,"date":"2020-07-21T11:22:49","date_gmt":"2020-07-21T15:22:49","guid":{"rendered":"https:\/\/linitiative.ca\/International\/hausse-de-33-des-livraisons-de-ciment-en-juin\/"},"modified":"2020-07-21T11:22:49","modified_gmt":"2020-07-21T15:22:49","slug":"hausse-de-33-des-livraisons-de-ciment-en-juin","status":"publish","type":"post","link":"https:\/\/linitiative.ca\/International\/hausse-de-33-des-livraisons-de-ciment-en-juin\/","title":{"rendered":"Hausse de 33% des livraisons de ciment en juin"},"content":{"rendered":"<p><img decoding=\"async\" class=\"post_layout_5_img\" src=\"https:\/\/aujourdhui.ma\/wp-content\/uploads\/2018\/02\/Vente-Ciment-1.jpg\" alt=\"Hausse de 33% des livraisons de ciment en juin\"\/><\/p>\n<p><span class=\"c6\"><span class=\"c5\"><strong>Les livraisons de ciment ont affich\u00e9 une hausse de 33% au cours du mois de juin .<\/strong><\/span><span id=\"more-351276\"\/><\/span><\/p>\n<p>C\u2019est ce qu\u2019indique la Direction des Etudes et des Pr\u00e9visions Financi\u00e8res (DEPF), relevant du minist\u00e8re de l\u2019Economie, des Finances et de la R\u00e9forme de l\u2019administration dans sa note de conjoncture de juillet. \u00ab Suite \u00e0 la d\u00e9cision du d\u00e9confinement progressif \u00e0 partir du 11 juin 2020, apr\u00e8s pr\u00e8s de trois mois de mesures restrictives en r\u00e9ponse \u00e0 la pand\u00e9mie du nouveau coronavirus , les livraisons de ciment ont marqu\u00e9 un rebond de +33% au cours du mois de juin 2020, portant le recul de ces livraisons au terme du premier semestre 2020 \u00e0 17,8% au lieu de -25,1% un mois plus t\u00f4t et +2,5% \u00e0 fin juin 2019 \u00bb, indique la DEPF.<\/p>\n<p>Cette croissance \u00e0 deux chiffres durant le mois de juin a concern\u00e9 l\u2019ensemble des segments de livraison, notamment la distribution (+27,8%), le B\u00e9ton Pr\u00eat \u00e0 l\u2019Emploi (+51,9%), l\u2019infrastructure (+68,7%), le pr\u00e9fabriqu\u00e9 (+30,5%) et le b\u00e2timent (+37,4%) .<\/p>\n<p>Ladite note fait \u00e9galement \u00e9tat d\u2019un repli des ventes de ciment de 8,9% au titre du premier trimestre 2020 et de 27,8% au terme du deuxi\u00e8me trimestre 2020.<\/p>\n<p>Par ailleurs, le ralentissement de la croissance de l\u2019encours des cr\u00e9dits accord\u00e9s au secteur de l\u2019immobilier se poursuit \u00e0 fin mai 2020, enregistrant une augmentation de 1%, apr\u00e8s +2% il y a un mois et +4,2% un an plus t\u00f4t, compte-tenu d\u2019une hausse de l\u2019encours des cr\u00e9dits allou\u00e9s \u00e0 l\u2019habitat de 1,1% (apr\u00e8s +2,2% et +5,7%) et de celui des cr\u00e9dits attribu\u00e9s \u00e0 la promotion immobili\u00e8re de 0,1% (apr\u00e8s -2,7% et -1,8%), rel\u00e8ve la DEPF.<\/p>\n<p>Auteur: ALM<br \/>\n<a href=\"https:\/\/aujourdhui.ma\/economie\/hausse-de-33-des-livraisons-de-ciment-en-juin\">Cliquez ici pour lire l&rsquo;article depuis sa source.<\/a><\/p>\n","protected":false},"excerpt":{"rendered":"<p>Les livraisons de ciment ont affich\u00e9 une hausse de 33% au cours du mois de juin . C\u2019est ce qu\u2019indique la Direction des Etudes et des Pr\u00e9visions Financi\u00e8res (DEPF), relevant du minist\u00e8re de l\u2019Economie, des Finances et de la R\u00e9forme de l\u2019administration dans sa note de conjoncture de juillet. \u00ab Suite \u00e0 la d\u00e9cision du [&hellip;]<\/p>\n","protected":false},"author":1759,"featured_media":93035,"comment_status":"closed","ping_status":"closed","sticky":false,"template":"","format":"standard","meta":{"fifu_image_url":"","fifu_image_alt":"","footnotes":""},"categories":[73,54],"tags":[],"class_list":["post-93034","post","type-post","status-publish","format-standard","has-post-thumbnail","hentry","category-actualite","category-maroc"],"_links":{"self":[{"href":"https:\/\/linitiative.ca\/International\/wp-json\/wp\/v2\/posts\/93034","targetHints":{"allow":["GET"]}}],"collection":[{"href":"https:\/\/linitiative.ca\/International\/wp-json\/wp\/v2\/posts"}],"about":[{"href":"https:\/\/linitiative.ca\/International\/wp-json\/wp\/v2\/types\/post"}],"author":[{"embeddable":true,"href":"https:\/\/linitiative.ca\/International\/wp-json\/wp\/v2\/users\/1759"}],"replies":[{"embeddable":true,"href":"https:\/\/linitiative.ca\/International\/wp-json\/wp\/v2\/comments?post=93034"}],"version-history":[{"count":0,"href":"https:\/\/linitiative.ca\/International\/wp-json\/wp\/v2\/posts\/93034\/revisions"}],"wp:featuredmedia":[{"embeddable":true,"href":"https:\/\/linitiative.ca\/International\/wp-json\/"}],"wp:attachment":[{"href":"https:\/\/linitiative.ca\/International\/wp-json\/wp\/v2\/media?parent=93034"}],"wp:term":[{"taxonomy":"category","embeddable":true,"href":"https:\/\/linitiative.ca\/International\/wp-json\/wp\/v2\/categories?post=93034"},{"taxonomy":"post_tag","embeddable":true,"href":"https:\/\/linitiative.ca\/International\/wp-json\/wp\/v2\/tags?post=93034"}],"curies":[{"name":"wp","href":"https:\/\/api.w.org\/{rel}","templated":true}]}}