{"id":93036,"date":"2020-07-21T10:39:09","date_gmt":"2020-07-21T14:39:09","guid":{"rendered":"https:\/\/linitiative.ca\/International\/%ef%bb%bfpres-dun-millier-dong-sahraouies-saluent-le-cadre-institutionnel-et-juridique-des-libertes-au-maroc\/"},"modified":"2020-07-21T10:39:09","modified_gmt":"2020-07-21T14:39:09","slug":"%ef%bb%bfpres-dun-millier-dong-sahraouies-saluent-le-cadre-institutionnel-et-juridique-des-libertes-au-maroc","status":"publish","type":"post","link":"https:\/\/linitiative.ca\/International\/%ef%bb%bfpres-dun-millier-dong-sahraouies-saluent-le-cadre-institutionnel-et-juridique-des-libertes-au-maroc\/","title":{"rendered":"\ufeffPr\u00e8s d\u2019un millier d\u2019ONG sahraouies saluent le cadre institutionnel et juridique des libert\u00e9s au Maroc"},"content":{"rendered":"<p class=\"has-text-color has-vivid-red-color c2\"><strong>Droits de l\u2019Homme<\/strong><\/p>\n<p class=\"has-text-color c3\"><strong>Quelque 925 ONG sahraouies actives dans les domaines des droits de l\u2019Homme et du d\u00e9veloppement au Sahara marocain ont soulign\u00e9 le \u00abcaract\u00e8re normal\u00bb de la situation des droits humains dans les provinces du Sud, saluant \u00abun espace de libert\u00e9\u00bb r\u00e9gi par un cadre institutionnel et juridique \u00e9volutif et cr\u00e9dible.<\/strong><\/p>\n<p>\u00abEn tant qu\u2019organisations sahraouies s\u2019activant librement sur leur sol et dans leur pays, le Maroc, nous soulignons le caract\u00e8re normal de la situation des droits de l\u2019homme au Sahara marocain\u00bb, ont affirm\u00e9 ces ONG dans une lettre adress\u00e9e \u00e0 la Haut-Commissaire des Nations Unies aux droits de l\u2019Homme, Michel Bachelet.<\/p>\n<p>\u00abCe qui est certain, c\u2019est que nous travaillons dans un contexte prometteur et \u00e9volutif et que nous disposons \u00e9galement d\u2019un espace de libert\u00e9 r\u00e9gi par un cadre juridique et institutionnel \u00e9volutif et cr\u00e9dible\u00bb, ont-t-elles ajout\u00e9.<\/p>\n<p>Ces 925 organisations de d\u00e9fense des droits de l\u2019Homme ont relev\u00e9 qu\u2019elles sont engag\u00e9es dans une interaction \u00e9troite et constructive avec le Conseil national des droits de l\u2019Homme (CNDH), en tant qu\u2019institution nationale en pleine conformit\u00e9 avec les Principes de Paris et qui dispose de commissions r\u00e9gionales op\u00e9rant sur le terrain.<\/p>\n<p>En effet, le CNDH et ses antennes r\u00e9gionales \u00abaccompagnent et soutiennent notre travail pour promouvoir la jouissance de tous les citoyens de leurs droits\u00bb, ont-t-elles expliqu\u00e9, mettant en avant l\u2019interaction positive avec leurs responsables nationaux, locaux et r\u00e9gionaux et leur volont\u00e9 sinc\u00e8re de promouvoir et de prot\u00e9ger les droits humains.<\/p>\n<p>Elles ont en outre d\u00e9nonc\u00e9 l\u2019adoption par le \u00abPolisario\u00bb, tout comme son parrain alg\u00e9rien, d\u2019une approche contradictoire sur la question des droits de l\u2019homme, qu\u2019ils l\u2019utilisent \u00e0 des fins politiques et n\u2019y voient qu\u2019un outil de propagande et de pression pour promouvoir leur projet s\u00e9paratiste.<\/p>\n<p>Tout en diffusant un discours de propagande offensif contre le Maroc et en promeuvant de fausses all\u00e9gations sur la situation des droits de l\u2019homme au Sahara marocain, le \u00abPolisario\u00bb et Alger s\u2019abstiennent paradoxalement de fournir les donn\u00e9es les plus basiques sur la situation des droits humains dans les camps de Tindouf.<\/p>\n<p>\u00abFaut-il croire que l\u2019Alg\u00e9rie et le Polisario sont plus conscients que nous, les ONG travaillant sur le terrain et vivant avec la population sahraouie, de la situation des droits de l\u2019homme au Sahara marocain? Est-il raisonnable d\u2019accepter, en retour, la jouissance de la population d\u00e9tenue dans les camps de Tindouf de tous leurs droits et libert\u00e9s?\u00bb, se demandent-elles.<\/p>\n<p>Les ONG sahraouies ont fait observer que \u00abtous ces \u00e9l\u00e9ments sont des preuves irr\u00e9futables que l\u2019attitude de l\u2019Alg\u00e9rie et le Polisario vis-\u00e0-vis de la question des droits de l\u2019homme est principalement motiv\u00e9e par des consid\u00e9rations de propagande et de pression politique dans le contexte du conflit r\u00e9gional autour du Sahara marocain\u00bb.<\/p>\n<p>La lettre regrette que les autres parties au conflit \u00abn\u2019h\u00e9sitent pas \u00e0 multiplier les tentatives de d\u00e9stabilisation de nos provinces du sud en manipulant certains de nos jeunes pour les pousser \u00e0 une confrontation violente avec les forces de s\u00e9curit\u00e9, afin qu\u2019elles puissent les utiliser dans de sordides campagnes m\u00e9diatiques exploitant la libert\u00e9 d\u2019expression et de mouvement \u00e0 l\u2019int\u00e9rieur et \u00e0 l\u2019ext\u00e9rieur du pays \u2013 sans aucun obstacle \u2013 dont jouissent tous les Sahraouis dans leur pays, le Maroc\u00bb.<\/p>\n<p>Ces ONG ont aussi attir\u00e9 l\u2019attention de la Haut-Commissaire sur le fait qu\u2019elle avait, elle-m\u00eame, rencontr\u00e9 les partisans du \u00abPolisario\u00bb qui se rendent avec des passeports marocains \u00e0 Gen\u00e8ve o\u00f9 ils organisent leurs activit\u00e9s hostiles au Royaume avant de rejoindre le territoire national sans aucun harc\u00e8lement.<\/p>\n<p>Elles se demandent dans ce contexte: \u00abCombien d\u2019opposants de l\u2019int\u00e9rieur des camps de Tindouf ont-ils eu l\u2019occasion de vous rencontrer et de retourner ensuite dans les camps?\u00bb.<\/p>\n<p>Elles ont aussi rappel\u00e9 qu\u2019en juillet 2018, le Comit\u00e9 des droits de l\u2019homme avait exprim\u00e9 sa pr\u00e9occupation devant le m\u00e9pris de l\u2019Alg\u00e9rie de ses obligations et responsabilit\u00e9s conform\u00e9ment aux exigences des droits de l\u2019Homme internationaux et du droit international humanitaire, en pla\u00e7ant ses pouvoirs judiciaires entre les mains du Polisario.<\/p>\n<p>Le Conseil des droits de l\u2019Homme (CDH) s\u2019est \u00e9galement dit pr\u00e9occup\u00e9 par l\u2019incapacit\u00e9 des victimes sahraouies de violations des droits de l\u2019homme dans les camps de Tindouf \u00e0 acc\u00e9der \u00e0 des recours et \u00e0 la justice devant les tribunaux de l\u2019\u00c9tat partie, a ajout\u00e9 la lettre.<\/p>\n<p>Les ONG ont qualifi\u00e9 d\u2019\u00bbanomalie\u00bb le fait de maintenir des milliers de personnes isol\u00e9es du monde ext\u00e9rieur pendant plus de 45 ans, regrettant que les s\u00e9questr\u00e9s dans les camps de Tindouf soient laiss\u00e9s \u00e0 la merci d\u2019un acteur non gouvernemental qui exerce son emprise sur ces personnes en toute impunit\u00e9, par le biais de milices arm\u00e9es qui commettent toutes les formes des violations des droits humains \u00e0 l\u2019encontre d\u2019une population \u00abvuln\u00e9rable et coinc\u00e9e dans un no man\u2019s land\u00bb.<\/p>\n<p>La lettre a fait remarquer que les t\u00e9moignages de survivants sahraouis ont fait \u00e9tat de milliers de victimes \u00e0 la suite d\u2019ex\u00e9cutions sommaires et extrajudiciaires, d\u2019arrestations arbitraires et de disparitions forc\u00e9es, de tortures et de viols, qui ont touch\u00e9 des hommes, des femmes et m\u00eame des enfants par les milices des s\u00e9paratistes.<\/p>\n<p>Les organisations de d\u00e9fense des droits de l\u2019homme ont consid\u00e9r\u00e9 que les pr\u00e9textes fournis par l\u2019Alg\u00e9rie pour justifier la renonciation ill\u00e9gale \u00e0 sa juridiction sont \u00abjuridiquement et moralement inacceptables\u00bb, \u00e9tant donn\u00e9 que la responsabilit\u00e9 de garantir le respect et la protection des droits de l\u2019homme incombe, conform\u00e9ment au droit international, \u00e0 l\u2019\u00c9tat partie et non aux acteurs non \u00e9tatiques.<\/p>\n<p>Elles ont rappel\u00e9 qu\u2019aucun d\u00e9positaire de mandat au titre des proc\u00e9dures sp\u00e9ciales et qui se sont rendus \u00e0 l\u2019Alg\u00e9rie n\u2019avait auparavant visit\u00e9 les camps, ajoutant que les organisations internationales ind\u00e9pendantes sont emp\u00each\u00e9es d\u2019y acc\u00e9der. \u00abSeules celles qui adoptent des positions en faveur de l\u2019Alg\u00e9rie et du Polisario sont autoris\u00e9es \u00e0 se rendre aux camps\u00bb, ont-t-elles dit.<\/p>\n<p>Elles ont aussi soulign\u00e9 que \u00abla v\u00e9rit\u00e9 sur le terrain ne se mesure ni par l\u2019ampleur de la propagande ni par la prolif\u00e9ration des all\u00e9gations qui sont promues au sein des m\u00e9canismes internationaux des droits de l\u2019homme afin d\u2019influencer, ou plut\u00f4t d\u2019induire en erreur l\u2019opinion publique\u00bb.<\/p>\n<p>En conclusion, ces ONG sahraouies ont r\u00e9it\u00e9r\u00e9 leur plein soutien \u00e0 la proposition d\u2019autonomie pr\u00e9sent\u00e9e par le Maroc \u00aben tant que solution \u00e0 m\u00eame de mettre fin \u00e0 ce conflit artificiel entre fr\u00e8res et garantir notre dignit\u00e9 et notre libert\u00e9\u00bb, demandant \u00e0 la Haut-Commissaire de communiquer leurs observations au CDH et au SG de l\u2019ONU.<\/p>\n<p>Auteur: M&rsquo;hammed rahal<br \/>\n<a href=\"http:\/\/albayane.press.ma\/%EF%BB%BFpres-dun-millier-dong-sahraouies-saluent-le-cadre-institutionnel-et-juridique-des-libertes-au-maroc.html\">Cliquez ici pour lire l&rsquo;article depuis sa source.<\/a><\/p>\n","protected":false},"excerpt":{"rendered":"<p>Droits de l\u2019Homme Quelque 925 ONG sahraouies actives dans les domaines des droits de l\u2019Homme et du d\u00e9veloppement au Sahara marocain ont soulign\u00e9 le \u00abcaract\u00e8re normal\u00bb de la situation des droits humains dans les provinces du Sud, saluant \u00abun espace de libert\u00e9\u00bb r\u00e9gi par un cadre institutionnel et juridique \u00e9volutif et cr\u00e9dible. \u00abEn tant qu\u2019organisations [&hellip;]<\/p>\n","protected":false},"author":1760,"featured_media":0,"comment_status":"closed","ping_status":"closed","sticky":false,"template":"","format":"standard","meta":{"fifu_image_url":"","fifu_image_alt":"","footnotes":""},"categories":[73,54],"tags":[],"class_list":["post-93036","post","type-post","status-publish","format-standard","hentry","category-actualite","category-maroc"],"_links":{"self":[{"href":"https:\/\/linitiative.ca\/International\/wp-json\/wp\/v2\/posts\/93036","targetHints":{"allow":["GET"]}}],"collection":[{"href":"https:\/\/linitiative.ca\/International\/wp-json\/wp\/v2\/posts"}],"about":[{"href":"https:\/\/linitiative.ca\/International\/wp-json\/wp\/v2\/types\/post"}],"author":[{"embeddable":true,"href":"https:\/\/linitiative.ca\/International\/wp-json\/wp\/v2\/users\/1760"}],"replies":[{"embeddable":true,"href":"https:\/\/linitiative.ca\/International\/wp-json\/wp\/v2\/comments?post=93036"}],"version-history":[{"count":0,"href":"https:\/\/linitiative.ca\/International\/wp-json\/wp\/v2\/posts\/93036\/revisions"}],"wp:attachment":[{"href":"https:\/\/linitiative.ca\/International\/wp-json\/wp\/v2\/media?parent=93036"}],"wp:term":[{"taxonomy":"category","embeddable":true,"href":"https:\/\/linitiative.ca\/International\/wp-json\/wp\/v2\/categories?post=93036"},{"taxonomy":"post_tag","embeddable":true,"href":"https:\/\/linitiative.ca\/International\/wp-json\/wp\/v2\/tags?post=93036"}],"curies":[{"name":"wp","href":"https:\/\/api.w.org\/{rel}","templated":true}]}}