{"id":93041,"date":"2020-07-21T11:17:30","date_gmt":"2020-07-21T15:17:30","guid":{"rendered":"https:\/\/linitiative.ca\/International\/%ef%bb%bfque-risque-t-on-a-voyager-sans-sassurer-de-respecter-les-mesures-de-securite\/"},"modified":"2020-07-21T11:17:30","modified_gmt":"2020-07-21T15:17:30","slug":"%ef%bb%bfque-risque-t-on-a-voyager-sans-sassurer-de-respecter-les-mesures-de-securite","status":"publish","type":"post","link":"https:\/\/linitiative.ca\/International\/%ef%bb%bfque-risque-t-on-a-voyager-sans-sassurer-de-respecter-les-mesures-de-securite\/","title":{"rendered":"\ufeffQue risque-t-on \u00e0 voyager sans s\u2019assurer de respecter les mesures de s\u00e9curit\u00e9?"},"content":{"rendered":"<p class=\"has-text-color has-vivid-red-color c2\"><strong>Chemins de fer<\/strong><\/p>\n<p class=\"c3\"><strong>Karim Ben Amar<\/strong><\/p>\n<p class=\"has-text-color has-vivid-cyan-blue-color\"><strong>L\u2019\u00e9tat d\u2019urgence sanitaire est toujours d\u2019actualit\u00e9 au Maroc et ne sera lev\u00e9 que le lundi 10 ao\u00fbt \u00e0 18H. Cette situation in\u00e9dite permet aux autorit\u00e9s comp\u00e9tentes de prendre toutes les mesures n\u00e9cessaires pour pr\u00e9server l\u2019ordre public et la sant\u00e9 de la population. \u00c0 cet effet, les forces de l\u2019ordre sont sur le qui-vive et s\u2019assurent, dans tous les recoins du royaume, que les mesures de s\u00e9curit\u00e9 sanitaire sont dument respect\u00e9es. Etre en possession de sa pi\u00e8ce d\u2019identit\u00e9, porter le masque de protection et veiller \u00e0 appliquer les gestes barri\u00e8res est la responsabilit\u00e9 de tous citoyens et r\u00e9sidents. \u00c0 d\u00e9faut, les contrevenants sont de facto sanctionn\u00e9s.<\/strong><\/p>\n<p>L\u2019\u00e9tat d\u2019urgence sanitaire est toujours appliqu\u00e9, et cela, dans tout le pays. Ainsi, les personnes qui ne respectent pas scrupuleusement les indications des autorit\u00e9s sanitaires risquent fortuitement une amende.<\/p>\n<p>Aussi, pour prendre le train afin de se d\u00e9placer entre les villes, il faut imp\u00e9rativement \u00eatre muni d\u2019une pi\u00e8ce d\u2019identit\u00e9 pour pouvoir acheter un billet. Dans le cas contraire, la vente ne peut avoir lieu, \u00e9tat d\u2019urgence sanitaire oblige.<\/p>\n<p>Apr\u00e8s un week-end en famille \u00e0 la plage, Issam, 28 ans, a d\u00e9cid\u00e9 de regagner sa ville de r\u00e9sidence\u00a0: Casablanca. Pour cela, il s\u2019est rendu \u00e0 la gare de Temara pour acheter un billet de train. L\u2019agent lui a r\u00e9clam\u00e9 sa pi\u00e8ce d\u2019identit\u00e9, mais ne l\u2019ayant pas, il a communiqu\u00e9 son num\u00e9ro de CIN, ainsi que toutes les informations r\u00e9pertori\u00e9es.<\/p>\n<p>Pendant un bref arr\u00eat dans la gare de train de Bouznika, la police a investi les wagons de la navette, s\u2019assurant que tous les voyageurs respectent les mesures de s\u00e9curit\u00e9 sanitaire. Toute personne ne portant pas le masque de protection est contrainte de payer une amende.<\/p>\n<p>Ayant \u00e9gar\u00e9 son masque, Issam \u00e9tait dans l\u2019incapacit\u00e9 de le pr\u00e9senter aux forces de l\u2019ordre, ce qui \u00e9quivaut en temps de pand\u00e9mie, \u00e0 une amende de 300 Dhs. \u00abJ\u2019\u00e9tais dans l\u2019obligation de payer l\u2019amende. Dans le cas contraire, je risquais une nuit au poste de police\u00bb. Et d\u2019ajouter, \u00abapr\u00e8s avoir vers\u00e9 300 Dhs aux policiers, ils m\u2019ont remis un re\u00e7u de l\u2019amende\u00bb.<\/p>\n<p>\u00abLe pire, c\u2019est que depuis le d\u00e9but de l\u2019\u00e9tat d\u2019urgence sanitaire, j\u2019ai toujours \u00e9t\u00e9 tr\u00e8s \u00e0 cheval sur le port du masque de protection, la seule fois o\u00f9 j\u2019ai \u00e9t\u00e9 contr\u00f4l\u00e9, je me suis coltin\u00e9 une amende\u00bb, ajoute-t-il le sourire aux l\u00e8vres.<\/p>\n<p>\u00abLe pire c\u2019est qu\u2019en arrivant \u00e0 Casablanca, j\u2019ai retrouv\u00e9 mon masque. Mais le positif dans cette histoire, est que le pays prend tr\u00e8s au s\u00e9rieux cette menace plan\u00e9taire. Aussi, je ne risque plus de me faire prendre pour d\u00e9faut de port de masque de protection\u00bb, conclut-il l\u2019air amus\u00e9.<\/p>\n<p>Une nouvelle preuve que pour changer les mauvaises habitudes, le meilleur moyen est de toucher au portefeuille.<\/p>\n<p>Auteur: M&rsquo;hammed rahal<br \/>\n<a href=\"http:\/\/albayane.press.ma\/%EF%BB%BFque-risque-t-on-a-voyager-sans-sassurer-de-respecter-les-mesures-de-securite.html\">Cliquez ici pour lire l&rsquo;article depuis sa source.<\/a><\/p>\n","protected":false},"excerpt":{"rendered":"<p>Chemins de fer Karim Ben Amar L\u2019\u00e9tat d\u2019urgence sanitaire est toujours d\u2019actualit\u00e9 au Maroc et ne sera lev\u00e9 que le lundi 10 ao\u00fbt \u00e0 18H. Cette situation in\u00e9dite permet aux autorit\u00e9s comp\u00e9tentes de prendre toutes les mesures n\u00e9cessaires pour pr\u00e9server l\u2019ordre public et la sant\u00e9 de la population. \u00c0 cet effet, les forces de l\u2019ordre [&hellip;]<\/p>\n","protected":false},"author":1760,"featured_media":0,"comment_status":"closed","ping_status":"closed","sticky":false,"template":"","format":"standard","meta":{"fifu_image_url":"","fifu_image_alt":"","footnotes":""},"categories":[73,54],"tags":[],"class_list":["post-93041","post","type-post","status-publish","format-standard","hentry","category-actualite","category-maroc"],"_links":{"self":[{"href":"https:\/\/linitiative.ca\/International\/wp-json\/wp\/v2\/posts\/93041","targetHints":{"allow":["GET"]}}],"collection":[{"href":"https:\/\/linitiative.ca\/International\/wp-json\/wp\/v2\/posts"}],"about":[{"href":"https:\/\/linitiative.ca\/International\/wp-json\/wp\/v2\/types\/post"}],"author":[{"embeddable":true,"href":"https:\/\/linitiative.ca\/International\/wp-json\/wp\/v2\/users\/1760"}],"replies":[{"embeddable":true,"href":"https:\/\/linitiative.ca\/International\/wp-json\/wp\/v2\/comments?post=93041"}],"version-history":[{"count":0,"href":"https:\/\/linitiative.ca\/International\/wp-json\/wp\/v2\/posts\/93041\/revisions"}],"wp:attachment":[{"href":"https:\/\/linitiative.ca\/International\/wp-json\/wp\/v2\/media?parent=93041"}],"wp:term":[{"taxonomy":"category","embeddable":true,"href":"https:\/\/linitiative.ca\/International\/wp-json\/wp\/v2\/categories?post=93041"},{"taxonomy":"post_tag","embeddable":true,"href":"https:\/\/linitiative.ca\/International\/wp-json\/wp\/v2\/tags?post=93041"}],"curies":[{"name":"wp","href":"https:\/\/api.w.org\/{rel}","templated":true}]}}