{"id":93044,"date":"2020-07-21T08:00:13","date_gmt":"2020-07-21T12:00:13","guid":{"rendered":"https:\/\/linitiative.ca\/International\/le-forum-des-affaires-allemagne-afrique-gabf-organisera-un-webinaire-sur-la-conclusion-daccords-apres-covid-19\/"},"modified":"2020-07-21T08:00:13","modified_gmt":"2020-07-21T12:00:13","slug":"le-forum-des-affaires-allemagne-afrique-gabf-organisera-un-webinaire-sur-la-conclusion-daccords-apres-covid-19","status":"publish","type":"post","link":"https:\/\/linitiative.ca\/International\/le-forum-des-affaires-allemagne-afrique-gabf-organisera-un-webinaire-sur-la-conclusion-daccords-apres-covid-19\/","title":{"rendered":"Le Forum des affaires Allemagne-Afrique (GABF) organisera un webinaire sur la conclusion d\u2019accords apr\u00e8s Covid-19"},"content":{"rendered":"<table class=\"c2\">\n<tbody>\n<tr>\n<td><strong>Le Forum des affaires Allemagne-Afrique (GABF) organisera un webinaire sur la conclusion d\u2019accords apr\u00e8s Covid-19<\/strong><\/td>\n<\/tr>\n<tr>\n<td><strong><em>L\u2019\u00e9v\u00e9nement explorera les accords qui devraient fa\u00e7onner les relations \u00e9conomiques et commerciales germano-africaines post-Covid-19<\/em><\/strong><\/td>\n<\/tr>\n<tr>\n<td>BERLIN, Allemagne, 21 juillet 2020\/ \u2014 Alors que Covid-19 a frapp\u00e9 tr\u00e8s durement les march\u00e9s mondiaux, les \u00e9conomies africaines font preuve d\u2019une plus grande r\u00e9silience que d\u2019autres. Sur les 37 pays qui \u00e9chappent \u00e0 la r\u00e9cession cette ann\u00e9e, 22 sont Africains selon les derni\u00e8res pr\u00e9visions du FMI. Apr\u00e8s le Covid-19, l\u2019Afrique restera la r\u00e9gion \u00e0 la croissance la plus rapide au monde, et une r\u00e9gion o\u00f9 un nouveau monde signifie \u00e9galement de nouvelles affaires. Les entreprises allemandes ont de plus en plus r\u00e9ussi \u00e0 faire des affaires en Afrique ces derniers temps, et les opportunit\u00e9s pour le secteur priv\u00e9 et public allemand ne feront que cro\u00eetre \u00e0 mesure que l\u2019Afrique construira des mix \u00e9nerg\u00e9tiques durables et plus propres dans un monde post-Covid-19.<\/p>\n<p>Pour explorer les opportunit\u00e9s offertes aux entreprises allemandes dans cette Afrique en mutation, le Forum des affaires Allemagne-Afrique (GABF) organisera un webinaire exclusif en coop\u00e9ration avec Africa Oil &amp; Power le 6 ao\u00fbt 2020 \u00e0 16 heures (heure standard de l\u2019Afrique du Sud). L\u2019\u00e9v\u00e9nement explorera les accords qui devraient fa\u00e7onner les relations \u00e9conomiques et commerciales germano-africaines post-Covid-19. Les principaux participants confirm\u00e9s comprennent, entre autres, NJ Ayuk, pr\u00e9sident de la Chambre africaine de l\u2019\u00e9nergie et PDG du Centurion Law Group ; Sebastian Wagner, co-fondateur du GABF et directeur ex\u00e9cutif de DMWA Resources ; et Tim Gengnagel, Deal Accelerator au sein du Rwanda Development Boar.<\/p>\n<p>\u00ab Covid-19 nous a montr\u00e9 \u00e0 quelle vitesse le monde peut \u00eatre paralys\u00e9 et \u00e0 quel point l\u2019\u00e9conomie mondiale actuelle est fragile. En ces temps de crise, il est particuli\u00e8rement important de faire preuve de solidarit\u00e9 et de lutter ensemble contre le virus \u00bb, a d\u00e9clar\u00e9 Sebastian Wagner, co-fondateur du GABF. \u00ab N\u00e9anmoins, la crise ne doit pas \u00eatre consid\u00e9r\u00e9e sous un jour purement n\u00e9gatif. Elle nous permet de prendre le temps d\u2019une d\u00e9c\u00e9l\u00e9ration pour r\u00e9fl\u00e9chir aux erreurs du pass\u00e9 et ainsi jeter les bases d\u2019un r\u00e9seau plus stable entre l\u2019Allemagne et l\u2019Afrique \u00bb, a-t-il ajout\u00e9.<\/p>\n<p>Le webinaire mettra un accent particulier sur la num\u00e9risation et la transition \u00e9nerg\u00e9tique, deux piliers majeurs sur lesquels la coop\u00e9ration \u00e9conomique et des investissements entre l\u2019Allemagne et l\u2019Afrique devrait se d\u00e9velopper \u00e0 l\u2019avenir.<\/p>\n<p>Inscrivez-vous au webinaire ici:\u00a0<a href=\"https:\/\/bit.ly\/3jpNW9f\" data-saferedirecturl=\"https:\/\/www.google.com\/url?q=https:\/\/bit.ly\/3jpNW9f&amp;source=gmail&amp;ust=1595418255924000&amp;usg=AFQjCNGww8ha7vMDsN5_-euw-Tt52V_N9A\">https:\/\/bit.ly\/3jpNW9f<\/a><\/p>\n<p>Date et heure : 6 ao\u00fbt 2020 \u00e0 16h, heure standard de l\u2019Afrique du Sud<\/p>\n<p><em>Distribu\u00e9 par APO Group pour Germany-Africa Business Forum (GABF).<\/em><\/p>\n<p><a href=\"https:\/\/africa-newsroom.com\/press\/media\/germanyafrica-business-forum-gabf-to-host-a-webinar-on-making-deals-post-covid19?lang=fr\" data-saferedirecturl=\"https:\/\/www.google.com\/url?q=https:\/\/africa-newsroom.com\/press\/media\/germanyafrica-business-forum-gabf-to-host-a-webinar-on-making-deals-post-covid19?lang%3Dfr&amp;source=gmail&amp;ust=1595418255924000&amp;usg=AFQjCNEtwnN2elH_8kcOCv5utILRhVexcw\">Voir le contenu multim\u00e9dia<\/a><\/p>\n<p><strong>\u00c0 propos du Forum des affaires Allemagne Afrique :<\/strong><br \/>Le\u00a0<em>Germany Africa Business Forum<\/em>\u00a0(GABF) (<a href=\"http:\/\/www.germanyafrica.com\/\" data-saferedirecturl=\"https:\/\/www.google.com\/url?q=http:\/\/www.GermanyAfrica.com&amp;source=gmail&amp;ust=1595418255924000&amp;usg=AFQjCNHg4dPdaABlF1n8Z25OIqAI38m3XA\">www.GermanyAfrica.com<\/a>) est un groupe de r\u00e9flexion priv\u00e9 dont le but est de renforcer les liens d\u2019investissement entre l\u2019Allemagne et l\u2019Afrique. En tant que \u00ab priv\u00e9 pour les particuliers \u00bb, le GABF encourage les investisseurs allemands \u00e0 consid\u00e9rer le continent africain comme une destination d\u2019investissement rentable et importante.<\/p>\n<p class=\"c1\"><strong>SOURCE<\/strong><br \/>Germany-Africa Business Forum (GABF)<\/p>\n<\/td>\n<\/tr>\n<\/tbody>\n<\/table>\n<div class=\"wp-post-author-wrap wp-post-author-shortcode left\">\n<h3 class=\"awpa-title\"\/>\n<div class=\"wp-post-author\">\n<div class=\"awpa-img awpa-author-block square\"><a href=\"http:\/\/lexpertjournal.net\/fr\/?author=5\"><img loading=\"lazy\" decoding=\"async\" alt=\"\" src=\"http:\/\/0.gravatar.com\/avatar\/97f8e10a1c1125ba104a76514ee07b16?s=150&amp;d=mm&amp;r=g\" srcset=\"http:\/\/0.gravatar.com\/avatar\/97f8e10a1c1125ba104a76514ee07b16?s=300&amp;d=mm&amp;r=g 2x\" class=\"avatar avatar-150 photo\" height=\"150\" width=\"150\"\/><\/a><\/div>\n<\/div>\n<\/div>\n<aside class=\"mashsb-container mashsb-main mashsb-stretched\">\n<\/aside>\n<p>Auteur: L&rsquo;expert<br \/>\n<a href=\"http:\/\/lexpertjournal.net\/fr\/?p=15807\">Cliquez ici pour lire l&rsquo;article depuis sa source.<\/a><\/p>\n","protected":false},"excerpt":{"rendered":"<p>Le Forum des affaires Allemagne-Afrique (GABF) organisera un webinaire sur la conclusion d\u2019accords apr\u00e8s Covid-19 L\u2019\u00e9v\u00e9nement explorera les accords qui devraient fa\u00e7onner les relations \u00e9conomiques et commerciales germano-africaines post-Covid-19 BERLIN, Allemagne, 21 juillet 2020\/ \u2014 Alors que Covid-19 a frapp\u00e9 tr\u00e8s durement les march\u00e9s mondiaux, les \u00e9conomies africaines font preuve d\u2019une plus grande r\u00e9silience que [&hellip;]<\/p>\n","protected":false},"author":1775,"featured_media":0,"comment_status":"closed","ping_status":"closed","sticky":false,"template":"","format":"standard","meta":{"fifu_image_url":"","fifu_image_alt":"","footnotes":""},"categories":[78,55],"tags":[],"class_list":["post-93044","post","type-post","status-publish","format-standard","hentry","category-economie","category-tunisie"],"_links":{"self":[{"href":"https:\/\/linitiative.ca\/International\/wp-json\/wp\/v2\/posts\/93044","targetHints":{"allow":["GET"]}}],"collection":[{"href":"https:\/\/linitiative.ca\/International\/wp-json\/wp\/v2\/posts"}],"about":[{"href":"https:\/\/linitiative.ca\/International\/wp-json\/wp\/v2\/types\/post"}],"author":[{"embeddable":true,"href":"https:\/\/linitiative.ca\/International\/wp-json\/wp\/v2\/users\/1775"}],"replies":[{"embeddable":true,"href":"https:\/\/linitiative.ca\/International\/wp-json\/wp\/v2\/comments?post=93044"}],"version-history":[{"count":0,"href":"https:\/\/linitiative.ca\/International\/wp-json\/wp\/v2\/posts\/93044\/revisions"}],"wp:attachment":[{"href":"https:\/\/linitiative.ca\/International\/wp-json\/wp\/v2\/media?parent=93044"}],"wp:term":[{"taxonomy":"category","embeddable":true,"href":"https:\/\/linitiative.ca\/International\/wp-json\/wp\/v2\/categories?post=93044"},{"taxonomy":"post_tag","embeddable":true,"href":"https:\/\/linitiative.ca\/International\/wp-json\/wp\/v2\/tags?post=93044"}],"curies":[{"name":"wp","href":"https:\/\/api.w.org\/{rel}","templated":true}]}}