{"id":93047,"date":"2020-07-21T10:50:00","date_gmt":"2020-07-21T14:50:00","guid":{"rendered":"https:\/\/linitiative.ca\/International\/la-mort-dun-algerien-en-belgique-suscite-la-colere-des-internautes\/"},"modified":"2020-07-21T10:50:00","modified_gmt":"2020-07-21T14:50:00","slug":"la-mort-dun-algerien-en-belgique-suscite-la-colere-des-internautes","status":"publish","type":"post","link":"https:\/\/linitiative.ca\/International\/la-mort-dun-algerien-en-belgique-suscite-la-colere-des-internautes\/","title":{"rendered":"La mort d\u2019un alg\u00e9rien en Belgique suscite la col\u00e8re des internautes"},"content":{"rendered":"<div id=\"originalText\" readability=\"61.154952076677\">\n<p class=\"c6\">La mort d\u2019alg\u00e9rien, \u00e2g\u00e9 de 29 ans en Belgique a suscit\u00e9 le d\u00e9sarroi de nombreuses personnes sur le web, qui ont exprim\u00e9 leur col\u00e8re.<\/p>\n<p class=\"c6\">Ce jeune homme, se pr\u00e9nommant Akram, et dont l&rsquo;interpellation a \u00e9t\u00e9 film\u00e9e se \u00ab\u00a0comportait de fa\u00e7on agressive dans un caf\u00e9 dimanche \u00e0 la mi-journ\u00e9e\u00a0\u00bb, a d\u00e9clar\u00e9 \u00e0 l&rsquo;AFP un porte-parole de la police d&rsquo;Anvers, Sven Lommaert. Selon la presse locale, il a \u00e9t\u00e9 aussit\u00f4t r\u00e9anim\u00e9 par les ambulanciers et \u00ab\u00a0transport\u00e9 dans un \u00e9tat critique \u00e0 l\u2019h\u00f4pital, o\u00f9 malgr\u00e9 une intervention, il est d\u00e9c\u00e9d\u00e9 entre 21 h et 22 h\u00a0\u00bb, a pr\u00e9cis\u00e9 le m\u00eame porte-parole de la police.<\/p>\n<p class=\"c6\">Les images diffus\u00e9es sur les r\u00e9seaux sociaux de l\u2019homme mis \u00e0 terre par des policiers font le tour du web, avec comme hashtag \u00ab #murderinantwerp \u00bb (meurtre \u00e0 Anvers) et \u00ab #justiceforAkram \u00bb. Cette mort survient deux mois apr\u00e8s celle de George Floyd, un Noir mort asphyxi\u00e9 par un policier blanc lors de son arrestation, aux \u00c9tats-Unis.<\/p>\n<p class=\"c6\">Ce d\u00e9c\u00e8s a fait r\u00e9agir l\u2019ambassadeur d\u2019Alg\u00e9rie en Belgique, Amar Belani, qui a d\u00e9clar\u00e9 qu\u2019il \u00e9tait \u00ab\u00a0difficile de se prononcer sur l\u2019intervention des agents de police ainsi que sur les conditions exactes dans lesquelles s\u2019est d\u00e9roul\u00e9e l\u2019arrestation de notre jeune compatriote Akram\u00a0\u00bb. Il a par ailleurs ajout\u00e9 qu\u2019\u00ab\u00a0une enqu\u00eate judiciaire a \u00e9t\u00e9 ouverte par le parquet pour d\u00e9terminer les causes exactes du d\u00e9c\u00e8s ainsi que les circonstances dans lesquelles cette intervention polici\u00e8re est intervenue \u00bb. Tout en pr\u00e9cisant\u00a0que \u00ab\u00a0des contacts sont en cours avec le minist\u00e8re public pour obtenir les premi\u00e8res informations officielles \u00e0 ce sujet\u00a0\u00bb.<\/p>\n<p class=\"c7\"><strong>Im\u00e8ne AMOKRANE<\/strong><\/p>\n<\/div>\n<div id=\"text_core\" readability=\"61.154952076677\">\n<p class=\"c6\">La mort d\u2019alg\u00e9rien, \u00e2g\u00e9 de 29 ans en Belgique a suscit\u00e9 le d\u00e9sarroi de nombreuses personnes sur le web, qui ont exprim\u00e9 leur col\u00e8re.<\/p>\n<p class=\"c6\">Ce jeune homme, se pr\u00e9nommant Akram, et dont l&rsquo;interpellation a \u00e9t\u00e9 film\u00e9e se \u00ab\u00a0comportait de fa\u00e7on agressive dans un caf\u00e9 dimanche \u00e0 la mi-journ\u00e9e\u00a0\u00bb, a d\u00e9clar\u00e9 \u00e0 l&rsquo;AFP un porte-parole de la police d&rsquo;Anvers, Sven Lommaert. Selon la presse locale, il a \u00e9t\u00e9 aussit\u00f4t r\u00e9anim\u00e9 par les ambulanciers et \u00ab\u00a0transport\u00e9 dans un \u00e9tat critique \u00e0 l\u2019h\u00f4pital, o\u00f9 malgr\u00e9 une intervention, il est d\u00e9c\u00e9d\u00e9 entre 21 h et 22 h\u00a0\u00bb, a pr\u00e9cis\u00e9 le m\u00eame porte-parole de la police.<\/p>\n<p class=\"c6\">Les images diffus\u00e9es sur les r\u00e9seaux sociaux de l\u2019homme mis \u00e0 terre par des policiers font le tour du web, avec comme hashtag \u00ab #murderinantwerp \u00bb (meurtre \u00e0 Anvers) et \u00ab #justiceforAkram \u00bb. Cette mort survient deux mois apr\u00e8s celle de George Floyd, un Noir mort asphyxi\u00e9 par un policier blanc lors de son arrestation, aux \u00c9tats-Unis.<\/p>\n<p class=\"c6\">Ce d\u00e9c\u00e8s a fait r\u00e9agir l\u2019ambassadeur d\u2019Alg\u00e9rie en Belgique, Amar Belani, qui a d\u00e9clar\u00e9 qu\u2019il \u00e9tait \u00ab\u00a0difficile de se prononcer sur l\u2019intervention des agents de police ainsi que sur les conditions exactes dans lesquelles s\u2019est d\u00e9roul\u00e9e l\u2019arrestation de notre jeune compatriote Akram\u00a0\u00bb. Il a par ailleurs ajout\u00e9 qu\u2019\u00ab\u00a0une enqu\u00eate judiciaire a \u00e9t\u00e9 ouverte par le parquet pour d\u00e9terminer les causes exactes du d\u00e9c\u00e8s ainsi que les circonstances dans lesquelles cette intervention polici\u00e8re est intervenue \u00bb. Tout en pr\u00e9cisant\u00a0que \u00ab\u00a0des contacts sont en cours avec le minist\u00e8re public pour obtenir les premi\u00e8res informations officielles \u00e0 ce sujet\u00a0\u00bb.<\/p>\n<p class=\"c7\"><strong>Im\u00e8ne AMOKRANE<\/strong><\/p>\n<\/div>\n<p>Auteur:<br \/>\n<a href=\"https:\/\/www.liberte-algerie.com\/actualite\/la-mort-dun-algerien-en-belgique-suscite-la-colere-des-internautes-342487\">Cliquez ici pour lire l&rsquo;article depuis sa source.<\/a><\/p>\n","protected":false},"excerpt":{"rendered":"<p>La mort d\u2019alg\u00e9rien, \u00e2g\u00e9 de 29 ans en Belgique a suscit\u00e9 le d\u00e9sarroi de nombreuses personnes sur le web, qui ont exprim\u00e9 leur col\u00e8re. Ce jeune homme, se pr\u00e9nommant Akram, et dont l&rsquo;interpellation a \u00e9t\u00e9 film\u00e9e se \u00ab\u00a0comportait de fa\u00e7on agressive dans un caf\u00e9 dimanche \u00e0 la mi-journ\u00e9e\u00a0\u00bb, a d\u00e9clar\u00e9 \u00e0 l&rsquo;AFP un porte-parole de [&hellip;]<\/p>\n","protected":false},"author":1742,"featured_media":0,"comment_status":"closed","ping_status":"closed","sticky":false,"template":"","format":"standard","meta":{"fifu_image_url":"","fifu_image_alt":"","footnotes":""},"categories":[73,53],"tags":[],"class_list":["post-93047","post","type-post","status-publish","format-standard","hentry","category-actualite","category-algerie"],"_links":{"self":[{"href":"https:\/\/linitiative.ca\/International\/wp-json\/wp\/v2\/posts\/93047","targetHints":{"allow":["GET"]}}],"collection":[{"href":"https:\/\/linitiative.ca\/International\/wp-json\/wp\/v2\/posts"}],"about":[{"href":"https:\/\/linitiative.ca\/International\/wp-json\/wp\/v2\/types\/post"}],"author":[{"embeddable":true,"href":"https:\/\/linitiative.ca\/International\/wp-json\/wp\/v2\/users\/1742"}],"replies":[{"embeddable":true,"href":"https:\/\/linitiative.ca\/International\/wp-json\/wp\/v2\/comments?post=93047"}],"version-history":[{"count":0,"href":"https:\/\/linitiative.ca\/International\/wp-json\/wp\/v2\/posts\/93047\/revisions"}],"wp:attachment":[{"href":"https:\/\/linitiative.ca\/International\/wp-json\/wp\/v2\/media?parent=93047"}],"wp:term":[{"taxonomy":"category","embeddable":true,"href":"https:\/\/linitiative.ca\/International\/wp-json\/wp\/v2\/categories?post=93047"},{"taxonomy":"post_tag","embeddable":true,"href":"https:\/\/linitiative.ca\/International\/wp-json\/wp\/v2\/tags?post=93047"}],"curies":[{"name":"wp","href":"https:\/\/api.w.org\/{rel}","templated":true}]}}